{"id":1130,"date":"2018-02-22T20:58:59","date_gmt":"2018-02-22T19:58:59","guid":{"rendered":"http:\/\/www.pfadilandshut.ch\/wordpress\/?p=1130"},"modified":"2018-02-22T21:01:31","modified_gmt":"2018-02-22T20:01:31","slug":"fasnacht-3","status":"publish","type":"post","link":"https:\/\/www.pfadilandshut.ch\/wordpress\/?p=1130","title":{"rendered":"Fasnacht"},"content":{"rendered":"<p>Sch\u00f6n und laut war sie, die Fasnacht 2018 in B\u00e4tterkinden und Utzenstorf. Fleissige W\u00e4geler bauten einen supertollen Wagen und fleissige Fasn\u00e4chtler waren als Vampire das ganze Wochende voll mit dabei. Danke euch allen!<br \/>\n<a href=\"http:\/\/www.pfadilandshut.ch\/wordpress\/?attachment_id=1132#main\" rel=\"attachment wp-att-1132\"><img loading=\"lazy\" decoding=\"async\" class=\"alignnone wp-image-1132\" src=\"http:\/\/www.pfadilandshut.ch\/wordpress\/wp-content\/uploads\/2018\/02\/P1100001-300x225.jpg\" alt=\"\" width=\"403\" height=\"303\" srcset=\"https:\/\/www.pfadilandshut.ch\/wordpress\/wp-content\/uploads\/2018\/02\/P1100001-300x225.jpg 300w, https:\/\/www.pfadilandshut.ch\/wordpress\/wp-content\/uploads\/2018\/02\/P1100001-768x577.jpg 768w, https:\/\/www.pfadilandshut.ch\/wordpress\/wp-content\/uploads\/2018\/02\/P1100001-1024x769.jpg 1024w, https:\/\/www.pfadilandshut.ch\/wordpress\/wp-content\/uploads\/2018\/02\/P1100001-619x465.jpg 619w\" sizes=\"(max-width: 403px) 100vw, 403px\" \/><\/a><\/p>\n<p>Nat\u00fcrlich wurde auch dieses Jahr mit Konfetti nicht gespart \ud83d\ude42<br \/>\n<a href=\"http:\/\/www.pfadilandshut.ch\/wordpress\/?attachment_id=1131#main\" rel=\"attachment wp-att-1131\"><img loading=\"lazy\" decoding=\"async\" class=\"alignnone wp-image-1131\" src=\"http:\/\/www.pfadilandshut.ch\/wordpress\/wp-content\/uploads\/2018\/02\/P1090966-300x225.jpg\" alt=\"\" width=\"403\" height=\"303\" srcset=\"https:\/\/www.pfadilandshut.ch\/wordpress\/wp-content\/uploads\/2018\/02\/P1090966-300x225.jpg 300w, https:\/\/www.pfadilandshut.ch\/wordpress\/wp-content\/uploads\/2018\/02\/P1090966-768x577.jpg 768w, https:\/\/www.pfadilandshut.ch\/wordpress\/wp-content\/uploads\/2018\/02\/P1090966-1024x769.jpg 1024w, https:\/\/www.pfadilandshut.ch\/wordpress\/wp-content\/uploads\/2018\/02\/P1090966-619x465.jpg 619w\" sizes=\"(max-width: 403px) 100vw, 403px\" \/><br \/>\n<\/a>Nach der Fasnacht ist vor der Fasnacht, wir freuen uns schon auf das n\u00e4chste Jahr!<\/p>\n","protected":false},"excerpt":{"rendered":"<p>Sch\u00f6n und laut war sie, die Fasnacht 2018 in B\u00e4tterkinden und Utzenstorf. Fleissige W\u00e4geler bauten einen supertollen Wagen und fleissige Fasn\u00e4chtler waren als Vampire das ganze Wochende voll mit dabei. Danke euch allen! Nat\u00fcrlich wurde auch dieses Jahr mit Konfetti nicht gespart \ud83d\ude42 Nach der Fasnacht ist vor der Fasnacht, wir freuen uns schon auf [&hellip;]<\/p>\n","protected":false},"author":5,"featured_media":0,"comment_status":"open","ping_status":"open","sticky":false,"template":"","format":"standard","meta":{"footnotes":""},"categories":[3],"tags":[],"yoast_head":"<!-- This site is optimized with the Yoast SEO plugin v22.2 - https:\/\/yoast.com\/wordpress\/plugins\/seo\/ -->\n<title>Fasnacht - Pfadilandshut.ch<\/title>\n<meta name=\"robots\" content=\"index, follow, max-snippet:-1, max-image-preview:large, max-video-preview:-1\" \/>\n<link rel=\"canonical\" href=\"https:\/\/www.pfadilandshut.ch\/wordpress\/?p=1130\" \/>\n<meta property=\"og:locale\" content=\"de_DE\" \/>\n<meta property=\"og:type\" content=\"article\" \/>\n<meta property=\"og:title\" content=\"Fasnacht - Pfadilandshut.ch\" \/>\n<meta property=\"og:description\" content=\"Sch\u00f6n und laut war sie, die Fasnacht 2018 in B\u00e4tterkinden und Utzenstorf. Fleissige W\u00e4geler bauten einen supertollen Wagen und fleissige Fasn\u00e4chtler waren als Vampire das ganze Wochende voll mit dabei. Danke euch allen! Nat\u00fcrlich wurde auch dieses Jahr mit Konfetti nicht gespart \ud83d\ude42 Nach der Fasnacht ist vor der Fasnacht, wir freuen uns schon auf [&hellip;]\" \/>\n<meta property=\"og:url\" content=\"https:\/\/www.pfadilandshut.ch\/wordpress\/?p=1130\" \/>\n<meta property=\"og:site_name\" content=\"Pfadilandshut.ch\" \/>\n<meta property=\"article:published_time\" content=\"2018-02-22T19:58:59+00:00\" \/>\n<meta property=\"article:modified_time\" content=\"2018-02-22T20:01:31+00:00\" \/>\n<meta property=\"og:image\" content=\"http:\/\/www.pfadilandshut.ch\/wordpress\/wp-content\/uploads\/2018\/02\/P1100001-300x225.jpg\" \/>\n<meta name=\"author\" content=\"Leiter\" \/>\n<meta name=\"twitter:card\" content=\"summary_large_image\" \/>\n<meta name=\"twitter:label1\" content=\"Verfasst von\" \/>\n\t<meta name=\"twitter:data1\" content=\"Leiter\" \/>\n<script type=\"application\/ld+json\" class=\"yoast-schema-graph\">{\"@context\":\"https:\/\/schema.org\",\"@graph\":[{\"@type\":\"WebPage\",\"@id\":\"https:\/\/www.pfadilandshut.ch\/wordpress\/?p=1130\",\"url\":\"https:\/\/www.pfadilandshut.ch\/wordpress\/?p=1130\",\"name\":\"Fasnacht - Pfadilandshut.ch\",\"isPartOf\":{\"@id\":\"https:\/\/www.pfadilandshut.ch\/wordpress\/#website\"},\"primaryImageOfPage\":{\"@id\":\"https:\/\/www.pfadilandshut.ch\/wordpress\/?p=1130#primaryimage\"},\"image\":{\"@id\":\"https:\/\/www.pfadilandshut.ch\/wordpress\/?p=1130#primaryimage\"},\"thumbnailUrl\":\"http:\/\/www.pfadilandshut.ch\/wordpress\/wp-content\/uploads\/2018\/02\/P1100001-300x225.jpg\",\"datePublished\":\"2018-02-22T19:58:59+00:00\",\"dateModified\":\"2018-02-22T20:01:31+00:00\",\"author\":{\"@id\":\"https:\/\/www.pfadilandshut.ch\/wordpress\/#\/schema\/person\/73a04e42fdd26bf56614c5e4a983e2e4\"},\"breadcrumb\":{\"@id\":\"https:\/\/www.pfadilandshut.ch\/wordpress\/?p=1130#breadcrumb\"},\"inLanguage\":\"de\",\"potentialAction\":[{\"@type\":\"ReadAction\",\"target\":[\"https:\/\/www.pfadilandshut.ch\/wordpress\/?p=1130\"]}]},{\"@type\":\"ImageObject\",\"inLanguage\":\"de\",\"@id\":\"https:\/\/www.pfadilandshut.ch\/wordpress\/?p=1130#primaryimage\",\"url\":\"http:\/\/www.pfadilandshut.ch\/wordpress\/wp-content\/uploads\/2018\/02\/P1100001-300x225.jpg\",\"contentUrl\":\"http:\/\/www.pfadilandshut.ch\/wordpress\/wp-content\/uploads\/2018\/02\/P1100001-300x225.jpg\"},{\"@type\":\"BreadcrumbList\",\"@id\":\"https:\/\/www.pfadilandshut.ch\/wordpress\/?p=1130#breadcrumb\",\"itemListElement\":[{\"@type\":\"ListItem\",\"position\":1,\"name\":\"Startseite\",\"item\":\"https:\/\/www.pfadilandshut.ch\/wordpress\/\"},{\"@type\":\"ListItem\",\"position\":2,\"name\":\"Fasnacht\"}]},{\"@type\":\"WebSite\",\"@id\":\"https:\/\/www.pfadilandshut.ch\/wordpress\/#website\",\"url\":\"https:\/\/www.pfadilandshut.ch\/wordpress\/\",\"name\":\"Pfadilandshut.ch\",\"description\":\"Pfadi Abteilung aus B\u00e4tterkinden BE\",\"potentialAction\":[{\"@type\":\"SearchAction\",\"target\":{\"@type\":\"EntryPoint\",\"urlTemplate\":\"https:\/\/www.pfadilandshut.ch\/wordpress\/?s={search_term_string}\"},\"query-input\":\"required name=search_term_string\"}],\"inLanguage\":\"de\"},{\"@type\":\"Person\",\"@id\":\"https:\/\/www.pfadilandshut.ch\/wordpress\/#\/schema\/person\/73a04e42fdd26bf56614c5e4a983e2e4\",\"name\":\"Leiter\",\"image\":{\"@type\":\"ImageObject\",\"inLanguage\":\"de\",\"@id\":\"https:\/\/www.pfadilandshut.ch\/wordpress\/#\/schema\/person\/image\/\",\"url\":\"https:\/\/secure.gravatar.com\/avatar\/a499af3e0a67c3e44221bee8544bf8b0?s=96&d=mm&r=g\",\"contentUrl\":\"https:\/\/secure.gravatar.com\/avatar\/a499af3e0a67c3e44221bee8544bf8b0?s=96&d=mm&r=g\",\"caption\":\"Leiter\"},\"sameAs\":[\"http:\/\/www.pfadilandshut.ch\"],\"url\":\"https:\/\/www.pfadilandshut.ch\/wordpress\/?author=5\"}]}<\/script>\n<!-- \/ Yoast SEO plugin. -->","yoast_head_json":{"title":"Fasnacht - Pfadilandshut.ch","robots":{"index":"index","follow":"follow","max-snippet":"max-snippet:-1","max-image-preview":"max-image-preview:large","max-video-preview":"max-video-preview:-1"},"canonical":"https:\/\/www.pfadilandshut.ch\/wordpress\/?p=1130","og_locale":"de_DE","og_type":"article","og_title":"Fasnacht - Pfadilandshut.ch","og_description":"Sch\u00f6n und laut war sie, die Fasnacht 2018 in B\u00e4tterkinden und Utzenstorf. Fleissige W\u00e4geler bauten einen supertollen Wagen und fleissige Fasn\u00e4chtler waren als Vampire das ganze Wochende voll mit dabei. Danke euch allen! Nat\u00fcrlich wurde auch dieses Jahr mit Konfetti nicht gespart \ud83d\ude42 Nach der Fasnacht ist vor der Fasnacht, wir freuen uns schon auf [&hellip;]","og_url":"https:\/\/www.pfadilandshut.ch\/wordpress\/?p=1130","og_site_name":"Pfadilandshut.ch","article_published_time":"2018-02-22T19:58:59+00:00","article_modified_time":"2018-02-22T20:01:31+00:00","og_image":[{"url":"http:\/\/www.pfadilandshut.ch\/wordpress\/wp-content\/uploads\/2018\/02\/P1100001-300x225.jpg"}],"author":"Leiter","twitter_card":"summary_large_image","twitter_misc":{"Verfasst von":"Leiter"},"schema":{"@context":"https:\/\/schema.org","@graph":[{"@type":"WebPage","@id":"https:\/\/www.pfadilandshut.ch\/wordpress\/?p=1130","url":"https:\/\/www.pfadilandshut.ch\/wordpress\/?p=1130","name":"Fasnacht - Pfadilandshut.ch","isPartOf":{"@id":"https:\/\/www.pfadilandshut.ch\/wordpress\/#website"},"primaryImageOfPage":{"@id":"https:\/\/www.pfadilandshut.ch\/wordpress\/?p=1130#primaryimage"},"image":{"@id":"https:\/\/www.pfadilandshut.ch\/wordpress\/?p=1130#primaryimage"},"thumbnailUrl":"http:\/\/www.pfadilandshut.ch\/wordpress\/wp-content\/uploads\/2018\/02\/P1100001-300x225.jpg","datePublished":"2018-02-22T19:58:59+00:00","dateModified":"2018-02-22T20:01:31+00:00","author":{"@id":"https:\/\/www.pfadilandshut.ch\/wordpress\/#\/schema\/person\/73a04e42fdd26bf56614c5e4a983e2e4"},"breadcrumb":{"@id":"https:\/\/www.pfadilandshut.ch\/wordpress\/?p=1130#breadcrumb"},"inLanguage":"de","potentialAction":[{"@type":"ReadAction","target":["https:\/\/www.pfadilandshut.ch\/wordpress\/?p=1130"]}]},{"@type":"ImageObject","inLanguage":"de","@id":"https:\/\/www.pfadilandshut.ch\/wordpress\/?p=1130#primaryimage","url":"http:\/\/www.pfadilandshut.ch\/wordpress\/wp-content\/uploads\/2018\/02\/P1100001-300x225.jpg","contentUrl":"http:\/\/www.pfadilandshut.ch\/wordpress\/wp-content\/uploads\/2018\/02\/P1100001-300x225.jpg"},{"@type":"BreadcrumbList","@id":"https:\/\/www.pfadilandshut.ch\/wordpress\/?p=1130#breadcrumb","itemListElement":[{"@type":"ListItem","position":1,"name":"Startseite","item":"https:\/\/www.pfadilandshut.ch\/wordpress\/"},{"@type":"ListItem","position":2,"name":"Fasnacht"}]},{"@type":"WebSite","@id":"https:\/\/www.pfadilandshut.ch\/wordpress\/#website","url":"https:\/\/www.pfadilandshut.ch\/wordpress\/","name":"Pfadilandshut.ch","description":"Pfadi Abteilung aus B\u00e4tterkinden BE","potentialAction":[{"@type":"SearchAction","target":{"@type":"EntryPoint","urlTemplate":"https:\/\/www.pfadilandshut.ch\/wordpress\/?s={search_term_string}"},"query-input":"required name=search_term_string"}],"inLanguage":"de"},{"@type":"Person","@id":"https:\/\/www.pfadilandshut.ch\/wordpress\/#\/schema\/person\/73a04e42fdd26bf56614c5e4a983e2e4","name":"Leiter","image":{"@type":"ImageObject","inLanguage":"de","@id":"https:\/\/www.pfadilandshut.ch\/wordpress\/#\/schema\/person\/image\/","url":"https:\/\/secure.gravatar.com\/avatar\/a499af3e0a67c3e44221bee8544bf8b0?s=96&d=mm&r=g","contentUrl":"https:\/\/secure.gravatar.com\/avatar\/a499af3e0a67c3e44221bee8544bf8b0?s=96&d=mm&r=g","caption":"Leiter"},"sameAs":["http:\/\/www.pfadilandshut.ch"],"url":"https:\/\/www.pfadilandshut.ch\/wordpress\/?author=5"}]}},"_links":{"self":[{"href":"https:\/\/www.pfadilandshut.ch\/wordpress\/index.php?rest_route=\/wp\/v2\/posts\/1130"}],"collection":[{"href":"https:\/\/www.pfadilandshut.ch\/wordpress\/index.php?rest_route=\/wp\/v2\/posts"}],"about":[{"href":"https:\/\/www.pfadilandshut.ch\/wordpress\/index.php?rest_route=\/wp\/v2\/types\/post"}],"author":[{"embeddable":true,"href":"https:\/\/www.pfadilandshut.ch\/wordpress\/index.php?rest_route=\/wp\/v2\/users\/5"}],"replies":[{"embeddable":true,"href":"https:\/\/www.pfadilandshut.ch\/wordpress\/index.php?rest_route=%2Fwp%2Fv2%2Fcomments&post=1130"}],"version-history":[{"count":5,"href":"https:\/\/www.pfadilandshut.ch\/wordpress\/index.php?rest_route=\/wp\/v2\/posts\/1130\/revisions"}],"predecessor-version":[{"id":1137,"href":"https:\/\/www.pfadilandshut.ch\/wordpress\/index.php?rest_route=\/wp\/v2\/posts\/1130\/revisions\/1137"}],"wp:attachment":[{"href":"https:\/\/www.pfadilandshut.ch\/wordpress\/index.php?rest_route=%2Fwp%2Fv2%2Fmedia&parent=1130"}],"wp:term":[{"taxonomy":"category","embeddable":true,"href":"https:\/\/www.pfadilandshut.ch\/wordpress\/index.php?rest_route=%2Fwp%2Fv2%2Fcategories&post=1130"},{"taxonomy":"post_tag","embeddable":true,"href":"https:\/\/www.pfadilandshut.ch\/wordpress\/index.php?rest_route=%2Fwp%2Fv2%2Ftags&post=1130"}],"curies":[{"name":"wp","href":"https:\/\/api.w.org\/{rel}","templated":true}]}}