{"id":1139,"date":"2018-02-22T21:11:21","date_gmt":"2018-02-22T20:11:21","guid":{"rendered":"http:\/\/www.pfadilandshut.ch\/wordpress\/?p=1139"},"modified":"2018-02-22T21:11:21","modified_gmt":"2018-02-22T20:11:21","slug":"pfadischnuppertag","status":"publish","type":"post","link":"https:\/\/www.pfadilandshut.ch\/wordpress\/?p=1139","title":{"rendered":"Pfadischnuppertag"},"content":{"rendered":"<p><a href=\"http:\/\/www.pfadilandshut.ch\/wordpress\/?attachment_id=1140#main\" rel=\"attachment wp-att-1140\"><img loading=\"lazy\" decoding=\"async\" class=\"wp-image-1140 aligncenter\" src=\"http:\/\/www.pfadilandshut.ch\/wordpress\/wp-content\/uploads\/2018\/02\/22770485_1877606975587337_5839966155484480317_o-300x114.jpg\" alt=\"\" width=\"934\" height=\"355\" srcset=\"https:\/\/www.pfadilandshut.ch\/wordpress\/wp-content\/uploads\/2018\/02\/22770485_1877606975587337_5839966155484480317_o-300x114.jpg 300w, https:\/\/www.pfadilandshut.ch\/wordpress\/wp-content\/uploads\/2018\/02\/22770485_1877606975587337_5839966155484480317_o-768x292.jpg 768w, https:\/\/www.pfadilandshut.ch\/wordpress\/wp-content\/uploads\/2018\/02\/22770485_1877606975587337_5839966155484480317_o-1024x390.jpg 1024w, https:\/\/www.pfadilandshut.ch\/wordpress\/wp-content\/uploads\/2018\/02\/22770485_1877606975587337_5839966155484480317_o-619x236.jpg 619w, https:\/\/www.pfadilandshut.ch\/wordpress\/wp-content\/uploads\/2018\/02\/22770485_1877606975587337_5839966155484480317_o.jpg 1724w\" sizes=\"(max-width: 934px) 100vw, 934px\" \/><\/a>Du m\u00f6chtest auch einmal Pfadiluft schnuppern? Bald kommt DIE Gelegenheit: Am 10. M\u00e4rz 2018 von 13.30 bis 16.30 beim Pfadiheim Landshut in B\u00e4tterkinden ist Pfadischnuppertag. Kinder in jedem Alter sind herzlich willkommen und d\u00fcrfen gerne auch noch ein Gsp\u00e4ndli mitbringen! Wir sind bei (fast) jedem Wetter draussen und freuen uns auf zahlreiche neue Gesichter.<\/p>\n","protected":false},"excerpt":{"rendered":"<p>Du m\u00f6chtest auch einmal Pfadiluft schnuppern? Bald kommt DIE Gelegenheit: Am 10. M\u00e4rz 2018 von 13.30 bis 16.30 beim Pfadiheim Landshut in B\u00e4tterkinden ist Pfadischnuppertag. Kinder in jedem Alter sind herzlich willkommen und d\u00fcrfen gerne auch noch ein Gsp\u00e4ndli mitbringen! Wir sind bei (fast) jedem Wetter draussen und freuen uns auf zahlreiche neue Gesichter.<\/p>\n","protected":false},"author":5,"featured_media":0,"comment_status":"open","ping_status":"open","sticky":false,"template":"","format":"standard","meta":{"footnotes":""},"categories":[3],"tags":[],"yoast_head":"<!-- This site is optimized with the Yoast SEO plugin v22.2 - https:\/\/yoast.com\/wordpress\/plugins\/seo\/ -->\n<title>Pfadischnuppertag - Pfadilandshut.ch<\/title>\n<meta name=\"robots\" content=\"index, follow, max-snippet:-1, max-image-preview:large, max-video-preview:-1\" \/>\n<link rel=\"canonical\" href=\"https:\/\/www.pfadilandshut.ch\/wordpress\/?p=1139\" \/>\n<meta property=\"og:locale\" content=\"de_DE\" \/>\n<meta property=\"og:type\" content=\"article\" \/>\n<meta property=\"og:title\" content=\"Pfadischnuppertag - Pfadilandshut.ch\" \/>\n<meta property=\"og:description\" content=\"Du m\u00f6chtest auch einmal Pfadiluft schnuppern? Bald kommt DIE Gelegenheit: Am 10. M\u00e4rz 2018 von 13.30 bis 16.30 beim Pfadiheim Landshut in B\u00e4tterkinden ist Pfadischnuppertag. Kinder in jedem Alter sind herzlich willkommen und d\u00fcrfen gerne auch noch ein Gsp\u00e4ndli mitbringen! Wir sind bei (fast) jedem Wetter draussen und freuen uns auf zahlreiche neue Gesichter.\" \/>\n<meta property=\"og:url\" content=\"https:\/\/www.pfadilandshut.ch\/wordpress\/?p=1139\" \/>\n<meta property=\"og:site_name\" content=\"Pfadilandshut.ch\" \/>\n<meta property=\"article:published_time\" content=\"2018-02-22T20:11:21+00:00\" \/>\n<meta property=\"og:image\" content=\"http:\/\/www.pfadilandshut.ch\/wordpress\/wp-content\/uploads\/2018\/02\/22770485_1877606975587337_5839966155484480317_o-300x114.jpg\" \/>\n<meta name=\"author\" content=\"Leiter\" \/>\n<meta name=\"twitter:card\" content=\"summary_large_image\" \/>\n<meta name=\"twitter:label1\" content=\"Verfasst von\" \/>\n\t<meta name=\"twitter:data1\" content=\"Leiter\" \/>\n<script type=\"application\/ld+json\" class=\"yoast-schema-graph\">{\"@context\":\"https:\/\/schema.org\",\"@graph\":[{\"@type\":\"WebPage\",\"@id\":\"https:\/\/www.pfadilandshut.ch\/wordpress\/?p=1139\",\"url\":\"https:\/\/www.pfadilandshut.ch\/wordpress\/?p=1139\",\"name\":\"Pfadischnuppertag - Pfadilandshut.ch\",\"isPartOf\":{\"@id\":\"https:\/\/www.pfadilandshut.ch\/wordpress\/#website\"},\"primaryImageOfPage\":{\"@id\":\"https:\/\/www.pfadilandshut.ch\/wordpress\/?p=1139#primaryimage\"},\"image\":{\"@id\":\"https:\/\/www.pfadilandshut.ch\/wordpress\/?p=1139#primaryimage\"},\"thumbnailUrl\":\"http:\/\/www.pfadilandshut.ch\/wordpress\/wp-content\/uploads\/2018\/02\/22770485_1877606975587337_5839966155484480317_o-300x114.jpg\",\"datePublished\":\"2018-02-22T20:11:21+00:00\",\"dateModified\":\"2018-02-22T20:11:21+00:00\",\"author\":{\"@id\":\"https:\/\/www.pfadilandshut.ch\/wordpress\/#\/schema\/person\/73a04e42fdd26bf56614c5e4a983e2e4\"},\"breadcrumb\":{\"@id\":\"https:\/\/www.pfadilandshut.ch\/wordpress\/?p=1139#breadcrumb\"},\"inLanguage\":\"de\",\"potentialAction\":[{\"@type\":\"ReadAction\",\"target\":[\"https:\/\/www.pfadilandshut.ch\/wordpress\/?p=1139\"]}]},{\"@type\":\"ImageObject\",\"inLanguage\":\"de\",\"@id\":\"https:\/\/www.pfadilandshut.ch\/wordpress\/?p=1139#primaryimage\",\"url\":\"http:\/\/www.pfadilandshut.ch\/wordpress\/wp-content\/uploads\/2018\/02\/22770485_1877606975587337_5839966155484480317_o-300x114.jpg\",\"contentUrl\":\"http:\/\/www.pfadilandshut.ch\/wordpress\/wp-content\/uploads\/2018\/02\/22770485_1877606975587337_5839966155484480317_o-300x114.jpg\"},{\"@type\":\"BreadcrumbList\",\"@id\":\"https:\/\/www.pfadilandshut.ch\/wordpress\/?p=1139#breadcrumb\",\"itemListElement\":[{\"@type\":\"ListItem\",\"position\":1,\"name\":\"Startseite\",\"item\":\"https:\/\/www.pfadilandshut.ch\/wordpress\/\"},{\"@type\":\"ListItem\",\"position\":2,\"name\":\"Pfadischnuppertag\"}]},{\"@type\":\"WebSite\",\"@id\":\"https:\/\/www.pfadilandshut.ch\/wordpress\/#website\",\"url\":\"https:\/\/www.pfadilandshut.ch\/wordpress\/\",\"name\":\"Pfadilandshut.ch\",\"description\":\"Pfadi Abteilung aus B\u00e4tterkinden BE\",\"potentialAction\":[{\"@type\":\"SearchAction\",\"target\":{\"@type\":\"EntryPoint\",\"urlTemplate\":\"https:\/\/www.pfadilandshut.ch\/wordpress\/?s={search_term_string}\"},\"query-input\":\"required name=search_term_string\"}],\"inLanguage\":\"de\"},{\"@type\":\"Person\",\"@id\":\"https:\/\/www.pfadilandshut.ch\/wordpress\/#\/schema\/person\/73a04e42fdd26bf56614c5e4a983e2e4\",\"name\":\"Leiter\",\"image\":{\"@type\":\"ImageObject\",\"inLanguage\":\"de\",\"@id\":\"https:\/\/www.pfadilandshut.ch\/wordpress\/#\/schema\/person\/image\/\",\"url\":\"https:\/\/secure.gravatar.com\/avatar\/a499af3e0a67c3e44221bee8544bf8b0?s=96&d=mm&r=g\",\"contentUrl\":\"https:\/\/secure.gravatar.com\/avatar\/a499af3e0a67c3e44221bee8544bf8b0?s=96&d=mm&r=g\",\"caption\":\"Leiter\"},\"sameAs\":[\"http:\/\/www.pfadilandshut.ch\"],\"url\":\"https:\/\/www.pfadilandshut.ch\/wordpress\/?author=5\"}]}<\/script>\n<!-- \/ Yoast SEO plugin. -->","yoast_head_json":{"title":"Pfadischnuppertag - Pfadilandshut.ch","robots":{"index":"index","follow":"follow","max-snippet":"max-snippet:-1","max-image-preview":"max-image-preview:large","max-video-preview":"max-video-preview:-1"},"canonical":"https:\/\/www.pfadilandshut.ch\/wordpress\/?p=1139","og_locale":"de_DE","og_type":"article","og_title":"Pfadischnuppertag - Pfadilandshut.ch","og_description":"Du m\u00f6chtest auch einmal Pfadiluft schnuppern? Bald kommt DIE Gelegenheit: Am 10. M\u00e4rz 2018 von 13.30 bis 16.30 beim Pfadiheim Landshut in B\u00e4tterkinden ist Pfadischnuppertag. Kinder in jedem Alter sind herzlich willkommen und d\u00fcrfen gerne auch noch ein Gsp\u00e4ndli mitbringen! Wir sind bei (fast) jedem Wetter draussen und freuen uns auf zahlreiche neue Gesichter.","og_url":"https:\/\/www.pfadilandshut.ch\/wordpress\/?p=1139","og_site_name":"Pfadilandshut.ch","article_published_time":"2018-02-22T20:11:21+00:00","og_image":[{"url":"http:\/\/www.pfadilandshut.ch\/wordpress\/wp-content\/uploads\/2018\/02\/22770485_1877606975587337_5839966155484480317_o-300x114.jpg"}],"author":"Leiter","twitter_card":"summary_large_image","twitter_misc":{"Verfasst von":"Leiter"},"schema":{"@context":"https:\/\/schema.org","@graph":[{"@type":"WebPage","@id":"https:\/\/www.pfadilandshut.ch\/wordpress\/?p=1139","url":"https:\/\/www.pfadilandshut.ch\/wordpress\/?p=1139","name":"Pfadischnuppertag - Pfadilandshut.ch","isPartOf":{"@id":"https:\/\/www.pfadilandshut.ch\/wordpress\/#website"},"primaryImageOfPage":{"@id":"https:\/\/www.pfadilandshut.ch\/wordpress\/?p=1139#primaryimage"},"image":{"@id":"https:\/\/www.pfadilandshut.ch\/wordpress\/?p=1139#primaryimage"},"thumbnailUrl":"http:\/\/www.pfadilandshut.ch\/wordpress\/wp-content\/uploads\/2018\/02\/22770485_1877606975587337_5839966155484480317_o-300x114.jpg","datePublished":"2018-02-22T20:11:21+00:00","dateModified":"2018-02-22T20:11:21+00:00","author":{"@id":"https:\/\/www.pfadilandshut.ch\/wordpress\/#\/schema\/person\/73a04e42fdd26bf56614c5e4a983e2e4"},"breadcrumb":{"@id":"https:\/\/www.pfadilandshut.ch\/wordpress\/?p=1139#breadcrumb"},"inLanguage":"de","potentialAction":[{"@type":"ReadAction","target":["https:\/\/www.pfadilandshut.ch\/wordpress\/?p=1139"]}]},{"@type":"ImageObject","inLanguage":"de","@id":"https:\/\/www.pfadilandshut.ch\/wordpress\/?p=1139#primaryimage","url":"http:\/\/www.pfadilandshut.ch\/wordpress\/wp-content\/uploads\/2018\/02\/22770485_1877606975587337_5839966155484480317_o-300x114.jpg","contentUrl":"http:\/\/www.pfadilandshut.ch\/wordpress\/wp-content\/uploads\/2018\/02\/22770485_1877606975587337_5839966155484480317_o-300x114.jpg"},{"@type":"BreadcrumbList","@id":"https:\/\/www.pfadilandshut.ch\/wordpress\/?p=1139#breadcrumb","itemListElement":[{"@type":"ListItem","position":1,"name":"Startseite","item":"https:\/\/www.pfadilandshut.ch\/wordpress\/"},{"@type":"ListItem","position":2,"name":"Pfadischnuppertag"}]},{"@type":"WebSite","@id":"https:\/\/www.pfadilandshut.ch\/wordpress\/#website","url":"https:\/\/www.pfadilandshut.ch\/wordpress\/","name":"Pfadilandshut.ch","description":"Pfadi Abteilung aus B\u00e4tterkinden BE","potentialAction":[{"@type":"SearchAction","target":{"@type":"EntryPoint","urlTemplate":"https:\/\/www.pfadilandshut.ch\/wordpress\/?s={search_term_string}"},"query-input":"required name=search_term_string"}],"inLanguage":"de"},{"@type":"Person","@id":"https:\/\/www.pfadilandshut.ch\/wordpress\/#\/schema\/person\/73a04e42fdd26bf56614c5e4a983e2e4","name":"Leiter","image":{"@type":"ImageObject","inLanguage":"de","@id":"https:\/\/www.pfadilandshut.ch\/wordpress\/#\/schema\/person\/image\/","url":"https:\/\/secure.gravatar.com\/avatar\/a499af3e0a67c3e44221bee8544bf8b0?s=96&d=mm&r=g","contentUrl":"https:\/\/secure.gravatar.com\/avatar\/a499af3e0a67c3e44221bee8544bf8b0?s=96&d=mm&r=g","caption":"Leiter"},"sameAs":["http:\/\/www.pfadilandshut.ch"],"url":"https:\/\/www.pfadilandshut.ch\/wordpress\/?author=5"}]}},"_links":{"self":[{"href":"https:\/\/www.pfadilandshut.ch\/wordpress\/index.php?rest_route=\/wp\/v2\/posts\/1139"}],"collection":[{"href":"https:\/\/www.pfadilandshut.ch\/wordpress\/index.php?rest_route=\/wp\/v2\/posts"}],"about":[{"href":"https:\/\/www.pfadilandshut.ch\/wordpress\/index.php?rest_route=\/wp\/v2\/types\/post"}],"author":[{"embeddable":true,"href":"https:\/\/www.pfadilandshut.ch\/wordpress\/index.php?rest_route=\/wp\/v2\/users\/5"}],"replies":[{"embeddable":true,"href":"https:\/\/www.pfadilandshut.ch\/wordpress\/index.php?rest_route=%2Fwp%2Fv2%2Fcomments&post=1139"}],"version-history":[{"count":2,"href":"https:\/\/www.pfadilandshut.ch\/wordpress\/index.php?rest_route=\/wp\/v2\/posts\/1139\/revisions"}],"predecessor-version":[{"id":1142,"href":"https:\/\/www.pfadilandshut.ch\/wordpress\/index.php?rest_route=\/wp\/v2\/posts\/1139\/revisions\/1142"}],"wp:attachment":[{"href":"https:\/\/www.pfadilandshut.ch\/wordpress\/index.php?rest_route=%2Fwp%2Fv2%2Fmedia&parent=1139"}],"wp:term":[{"taxonomy":"category","embeddable":true,"href":"https:\/\/www.pfadilandshut.ch\/wordpress\/index.php?rest_route=%2Fwp%2Fv2%2Fcategories&post=1139"},{"taxonomy":"post_tag","embeddable":true,"href":"https:\/\/www.pfadilandshut.ch\/wordpress\/index.php?rest_route=%2Fwp%2Fv2%2Ftags&post=1139"}],"curies":[{"name":"wp","href":"https:\/\/api.w.org\/{rel}","templated":true}]}}