{"id":1165,"date":"2018-05-11T12:48:43","date_gmt":"2018-05-11T11:48:43","guid":{"rendered":"http:\/\/www.pfadilandshut.ch\/wordpress\/?p=1165"},"modified":"2018-05-11T12:48:43","modified_gmt":"2018-05-11T11:48:43","slug":"abteilungstag-2","status":"publish","type":"post","link":"https:\/\/www.pfadilandshut.ch\/wordpress\/?p=1165","title":{"rendered":"Abteilungstag"},"content":{"rendered":"<p>Im Fr\u00fchling ist es bei der Pfadi Landshut immer Zeit f\u00fcr ein ganz besonderes Highlight: Der Abteilungstag steht an! Frischer Wind weht dann durch unsere Reihen, die \u00e4ltesten jeder Stufe k\u00f6nnen an diesem Tag in die n\u00e4chste Stufe \u00fcbertreten.<\/p>\n<p>Dieses Jahr ging es auf Safari und unsere zahlreichen Safariteilnehmer genossen den ereignisreichen Nachmittag (und Abend) bei perfektem Wetter!<\/p>\n<p>Hier noch einige Eindr\u00fccke:<\/p>\n<p>Mit dem &#8222;Jeep&#8220; auf Safari:<br \/>\n<a href=\"http:\/\/www.pfadilandshut.ch\/wordpress\/?attachment_id=1169#main\" rel=\"attachment wp-att-1169\"><img loading=\"lazy\" decoding=\"async\" class=\"alignnone  wp-image-1169\" src=\"http:\/\/www.pfadilandshut.ch\/wordpress\/wp-content\/uploads\/2018\/05\/P1100888-1-300x256.jpg\" alt=\"\" width=\"320\" height=\"273\" srcset=\"https:\/\/www.pfadilandshut.ch\/wordpress\/wp-content\/uploads\/2018\/05\/P1100888-1-300x256.jpg 300w, https:\/\/www.pfadilandshut.ch\/wordpress\/wp-content\/uploads\/2018\/05\/P1100888-1-768x656.jpg 768w, https:\/\/www.pfadilandshut.ch\/wordpress\/wp-content\/uploads\/2018\/05\/P1100888-1-1024x875.jpg 1024w, https:\/\/www.pfadilandshut.ch\/wordpress\/wp-content\/uploads\/2018\/05\/P1100888-1-619x529.jpg 619w\" sizes=\"(max-width: 320px) 100vw, 320px\" \/><\/a><\/p>\n<p>Die Pfader sch\u00f6n gestapelt:<br \/>\n<a href=\"http:\/\/www.pfadilandshut.ch\/wordpress\/?attachment_id=1168#main\" rel=\"attachment wp-att-1168\"><img loading=\"lazy\" decoding=\"async\" class=\"alignnone  wp-image-1168\" src=\"http:\/\/www.pfadilandshut.ch\/wordpress\/wp-content\/uploads\/2018\/05\/P1110065-1-205x300.jpg\" alt=\"\" width=\"320\" height=\"469\" srcset=\"https:\/\/www.pfadilandshut.ch\/wordpress\/wp-content\/uploads\/2018\/05\/P1110065-1-205x300.jpg 205w, https:\/\/www.pfadilandshut.ch\/wordpress\/wp-content\/uploads\/2018\/05\/P1110065-1-768x1124.jpg 768w, https:\/\/www.pfadilandshut.ch\/wordpress\/wp-content\/uploads\/2018\/05\/P1110065-1-700x1024.jpg 700w, https:\/\/www.pfadilandshut.ch\/wordpress\/wp-content\/uploads\/2018\/05\/P1110065-1-619x906.jpg 619w\" sizes=\"(max-width: 320px) 100vw, 320px\" \/><\/a><\/p>\n<p>Es war wieder einmal ein supermegatoller Abteilungstag, vielen Dank allen, die das erm\u00f6glicht haben!<\/p>\n<p>&nbsp;<\/p>\n<p>&nbsp;<\/p>\n","protected":false},"excerpt":{"rendered":"<p>Im Fr\u00fchling ist es bei der Pfadi Landshut immer Zeit f\u00fcr ein ganz besonderes Highlight: Der Abteilungstag steht an! Frischer Wind weht dann durch unsere Reihen, die \u00e4ltesten jeder Stufe k\u00f6nnen an diesem Tag in die n\u00e4chste Stufe \u00fcbertreten. Dieses Jahr ging es auf Safari und unsere zahlreichen Safariteilnehmer genossen den ereignisreichen Nachmittag (und Abend) [&hellip;]<\/p>\n","protected":false},"author":5,"featured_media":0,"comment_status":"open","ping_status":"open","sticky":false,"template":"","format":"standard","meta":{"footnotes":""},"categories":[3],"tags":[],"yoast_head":"<!-- This site is optimized with the Yoast SEO plugin v22.2 - https:\/\/yoast.com\/wordpress\/plugins\/seo\/ -->\n<title>Abteilungstag - Pfadilandshut.ch<\/title>\n<meta name=\"robots\" content=\"index, follow, max-snippet:-1, max-image-preview:large, max-video-preview:-1\" \/>\n<link rel=\"canonical\" href=\"https:\/\/www.pfadilandshut.ch\/wordpress\/?p=1165\" \/>\n<meta property=\"og:locale\" content=\"de_DE\" \/>\n<meta property=\"og:type\" content=\"article\" \/>\n<meta property=\"og:title\" content=\"Abteilungstag - Pfadilandshut.ch\" \/>\n<meta property=\"og:description\" content=\"Im Fr\u00fchling ist es bei der Pfadi Landshut immer Zeit f\u00fcr ein ganz besonderes Highlight: Der Abteilungstag steht an! Frischer Wind weht dann durch unsere Reihen, die \u00e4ltesten jeder Stufe k\u00f6nnen an diesem Tag in die n\u00e4chste Stufe \u00fcbertreten. Dieses Jahr ging es auf Safari und unsere zahlreichen Safariteilnehmer genossen den ereignisreichen Nachmittag (und Abend) [&hellip;]\" \/>\n<meta property=\"og:url\" content=\"https:\/\/www.pfadilandshut.ch\/wordpress\/?p=1165\" \/>\n<meta property=\"og:site_name\" content=\"Pfadilandshut.ch\" \/>\n<meta property=\"article:published_time\" content=\"2018-05-11T11:48:43+00:00\" \/>\n<meta property=\"og:image\" content=\"http:\/\/www.pfadilandshut.ch\/wordpress\/wp-content\/uploads\/2018\/05\/P1100888-1-300x256.jpg\" \/>\n<meta name=\"author\" content=\"Leiter\" \/>\n<meta name=\"twitter:card\" content=\"summary_large_image\" \/>\n<meta name=\"twitter:label1\" content=\"Verfasst von\" \/>\n\t<meta name=\"twitter:data1\" content=\"Leiter\" \/>\n<script type=\"application\/ld+json\" class=\"yoast-schema-graph\">{\"@context\":\"https:\/\/schema.org\",\"@graph\":[{\"@type\":\"WebPage\",\"@id\":\"https:\/\/www.pfadilandshut.ch\/wordpress\/?p=1165\",\"url\":\"https:\/\/www.pfadilandshut.ch\/wordpress\/?p=1165\",\"name\":\"Abteilungstag - Pfadilandshut.ch\",\"isPartOf\":{\"@id\":\"https:\/\/www.pfadilandshut.ch\/wordpress\/#website\"},\"primaryImageOfPage\":{\"@id\":\"https:\/\/www.pfadilandshut.ch\/wordpress\/?p=1165#primaryimage\"},\"image\":{\"@id\":\"https:\/\/www.pfadilandshut.ch\/wordpress\/?p=1165#primaryimage\"},\"thumbnailUrl\":\"http:\/\/www.pfadilandshut.ch\/wordpress\/wp-content\/uploads\/2018\/05\/P1100888-1-300x256.jpg\",\"datePublished\":\"2018-05-11T11:48:43+00:00\",\"dateModified\":\"2018-05-11T11:48:43+00:00\",\"author\":{\"@id\":\"https:\/\/www.pfadilandshut.ch\/wordpress\/#\/schema\/person\/73a04e42fdd26bf56614c5e4a983e2e4\"},\"breadcrumb\":{\"@id\":\"https:\/\/www.pfadilandshut.ch\/wordpress\/?p=1165#breadcrumb\"},\"inLanguage\":\"de\",\"potentialAction\":[{\"@type\":\"ReadAction\",\"target\":[\"https:\/\/www.pfadilandshut.ch\/wordpress\/?p=1165\"]}]},{\"@type\":\"ImageObject\",\"inLanguage\":\"de\",\"@id\":\"https:\/\/www.pfadilandshut.ch\/wordpress\/?p=1165#primaryimage\",\"url\":\"http:\/\/www.pfadilandshut.ch\/wordpress\/wp-content\/uploads\/2018\/05\/P1100888-1-300x256.jpg\",\"contentUrl\":\"http:\/\/www.pfadilandshut.ch\/wordpress\/wp-content\/uploads\/2018\/05\/P1100888-1-300x256.jpg\"},{\"@type\":\"BreadcrumbList\",\"@id\":\"https:\/\/www.pfadilandshut.ch\/wordpress\/?p=1165#breadcrumb\",\"itemListElement\":[{\"@type\":\"ListItem\",\"position\":1,\"name\":\"Startseite\",\"item\":\"https:\/\/www.pfadilandshut.ch\/wordpress\/\"},{\"@type\":\"ListItem\",\"position\":2,\"name\":\"Abteilungstag\"}]},{\"@type\":\"WebSite\",\"@id\":\"https:\/\/www.pfadilandshut.ch\/wordpress\/#website\",\"url\":\"https:\/\/www.pfadilandshut.ch\/wordpress\/\",\"name\":\"Pfadilandshut.ch\",\"description\":\"Pfadi Abteilung aus B\u00e4tterkinden BE\",\"potentialAction\":[{\"@type\":\"SearchAction\",\"target\":{\"@type\":\"EntryPoint\",\"urlTemplate\":\"https:\/\/www.pfadilandshut.ch\/wordpress\/?s={search_term_string}\"},\"query-input\":\"required name=search_term_string\"}],\"inLanguage\":\"de\"},{\"@type\":\"Person\",\"@id\":\"https:\/\/www.pfadilandshut.ch\/wordpress\/#\/schema\/person\/73a04e42fdd26bf56614c5e4a983e2e4\",\"name\":\"Leiter\",\"image\":{\"@type\":\"ImageObject\",\"inLanguage\":\"de\",\"@id\":\"https:\/\/www.pfadilandshut.ch\/wordpress\/#\/schema\/person\/image\/\",\"url\":\"https:\/\/secure.gravatar.com\/avatar\/a499af3e0a67c3e44221bee8544bf8b0?s=96&d=mm&r=g\",\"contentUrl\":\"https:\/\/secure.gravatar.com\/avatar\/a499af3e0a67c3e44221bee8544bf8b0?s=96&d=mm&r=g\",\"caption\":\"Leiter\"},\"sameAs\":[\"http:\/\/www.pfadilandshut.ch\"],\"url\":\"https:\/\/www.pfadilandshut.ch\/wordpress\/?author=5\"}]}<\/script>\n<!-- \/ Yoast SEO plugin. -->","yoast_head_json":{"title":"Abteilungstag - Pfadilandshut.ch","robots":{"index":"index","follow":"follow","max-snippet":"max-snippet:-1","max-image-preview":"max-image-preview:large","max-video-preview":"max-video-preview:-1"},"canonical":"https:\/\/www.pfadilandshut.ch\/wordpress\/?p=1165","og_locale":"de_DE","og_type":"article","og_title":"Abteilungstag - Pfadilandshut.ch","og_description":"Im Fr\u00fchling ist es bei der Pfadi Landshut immer Zeit f\u00fcr ein ganz besonderes Highlight: Der Abteilungstag steht an! Frischer Wind weht dann durch unsere Reihen, die \u00e4ltesten jeder Stufe k\u00f6nnen an diesem Tag in die n\u00e4chste Stufe \u00fcbertreten. Dieses Jahr ging es auf Safari und unsere zahlreichen Safariteilnehmer genossen den ereignisreichen Nachmittag (und Abend) [&hellip;]","og_url":"https:\/\/www.pfadilandshut.ch\/wordpress\/?p=1165","og_site_name":"Pfadilandshut.ch","article_published_time":"2018-05-11T11:48:43+00:00","og_image":[{"url":"http:\/\/www.pfadilandshut.ch\/wordpress\/wp-content\/uploads\/2018\/05\/P1100888-1-300x256.jpg"}],"author":"Leiter","twitter_card":"summary_large_image","twitter_misc":{"Verfasst von":"Leiter"},"schema":{"@context":"https:\/\/schema.org","@graph":[{"@type":"WebPage","@id":"https:\/\/www.pfadilandshut.ch\/wordpress\/?p=1165","url":"https:\/\/www.pfadilandshut.ch\/wordpress\/?p=1165","name":"Abteilungstag - Pfadilandshut.ch","isPartOf":{"@id":"https:\/\/www.pfadilandshut.ch\/wordpress\/#website"},"primaryImageOfPage":{"@id":"https:\/\/www.pfadilandshut.ch\/wordpress\/?p=1165#primaryimage"},"image":{"@id":"https:\/\/www.pfadilandshut.ch\/wordpress\/?p=1165#primaryimage"},"thumbnailUrl":"http:\/\/www.pfadilandshut.ch\/wordpress\/wp-content\/uploads\/2018\/05\/P1100888-1-300x256.jpg","datePublished":"2018-05-11T11:48:43+00:00","dateModified":"2018-05-11T11:48:43+00:00","author":{"@id":"https:\/\/www.pfadilandshut.ch\/wordpress\/#\/schema\/person\/73a04e42fdd26bf56614c5e4a983e2e4"},"breadcrumb":{"@id":"https:\/\/www.pfadilandshut.ch\/wordpress\/?p=1165#breadcrumb"},"inLanguage":"de","potentialAction":[{"@type":"ReadAction","target":["https:\/\/www.pfadilandshut.ch\/wordpress\/?p=1165"]}]},{"@type":"ImageObject","inLanguage":"de","@id":"https:\/\/www.pfadilandshut.ch\/wordpress\/?p=1165#primaryimage","url":"http:\/\/www.pfadilandshut.ch\/wordpress\/wp-content\/uploads\/2018\/05\/P1100888-1-300x256.jpg","contentUrl":"http:\/\/www.pfadilandshut.ch\/wordpress\/wp-content\/uploads\/2018\/05\/P1100888-1-300x256.jpg"},{"@type":"BreadcrumbList","@id":"https:\/\/www.pfadilandshut.ch\/wordpress\/?p=1165#breadcrumb","itemListElement":[{"@type":"ListItem","position":1,"name":"Startseite","item":"https:\/\/www.pfadilandshut.ch\/wordpress\/"},{"@type":"ListItem","position":2,"name":"Abteilungstag"}]},{"@type":"WebSite","@id":"https:\/\/www.pfadilandshut.ch\/wordpress\/#website","url":"https:\/\/www.pfadilandshut.ch\/wordpress\/","name":"Pfadilandshut.ch","description":"Pfadi Abteilung aus B\u00e4tterkinden BE","potentialAction":[{"@type":"SearchAction","target":{"@type":"EntryPoint","urlTemplate":"https:\/\/www.pfadilandshut.ch\/wordpress\/?s={search_term_string}"},"query-input":"required name=search_term_string"}],"inLanguage":"de"},{"@type":"Person","@id":"https:\/\/www.pfadilandshut.ch\/wordpress\/#\/schema\/person\/73a04e42fdd26bf56614c5e4a983e2e4","name":"Leiter","image":{"@type":"ImageObject","inLanguage":"de","@id":"https:\/\/www.pfadilandshut.ch\/wordpress\/#\/schema\/person\/image\/","url":"https:\/\/secure.gravatar.com\/avatar\/a499af3e0a67c3e44221bee8544bf8b0?s=96&d=mm&r=g","contentUrl":"https:\/\/secure.gravatar.com\/avatar\/a499af3e0a67c3e44221bee8544bf8b0?s=96&d=mm&r=g","caption":"Leiter"},"sameAs":["http:\/\/www.pfadilandshut.ch"],"url":"https:\/\/www.pfadilandshut.ch\/wordpress\/?author=5"}]}},"_links":{"self":[{"href":"https:\/\/www.pfadilandshut.ch\/wordpress\/index.php?rest_route=\/wp\/v2\/posts\/1165"}],"collection":[{"href":"https:\/\/www.pfadilandshut.ch\/wordpress\/index.php?rest_route=\/wp\/v2\/posts"}],"about":[{"href":"https:\/\/www.pfadilandshut.ch\/wordpress\/index.php?rest_route=\/wp\/v2\/types\/post"}],"author":[{"embeddable":true,"href":"https:\/\/www.pfadilandshut.ch\/wordpress\/index.php?rest_route=\/wp\/v2\/users\/5"}],"replies":[{"embeddable":true,"href":"https:\/\/www.pfadilandshut.ch\/wordpress\/index.php?rest_route=%2Fwp%2Fv2%2Fcomments&post=1165"}],"version-history":[{"count":2,"href":"https:\/\/www.pfadilandshut.ch\/wordpress\/index.php?rest_route=\/wp\/v2\/posts\/1165\/revisions"}],"predecessor-version":[{"id":1171,"href":"https:\/\/www.pfadilandshut.ch\/wordpress\/index.php?rest_route=\/wp\/v2\/posts\/1165\/revisions\/1171"}],"wp:attachment":[{"href":"https:\/\/www.pfadilandshut.ch\/wordpress\/index.php?rest_route=%2Fwp%2Fv2%2Fmedia&parent=1165"}],"wp:term":[{"taxonomy":"category","embeddable":true,"href":"https:\/\/www.pfadilandshut.ch\/wordpress\/index.php?rest_route=%2Fwp%2Fv2%2Fcategories&post=1165"},{"taxonomy":"post_tag","embeddable":true,"href":"https:\/\/www.pfadilandshut.ch\/wordpress\/index.php?rest_route=%2Fwp%2Fv2%2Ftags&post=1165"}],"curies":[{"name":"wp","href":"https:\/\/api.w.org\/{rel}","templated":true}]}}