{"id":1177,"date":"2018-05-27T20:30:13","date_gmt":"2018-05-27T19:30:13","guid":{"rendered":"http:\/\/www.pfadilandshut.ch\/wordpress\/?p=1177"},"modified":"2018-05-27T20:42:36","modified_gmt":"2018-05-27T19:42:36","slug":"pfila-minions-in-messen","status":"publish","type":"post","link":"https:\/\/www.pfadilandshut.ch\/wordpress\/?p=1177","title":{"rendered":"Pfila Minions in Messen"},"content":{"rendered":"<p>\u00dcber Pfingsten stehen wir Pfadis nicht so gerne wie andere im Stau am Gotthard. Stattdessen geht es bei uns ins Pfila!<\/p>\n<p>Dieses Jahr reisten wir als Minions nach Messen, um einen neuen Chef zu suchen. Die drei Tage im Pfila vergingen leider viel zu schnell; m\u00fcde und stinkend, aber gl\u00fccklich kamen wir nach Hause und nervten unsere Familien und Freunde mit den vielen spannenden Geschichten aus dem Pfila. Einige Eindr\u00fccke m\u00f6chten wir auch hier mit euch teilen:<\/p>\n<p>Die W\u00f6lfe bei einer Trinkpause auf der langen Wanderung zum Lagerplatz:<br \/>\n<a href=\"http:\/\/www.pfadilandshut.ch\/wordpress\/?attachment_id=1178#main\" rel=\"attachment wp-att-1178\"><img loading=\"lazy\" decoding=\"async\" class=\"alignnone wp-image-1178\" src=\"http:\/\/www.pfadilandshut.ch\/wordpress\/wp-content\/uploads\/2018\/05\/P1110105-300x225.jpg\" alt=\"\" width=\"365\" height=\"274\" srcset=\"https:\/\/www.pfadilandshut.ch\/wordpress\/wp-content\/uploads\/2018\/05\/P1110105-300x225.jpg 300w, https:\/\/www.pfadilandshut.ch\/wordpress\/wp-content\/uploads\/2018\/05\/P1110105-768x577.jpg 768w, https:\/\/www.pfadilandshut.ch\/wordpress\/wp-content\/uploads\/2018\/05\/P1110105-1024x769.jpg 1024w, https:\/\/www.pfadilandshut.ch\/wordpress\/wp-content\/uploads\/2018\/05\/P1110105-619x465.jpg 619w\" sizes=\"(max-width: 365px) 100vw, 365px\" \/><\/a><\/p>\n<p>Auf einem selbstgebauten B\u00e4nkli in einer der Pfaderk\u00fcchen:<br \/>\n<a href=\"http:\/\/www.pfadilandshut.ch\/wordpress\/?attachment_id=1179#main\" rel=\"attachment wp-att-1179\"><img loading=\"lazy\" decoding=\"async\" class=\"alignnone wp-image-1179\" src=\"http:\/\/www.pfadilandshut.ch\/wordpress\/wp-content\/uploads\/2018\/05\/P1110227-300x225.jpg\" alt=\"\" width=\"365\" height=\"274\" srcset=\"https:\/\/www.pfadilandshut.ch\/wordpress\/wp-content\/uploads\/2018\/05\/P1110227-300x225.jpg 300w, https:\/\/www.pfadilandshut.ch\/wordpress\/wp-content\/uploads\/2018\/05\/P1110227-768x577.jpg 768w, https:\/\/www.pfadilandshut.ch\/wordpress\/wp-content\/uploads\/2018\/05\/P1110227-1024x769.jpg 1024w, https:\/\/www.pfadilandshut.ch\/wordpress\/wp-content\/uploads\/2018\/05\/P1110227-619x465.jpg 619w\" sizes=\"(max-width: 365px) 100vw, 365px\" \/><\/a><\/p>\n<p>Und Lagerfeuerstimmung am Abend:<br \/>\n<a href=\"http:\/\/www.pfadilandshut.ch\/wordpress\/?attachment_id=1180#main\" rel=\"attachment wp-att-1180\"><img loading=\"lazy\" decoding=\"async\" class=\"alignnone wp-image-1180\" src=\"http:\/\/www.pfadilandshut.ch\/wordpress\/wp-content\/uploads\/2018\/05\/P1110133-300x225.jpg\" alt=\"\" width=\"365\" height=\"274\" srcset=\"https:\/\/www.pfadilandshut.ch\/wordpress\/wp-content\/uploads\/2018\/05\/P1110133-300x225.jpg 300w, https:\/\/www.pfadilandshut.ch\/wordpress\/wp-content\/uploads\/2018\/05\/P1110133-768x577.jpg 768w, https:\/\/www.pfadilandshut.ch\/wordpress\/wp-content\/uploads\/2018\/05\/P1110133-1024x769.jpg 1024w, https:\/\/www.pfadilandshut.ch\/wordpress\/wp-content\/uploads\/2018\/05\/P1110133-619x465.jpg 619w\" sizes=\"(max-width: 365px) 100vw, 365px\" \/><\/a><\/p>\n<p>Vielen Dank allen Organisatoren, Leitenden und nat\u00fcrlich dem ph\u00e4nomenalen K\u00fcchenteam, dank euch war das Pfila wiedereinmal absolut unvergesslich!<\/p>\n","protected":false},"excerpt":{"rendered":"<p>\u00dcber Pfingsten stehen wir Pfadis nicht so gerne wie andere im Stau am Gotthard. Stattdessen geht es bei uns ins Pfila! Dieses Jahr reisten wir als Minions nach Messen, um einen neuen Chef zu suchen. Die drei Tage im Pfila vergingen leider viel zu schnell; m\u00fcde und stinkend, aber gl\u00fccklich kamen wir nach Hause und [&hellip;]<\/p>\n","protected":false},"author":5,"featured_media":0,"comment_status":"open","ping_status":"open","sticky":false,"template":"","format":"standard","meta":{"footnotes":""},"categories":[9,3],"tags":[],"yoast_head":"<!-- This site is optimized with the Yoast SEO plugin v22.2 - https:\/\/yoast.com\/wordpress\/plugins\/seo\/ -->\n<title>Pfila Minions in Messen - Pfadilandshut.ch<\/title>\n<meta name=\"robots\" content=\"index, follow, max-snippet:-1, max-image-preview:large, max-video-preview:-1\" \/>\n<link rel=\"canonical\" href=\"https:\/\/www.pfadilandshut.ch\/wordpress\/?p=1177\" \/>\n<meta property=\"og:locale\" content=\"de_DE\" \/>\n<meta property=\"og:type\" content=\"article\" \/>\n<meta property=\"og:title\" content=\"Pfila Minions in Messen - Pfadilandshut.ch\" \/>\n<meta property=\"og:description\" content=\"\u00dcber Pfingsten stehen wir Pfadis nicht so gerne wie andere im Stau am Gotthard. Stattdessen geht es bei uns ins Pfila! Dieses Jahr reisten wir als Minions nach Messen, um einen neuen Chef zu suchen. Die drei Tage im Pfila vergingen leider viel zu schnell; m\u00fcde und stinkend, aber gl\u00fccklich kamen wir nach Hause und [&hellip;]\" \/>\n<meta property=\"og:url\" content=\"https:\/\/www.pfadilandshut.ch\/wordpress\/?p=1177\" \/>\n<meta property=\"og:site_name\" content=\"Pfadilandshut.ch\" \/>\n<meta property=\"article:published_time\" content=\"2018-05-27T19:30:13+00:00\" \/>\n<meta property=\"article:modified_time\" content=\"2018-05-27T19:42:36+00:00\" \/>\n<meta property=\"og:image\" content=\"http:\/\/www.pfadilandshut.ch\/wordpress\/wp-content\/uploads\/2018\/05\/P1110105-300x225.jpg\" \/>\n<meta name=\"author\" content=\"Leiter\" \/>\n<meta name=\"twitter:card\" content=\"summary_large_image\" \/>\n<meta name=\"twitter:label1\" content=\"Verfasst von\" \/>\n\t<meta name=\"twitter:data1\" content=\"Leiter\" \/>\n\t<meta name=\"twitter:label2\" content=\"Gesch\u00e4tzte Lesezeit\" \/>\n\t<meta name=\"twitter:data2\" content=\"1\u00a0Minute\" \/>\n<script type=\"application\/ld+json\" class=\"yoast-schema-graph\">{\"@context\":\"https:\/\/schema.org\",\"@graph\":[{\"@type\":\"WebPage\",\"@id\":\"https:\/\/www.pfadilandshut.ch\/wordpress\/?p=1177\",\"url\":\"https:\/\/www.pfadilandshut.ch\/wordpress\/?p=1177\",\"name\":\"Pfila Minions in Messen - Pfadilandshut.ch\",\"isPartOf\":{\"@id\":\"https:\/\/www.pfadilandshut.ch\/wordpress\/#website\"},\"primaryImageOfPage\":{\"@id\":\"https:\/\/www.pfadilandshut.ch\/wordpress\/?p=1177#primaryimage\"},\"image\":{\"@id\":\"https:\/\/www.pfadilandshut.ch\/wordpress\/?p=1177#primaryimage\"},\"thumbnailUrl\":\"http:\/\/www.pfadilandshut.ch\/wordpress\/wp-content\/uploads\/2018\/05\/P1110105-300x225.jpg\",\"datePublished\":\"2018-05-27T19:30:13+00:00\",\"dateModified\":\"2018-05-27T19:42:36+00:00\",\"author\":{\"@id\":\"https:\/\/www.pfadilandshut.ch\/wordpress\/#\/schema\/person\/73a04e42fdd26bf56614c5e4a983e2e4\"},\"breadcrumb\":{\"@id\":\"https:\/\/www.pfadilandshut.ch\/wordpress\/?p=1177#breadcrumb\"},\"inLanguage\":\"de\",\"potentialAction\":[{\"@type\":\"ReadAction\",\"target\":[\"https:\/\/www.pfadilandshut.ch\/wordpress\/?p=1177\"]}]},{\"@type\":\"ImageObject\",\"inLanguage\":\"de\",\"@id\":\"https:\/\/www.pfadilandshut.ch\/wordpress\/?p=1177#primaryimage\",\"url\":\"http:\/\/www.pfadilandshut.ch\/wordpress\/wp-content\/uploads\/2018\/05\/P1110105-300x225.jpg\",\"contentUrl\":\"http:\/\/www.pfadilandshut.ch\/wordpress\/wp-content\/uploads\/2018\/05\/P1110105-300x225.jpg\"},{\"@type\":\"BreadcrumbList\",\"@id\":\"https:\/\/www.pfadilandshut.ch\/wordpress\/?p=1177#breadcrumb\",\"itemListElement\":[{\"@type\":\"ListItem\",\"position\":1,\"name\":\"Startseite\",\"item\":\"https:\/\/www.pfadilandshut.ch\/wordpress\/\"},{\"@type\":\"ListItem\",\"position\":2,\"name\":\"Pfila Minions in Messen\"}]},{\"@type\":\"WebSite\",\"@id\":\"https:\/\/www.pfadilandshut.ch\/wordpress\/#website\",\"url\":\"https:\/\/www.pfadilandshut.ch\/wordpress\/\",\"name\":\"Pfadilandshut.ch\",\"description\":\"Pfadi Abteilung aus B\u00e4tterkinden BE\",\"potentialAction\":[{\"@type\":\"SearchAction\",\"target\":{\"@type\":\"EntryPoint\",\"urlTemplate\":\"https:\/\/www.pfadilandshut.ch\/wordpress\/?s={search_term_string}\"},\"query-input\":\"required name=search_term_string\"}],\"inLanguage\":\"de\"},{\"@type\":\"Person\",\"@id\":\"https:\/\/www.pfadilandshut.ch\/wordpress\/#\/schema\/person\/73a04e42fdd26bf56614c5e4a983e2e4\",\"name\":\"Leiter\",\"image\":{\"@type\":\"ImageObject\",\"inLanguage\":\"de\",\"@id\":\"https:\/\/www.pfadilandshut.ch\/wordpress\/#\/schema\/person\/image\/\",\"url\":\"https:\/\/secure.gravatar.com\/avatar\/a499af3e0a67c3e44221bee8544bf8b0?s=96&d=mm&r=g\",\"contentUrl\":\"https:\/\/secure.gravatar.com\/avatar\/a499af3e0a67c3e44221bee8544bf8b0?s=96&d=mm&r=g\",\"caption\":\"Leiter\"},\"sameAs\":[\"http:\/\/www.pfadilandshut.ch\"],\"url\":\"https:\/\/www.pfadilandshut.ch\/wordpress\/?author=5\"}]}<\/script>\n<!-- \/ Yoast SEO plugin. -->","yoast_head_json":{"title":"Pfila Minions in Messen - Pfadilandshut.ch","robots":{"index":"index","follow":"follow","max-snippet":"max-snippet:-1","max-image-preview":"max-image-preview:large","max-video-preview":"max-video-preview:-1"},"canonical":"https:\/\/www.pfadilandshut.ch\/wordpress\/?p=1177","og_locale":"de_DE","og_type":"article","og_title":"Pfila Minions in Messen - Pfadilandshut.ch","og_description":"\u00dcber Pfingsten stehen wir Pfadis nicht so gerne wie andere im Stau am Gotthard. Stattdessen geht es bei uns ins Pfila! Dieses Jahr reisten wir als Minions nach Messen, um einen neuen Chef zu suchen. Die drei Tage im Pfila vergingen leider viel zu schnell; m\u00fcde und stinkend, aber gl\u00fccklich kamen wir nach Hause und [&hellip;]","og_url":"https:\/\/www.pfadilandshut.ch\/wordpress\/?p=1177","og_site_name":"Pfadilandshut.ch","article_published_time":"2018-05-27T19:30:13+00:00","article_modified_time":"2018-05-27T19:42:36+00:00","og_image":[{"url":"http:\/\/www.pfadilandshut.ch\/wordpress\/wp-content\/uploads\/2018\/05\/P1110105-300x225.jpg"}],"author":"Leiter","twitter_card":"summary_large_image","twitter_misc":{"Verfasst von":"Leiter","Gesch\u00e4tzte Lesezeit":"1\u00a0Minute"},"schema":{"@context":"https:\/\/schema.org","@graph":[{"@type":"WebPage","@id":"https:\/\/www.pfadilandshut.ch\/wordpress\/?p=1177","url":"https:\/\/www.pfadilandshut.ch\/wordpress\/?p=1177","name":"Pfila Minions in Messen - Pfadilandshut.ch","isPartOf":{"@id":"https:\/\/www.pfadilandshut.ch\/wordpress\/#website"},"primaryImageOfPage":{"@id":"https:\/\/www.pfadilandshut.ch\/wordpress\/?p=1177#primaryimage"},"image":{"@id":"https:\/\/www.pfadilandshut.ch\/wordpress\/?p=1177#primaryimage"},"thumbnailUrl":"http:\/\/www.pfadilandshut.ch\/wordpress\/wp-content\/uploads\/2018\/05\/P1110105-300x225.jpg","datePublished":"2018-05-27T19:30:13+00:00","dateModified":"2018-05-27T19:42:36+00:00","author":{"@id":"https:\/\/www.pfadilandshut.ch\/wordpress\/#\/schema\/person\/73a04e42fdd26bf56614c5e4a983e2e4"},"breadcrumb":{"@id":"https:\/\/www.pfadilandshut.ch\/wordpress\/?p=1177#breadcrumb"},"inLanguage":"de","potentialAction":[{"@type":"ReadAction","target":["https:\/\/www.pfadilandshut.ch\/wordpress\/?p=1177"]}]},{"@type":"ImageObject","inLanguage":"de","@id":"https:\/\/www.pfadilandshut.ch\/wordpress\/?p=1177#primaryimage","url":"http:\/\/www.pfadilandshut.ch\/wordpress\/wp-content\/uploads\/2018\/05\/P1110105-300x225.jpg","contentUrl":"http:\/\/www.pfadilandshut.ch\/wordpress\/wp-content\/uploads\/2018\/05\/P1110105-300x225.jpg"},{"@type":"BreadcrumbList","@id":"https:\/\/www.pfadilandshut.ch\/wordpress\/?p=1177#breadcrumb","itemListElement":[{"@type":"ListItem","position":1,"name":"Startseite","item":"https:\/\/www.pfadilandshut.ch\/wordpress\/"},{"@type":"ListItem","position":2,"name":"Pfila Minions in Messen"}]},{"@type":"WebSite","@id":"https:\/\/www.pfadilandshut.ch\/wordpress\/#website","url":"https:\/\/www.pfadilandshut.ch\/wordpress\/","name":"Pfadilandshut.ch","description":"Pfadi Abteilung aus B\u00e4tterkinden BE","potentialAction":[{"@type":"SearchAction","target":{"@type":"EntryPoint","urlTemplate":"https:\/\/www.pfadilandshut.ch\/wordpress\/?s={search_term_string}"},"query-input":"required name=search_term_string"}],"inLanguage":"de"},{"@type":"Person","@id":"https:\/\/www.pfadilandshut.ch\/wordpress\/#\/schema\/person\/73a04e42fdd26bf56614c5e4a983e2e4","name":"Leiter","image":{"@type":"ImageObject","inLanguage":"de","@id":"https:\/\/www.pfadilandshut.ch\/wordpress\/#\/schema\/person\/image\/","url":"https:\/\/secure.gravatar.com\/avatar\/a499af3e0a67c3e44221bee8544bf8b0?s=96&d=mm&r=g","contentUrl":"https:\/\/secure.gravatar.com\/avatar\/a499af3e0a67c3e44221bee8544bf8b0?s=96&d=mm&r=g","caption":"Leiter"},"sameAs":["http:\/\/www.pfadilandshut.ch"],"url":"https:\/\/www.pfadilandshut.ch\/wordpress\/?author=5"}]}},"_links":{"self":[{"href":"https:\/\/www.pfadilandshut.ch\/wordpress\/index.php?rest_route=\/wp\/v2\/posts\/1177"}],"collection":[{"href":"https:\/\/www.pfadilandshut.ch\/wordpress\/index.php?rest_route=\/wp\/v2\/posts"}],"about":[{"href":"https:\/\/www.pfadilandshut.ch\/wordpress\/index.php?rest_route=\/wp\/v2\/types\/post"}],"author":[{"embeddable":true,"href":"https:\/\/www.pfadilandshut.ch\/wordpress\/index.php?rest_route=\/wp\/v2\/users\/5"}],"replies":[{"embeddable":true,"href":"https:\/\/www.pfadilandshut.ch\/wordpress\/index.php?rest_route=%2Fwp%2Fv2%2Fcomments&post=1177"}],"version-history":[{"count":3,"href":"https:\/\/www.pfadilandshut.ch\/wordpress\/index.php?rest_route=\/wp\/v2\/posts\/1177\/revisions"}],"predecessor-version":[{"id":1183,"href":"https:\/\/www.pfadilandshut.ch\/wordpress\/index.php?rest_route=\/wp\/v2\/posts\/1177\/revisions\/1183"}],"wp:attachment":[{"href":"https:\/\/www.pfadilandshut.ch\/wordpress\/index.php?rest_route=%2Fwp%2Fv2%2Fmedia&parent=1177"}],"wp:term":[{"taxonomy":"category","embeddable":true,"href":"https:\/\/www.pfadilandshut.ch\/wordpress\/index.php?rest_route=%2Fwp%2Fv2%2Fcategories&post=1177"},{"taxonomy":"post_tag","embeddable":true,"href":"https:\/\/www.pfadilandshut.ch\/wordpress\/index.php?rest_route=%2Fwp%2Fv2%2Ftags&post=1177"}],"curies":[{"name":"wp","href":"https:\/\/api.w.org\/{rel}","templated":true}]}}