{"id":1234,"date":"2019-05-05T11:52:40","date_gmt":"2019-05-05T10:52:40","guid":{"rendered":"http:\/\/www.pfadilandshut.ch\/wordpress\/?p=1234"},"modified":"2019-05-05T11:52:42","modified_gmt":"2019-05-05T10:52:42","slug":"abteilungstag-3","status":"publish","type":"post","link":"https:\/\/www.pfadilandshut.ch\/wordpress\/?p=1234","title":{"rendered":"Abteilungstag"},"content":{"rendered":"\n<p>Der Abteilungstag ist die Gelegenheit, an der wieder mal alle etwas zusammen machen, von den ganz kleinen Bibern bis zu den \u00e4ltesten Leitpfadis. Die jeweils  \u00e4ltesten wechseln in die n\u00e4chste Stufe und bringen wieder richtig frischen Wind in die Stufe.<br><\/p>\n\n\n\n<p>Dieses Jahr stand der Abteilungstag voll und ganz unter dem Motto Olympiade:<\/p>\n\n\n\n<figure class=\"wp-block-image is-resized\"><img loading=\"lazy\" decoding=\"async\" src=\"http:\/\/www.pfadilandshut.ch\/wordpress\/wp-content\/uploads\/2019\/05\/P1140062-1024x769.jpg\" alt=\"\" class=\"wp-image-1235\" width=\"579\" height=\"434\" srcset=\"https:\/\/www.pfadilandshut.ch\/wordpress\/wp-content\/uploads\/2019\/05\/P1140062-1024x769.jpg 1024w, https:\/\/www.pfadilandshut.ch\/wordpress\/wp-content\/uploads\/2019\/05\/P1140062-300x225.jpg 300w, https:\/\/www.pfadilandshut.ch\/wordpress\/wp-content\/uploads\/2019\/05\/P1140062-768x577.jpg 768w, https:\/\/www.pfadilandshut.ch\/wordpress\/wp-content\/uploads\/2019\/05\/P1140062-619x465.jpg 619w\" sizes=\"(max-width: 579px) 100vw, 579px\" \/><figcaption>In einer Zeremonie entz\u00fcndeteten wir das Olympische Feuer.<\/figcaption><\/figure>\n\n\n\n<p>Danach hiess es Vollgas in jeder Disziplin unserer Pfadi-Olympiade:<\/p>\n\n\n\n<figure class=\"wp-block-image is-resized\"><img loading=\"lazy\" decoding=\"async\" src=\"http:\/\/www.pfadilandshut.ch\/wordpress\/wp-content\/uploads\/2019\/05\/P1140071-1024x769.jpg\" alt=\"\" class=\"wp-image-1237\" width=\"580\" height=\"435\" srcset=\"https:\/\/www.pfadilandshut.ch\/wordpress\/wp-content\/uploads\/2019\/05\/P1140071-1024x769.jpg 1024w, https:\/\/www.pfadilandshut.ch\/wordpress\/wp-content\/uploads\/2019\/05\/P1140071-300x225.jpg 300w, https:\/\/www.pfadilandshut.ch\/wordpress\/wp-content\/uploads\/2019\/05\/P1140071-768x577.jpg 768w, https:\/\/www.pfadilandshut.ch\/wordpress\/wp-content\/uploads\/2019\/05\/P1140071-619x465.jpg 619w\" sizes=\"(max-width: 580px) 100vw, 580px\" \/><figcaption>Zum Beispiel beim Seilziehen<\/figcaption><\/figure>\n\n\n\n<figure class=\"wp-block-image is-resized\"><img loading=\"lazy\" decoding=\"async\" src=\"http:\/\/www.pfadilandshut.ch\/wordpress\/wp-content\/uploads\/2019\/05\/P1140140-1024x769.jpg\" alt=\"\" class=\"wp-image-1238\" width=\"581\" height=\"436\" srcset=\"https:\/\/www.pfadilandshut.ch\/wordpress\/wp-content\/uploads\/2019\/05\/P1140140-1024x769.jpg 1024w, https:\/\/www.pfadilandshut.ch\/wordpress\/wp-content\/uploads\/2019\/05\/P1140140-300x225.jpg 300w, https:\/\/www.pfadilandshut.ch\/wordpress\/wp-content\/uploads\/2019\/05\/P1140140-768x577.jpg 768w, https:\/\/www.pfadilandshut.ch\/wordpress\/wp-content\/uploads\/2019\/05\/P1140140-619x465.jpg 619w\" sizes=\"(max-width: 581px) 100vw, 581px\" \/><figcaption>Am Schluss konnten wir unser Siegerteam k\u00fcren und alle posierten f\u00fcr ein tolles Foto vor dem Podest.<\/figcaption><\/figure>\n","protected":false},"excerpt":{"rendered":"<p>Der Abteilungstag ist die Gelegenheit, an der wieder mal alle etwas zusammen machen, von den ganz kleinen Bibern bis zu den \u00e4ltesten Leitpfadis. Die jeweils \u00e4ltesten wechseln in die n\u00e4chste Stufe und bringen wieder richtig frischen Wind in die Stufe. Dieses Jahr stand der Abteilungstag voll und ganz unter dem Motto Olympiade: Danach hiess es [&hellip;]<\/p>\n","protected":false},"author":5,"featured_media":0,"comment_status":"open","ping_status":"open","sticky":false,"template":"","format":"standard","meta":{"footnotes":""},"categories":[3],"tags":[],"yoast_head":"<!-- This site is optimized with the Yoast SEO plugin v22.2 - https:\/\/yoast.com\/wordpress\/plugins\/seo\/ -->\n<title>Abteilungstag - Pfadilandshut.ch<\/title>\n<meta name=\"robots\" content=\"index, follow, max-snippet:-1, max-image-preview:large, max-video-preview:-1\" \/>\n<link rel=\"canonical\" href=\"https:\/\/www.pfadilandshut.ch\/wordpress\/?p=1234\" \/>\n<meta property=\"og:locale\" content=\"de_DE\" \/>\n<meta property=\"og:type\" content=\"article\" \/>\n<meta property=\"og:title\" content=\"Abteilungstag - Pfadilandshut.ch\" \/>\n<meta property=\"og:description\" content=\"Der Abteilungstag ist die Gelegenheit, an der wieder mal alle etwas zusammen machen, von den ganz kleinen Bibern bis zu den \u00e4ltesten Leitpfadis. Die jeweils \u00e4ltesten wechseln in die n\u00e4chste Stufe und bringen wieder richtig frischen Wind in die Stufe. Dieses Jahr stand der Abteilungstag voll und ganz unter dem Motto Olympiade: Danach hiess es [&hellip;]\" \/>\n<meta property=\"og:url\" content=\"https:\/\/www.pfadilandshut.ch\/wordpress\/?p=1234\" \/>\n<meta property=\"og:site_name\" content=\"Pfadilandshut.ch\" \/>\n<meta property=\"article:published_time\" content=\"2019-05-05T10:52:40+00:00\" \/>\n<meta property=\"article:modified_time\" content=\"2019-05-05T10:52:42+00:00\" \/>\n<meta property=\"og:image\" content=\"http:\/\/www.pfadilandshut.ch\/wordpress\/wp-content\/uploads\/2019\/05\/P1140062-1024x769.jpg\" \/>\n<meta name=\"author\" content=\"Leiter\" \/>\n<meta name=\"twitter:card\" content=\"summary_large_image\" \/>\n<meta name=\"twitter:label1\" content=\"Verfasst von\" \/>\n\t<meta name=\"twitter:data1\" content=\"Leiter\" \/>\n<script type=\"application\/ld+json\" class=\"yoast-schema-graph\">{\"@context\":\"https:\/\/schema.org\",\"@graph\":[{\"@type\":\"WebPage\",\"@id\":\"https:\/\/www.pfadilandshut.ch\/wordpress\/?p=1234\",\"url\":\"https:\/\/www.pfadilandshut.ch\/wordpress\/?p=1234\",\"name\":\"Abteilungstag - Pfadilandshut.ch\",\"isPartOf\":{\"@id\":\"https:\/\/www.pfadilandshut.ch\/wordpress\/#website\"},\"primaryImageOfPage\":{\"@id\":\"https:\/\/www.pfadilandshut.ch\/wordpress\/?p=1234#primaryimage\"},\"image\":{\"@id\":\"https:\/\/www.pfadilandshut.ch\/wordpress\/?p=1234#primaryimage\"},\"thumbnailUrl\":\"http:\/\/www.pfadilandshut.ch\/wordpress\/wp-content\/uploads\/2019\/05\/P1140062-1024x769.jpg\",\"datePublished\":\"2019-05-05T10:52:40+00:00\",\"dateModified\":\"2019-05-05T10:52:42+00:00\",\"author\":{\"@id\":\"https:\/\/www.pfadilandshut.ch\/wordpress\/#\/schema\/person\/73a04e42fdd26bf56614c5e4a983e2e4\"},\"breadcrumb\":{\"@id\":\"https:\/\/www.pfadilandshut.ch\/wordpress\/?p=1234#breadcrumb\"},\"inLanguage\":\"de\",\"potentialAction\":[{\"@type\":\"ReadAction\",\"target\":[\"https:\/\/www.pfadilandshut.ch\/wordpress\/?p=1234\"]}]},{\"@type\":\"ImageObject\",\"inLanguage\":\"de\",\"@id\":\"https:\/\/www.pfadilandshut.ch\/wordpress\/?p=1234#primaryimage\",\"url\":\"http:\/\/www.pfadilandshut.ch\/wordpress\/wp-content\/uploads\/2019\/05\/P1140062-1024x769.jpg\",\"contentUrl\":\"http:\/\/www.pfadilandshut.ch\/wordpress\/wp-content\/uploads\/2019\/05\/P1140062-1024x769.jpg\"},{\"@type\":\"BreadcrumbList\",\"@id\":\"https:\/\/www.pfadilandshut.ch\/wordpress\/?p=1234#breadcrumb\",\"itemListElement\":[{\"@type\":\"ListItem\",\"position\":1,\"name\":\"Startseite\",\"item\":\"https:\/\/www.pfadilandshut.ch\/wordpress\/\"},{\"@type\":\"ListItem\",\"position\":2,\"name\":\"Abteilungstag\"}]},{\"@type\":\"WebSite\",\"@id\":\"https:\/\/www.pfadilandshut.ch\/wordpress\/#website\",\"url\":\"https:\/\/www.pfadilandshut.ch\/wordpress\/\",\"name\":\"Pfadilandshut.ch\",\"description\":\"Pfadi Abteilung aus B\u00e4tterkinden BE\",\"potentialAction\":[{\"@type\":\"SearchAction\",\"target\":{\"@type\":\"EntryPoint\",\"urlTemplate\":\"https:\/\/www.pfadilandshut.ch\/wordpress\/?s={search_term_string}\"},\"query-input\":\"required name=search_term_string\"}],\"inLanguage\":\"de\"},{\"@type\":\"Person\",\"@id\":\"https:\/\/www.pfadilandshut.ch\/wordpress\/#\/schema\/person\/73a04e42fdd26bf56614c5e4a983e2e4\",\"name\":\"Leiter\",\"image\":{\"@type\":\"ImageObject\",\"inLanguage\":\"de\",\"@id\":\"https:\/\/www.pfadilandshut.ch\/wordpress\/#\/schema\/person\/image\/\",\"url\":\"https:\/\/secure.gravatar.com\/avatar\/a499af3e0a67c3e44221bee8544bf8b0?s=96&d=mm&r=g\",\"contentUrl\":\"https:\/\/secure.gravatar.com\/avatar\/a499af3e0a67c3e44221bee8544bf8b0?s=96&d=mm&r=g\",\"caption\":\"Leiter\"},\"sameAs\":[\"http:\/\/www.pfadilandshut.ch\"],\"url\":\"https:\/\/www.pfadilandshut.ch\/wordpress\/?author=5\"}]}<\/script>\n<!-- \/ Yoast SEO plugin. -->","yoast_head_json":{"title":"Abteilungstag - Pfadilandshut.ch","robots":{"index":"index","follow":"follow","max-snippet":"max-snippet:-1","max-image-preview":"max-image-preview:large","max-video-preview":"max-video-preview:-1"},"canonical":"https:\/\/www.pfadilandshut.ch\/wordpress\/?p=1234","og_locale":"de_DE","og_type":"article","og_title":"Abteilungstag - Pfadilandshut.ch","og_description":"Der Abteilungstag ist die Gelegenheit, an der wieder mal alle etwas zusammen machen, von den ganz kleinen Bibern bis zu den \u00e4ltesten Leitpfadis. Die jeweils \u00e4ltesten wechseln in die n\u00e4chste Stufe und bringen wieder richtig frischen Wind in die Stufe. Dieses Jahr stand der Abteilungstag voll und ganz unter dem Motto Olympiade: Danach hiess es [&hellip;]","og_url":"https:\/\/www.pfadilandshut.ch\/wordpress\/?p=1234","og_site_name":"Pfadilandshut.ch","article_published_time":"2019-05-05T10:52:40+00:00","article_modified_time":"2019-05-05T10:52:42+00:00","og_image":[{"url":"http:\/\/www.pfadilandshut.ch\/wordpress\/wp-content\/uploads\/2019\/05\/P1140062-1024x769.jpg"}],"author":"Leiter","twitter_card":"summary_large_image","twitter_misc":{"Verfasst von":"Leiter"},"schema":{"@context":"https:\/\/schema.org","@graph":[{"@type":"WebPage","@id":"https:\/\/www.pfadilandshut.ch\/wordpress\/?p=1234","url":"https:\/\/www.pfadilandshut.ch\/wordpress\/?p=1234","name":"Abteilungstag - Pfadilandshut.ch","isPartOf":{"@id":"https:\/\/www.pfadilandshut.ch\/wordpress\/#website"},"primaryImageOfPage":{"@id":"https:\/\/www.pfadilandshut.ch\/wordpress\/?p=1234#primaryimage"},"image":{"@id":"https:\/\/www.pfadilandshut.ch\/wordpress\/?p=1234#primaryimage"},"thumbnailUrl":"http:\/\/www.pfadilandshut.ch\/wordpress\/wp-content\/uploads\/2019\/05\/P1140062-1024x769.jpg","datePublished":"2019-05-05T10:52:40+00:00","dateModified":"2019-05-05T10:52:42+00:00","author":{"@id":"https:\/\/www.pfadilandshut.ch\/wordpress\/#\/schema\/person\/73a04e42fdd26bf56614c5e4a983e2e4"},"breadcrumb":{"@id":"https:\/\/www.pfadilandshut.ch\/wordpress\/?p=1234#breadcrumb"},"inLanguage":"de","potentialAction":[{"@type":"ReadAction","target":["https:\/\/www.pfadilandshut.ch\/wordpress\/?p=1234"]}]},{"@type":"ImageObject","inLanguage":"de","@id":"https:\/\/www.pfadilandshut.ch\/wordpress\/?p=1234#primaryimage","url":"http:\/\/www.pfadilandshut.ch\/wordpress\/wp-content\/uploads\/2019\/05\/P1140062-1024x769.jpg","contentUrl":"http:\/\/www.pfadilandshut.ch\/wordpress\/wp-content\/uploads\/2019\/05\/P1140062-1024x769.jpg"},{"@type":"BreadcrumbList","@id":"https:\/\/www.pfadilandshut.ch\/wordpress\/?p=1234#breadcrumb","itemListElement":[{"@type":"ListItem","position":1,"name":"Startseite","item":"https:\/\/www.pfadilandshut.ch\/wordpress\/"},{"@type":"ListItem","position":2,"name":"Abteilungstag"}]},{"@type":"WebSite","@id":"https:\/\/www.pfadilandshut.ch\/wordpress\/#website","url":"https:\/\/www.pfadilandshut.ch\/wordpress\/","name":"Pfadilandshut.ch","description":"Pfadi Abteilung aus B\u00e4tterkinden BE","potentialAction":[{"@type":"SearchAction","target":{"@type":"EntryPoint","urlTemplate":"https:\/\/www.pfadilandshut.ch\/wordpress\/?s={search_term_string}"},"query-input":"required name=search_term_string"}],"inLanguage":"de"},{"@type":"Person","@id":"https:\/\/www.pfadilandshut.ch\/wordpress\/#\/schema\/person\/73a04e42fdd26bf56614c5e4a983e2e4","name":"Leiter","image":{"@type":"ImageObject","inLanguage":"de","@id":"https:\/\/www.pfadilandshut.ch\/wordpress\/#\/schema\/person\/image\/","url":"https:\/\/secure.gravatar.com\/avatar\/a499af3e0a67c3e44221bee8544bf8b0?s=96&d=mm&r=g","contentUrl":"https:\/\/secure.gravatar.com\/avatar\/a499af3e0a67c3e44221bee8544bf8b0?s=96&d=mm&r=g","caption":"Leiter"},"sameAs":["http:\/\/www.pfadilandshut.ch"],"url":"https:\/\/www.pfadilandshut.ch\/wordpress\/?author=5"}]}},"_links":{"self":[{"href":"https:\/\/www.pfadilandshut.ch\/wordpress\/index.php?rest_route=\/wp\/v2\/posts\/1234"}],"collection":[{"href":"https:\/\/www.pfadilandshut.ch\/wordpress\/index.php?rest_route=\/wp\/v2\/posts"}],"about":[{"href":"https:\/\/www.pfadilandshut.ch\/wordpress\/index.php?rest_route=\/wp\/v2\/types\/post"}],"author":[{"embeddable":true,"href":"https:\/\/www.pfadilandshut.ch\/wordpress\/index.php?rest_route=\/wp\/v2\/users\/5"}],"replies":[{"embeddable":true,"href":"https:\/\/www.pfadilandshut.ch\/wordpress\/index.php?rest_route=%2Fwp%2Fv2%2Fcomments&post=1234"}],"version-history":[{"count":4,"href":"https:\/\/www.pfadilandshut.ch\/wordpress\/index.php?rest_route=\/wp\/v2\/posts\/1234\/revisions"}],"predecessor-version":[{"id":1242,"href":"https:\/\/www.pfadilandshut.ch\/wordpress\/index.php?rest_route=\/wp\/v2\/posts\/1234\/revisions\/1242"}],"wp:attachment":[{"href":"https:\/\/www.pfadilandshut.ch\/wordpress\/index.php?rest_route=%2Fwp%2Fv2%2Fmedia&parent=1234"}],"wp:term":[{"taxonomy":"category","embeddable":true,"href":"https:\/\/www.pfadilandshut.ch\/wordpress\/index.php?rest_route=%2Fwp%2Fv2%2Fcategories&post=1234"},{"taxonomy":"post_tag","embeddable":true,"href":"https:\/\/www.pfadilandshut.ch\/wordpress\/index.php?rest_route=%2Fwp%2Fv2%2Ftags&post=1234"}],"curies":[{"name":"wp","href":"https:\/\/api.w.org\/{rel}","templated":true}]}}