{"id":1258,"date":"2019-06-02T19:37:53","date_gmt":"2019-06-02T18:37:53","guid":{"rendered":"http:\/\/www.pfadilandshut.ch\/wordpress\/?p=1258"},"modified":"2019-06-02T19:37:54","modified_gmt":"2019-06-02T18:37:54","slug":"waldputzete","status":"publish","type":"post","link":"https:\/\/www.pfadilandshut.ch\/wordpress\/?p=1258","title":{"rendered":"Waldputzete"},"content":{"rendered":"\n<p>Was k\u00f6nnten wir denn machen, um unsere Pfadikasse ein wenig aufzubessern, damit wir auch f\u00fcr kommende Lager und Aktivit\u00e4ten gut ausgestattet sind? Nat\u00fcrlich! Den Wald putzen! Denn da liegt \u00fcberall M\u00fcll rum, der da nicht hingeh\u00f6rt. So tun wir auch gleich noch etwas Gutes f\u00fcr die Umwelt. Denn wir Pfadi wollen Sorge tragen zur Natur und allem Leben, das steht schon so in unserem Pfadigesetz. <\/p>\n\n\n\n<p>Also gehen wir los, in Gruppen aufgeteilt und durchk\u00e4mmen den ganzen Wald, der Emme entlang in B\u00e4tterkinden und Utzenstorf. <\/p>\n\n\n\n<figure class=\"wp-block-image is-resized\"><img loading=\"lazy\" decoding=\"async\" src=\"http:\/\/www.pfadilandshut.ch\/wordpress\/wp-content\/uploads\/2019\/06\/DSC8148_1-1024x683.jpg\" alt=\"\" class=\"wp-image-1259\" width=\"496\" height=\"330\" srcset=\"https:\/\/www.pfadilandshut.ch\/wordpress\/wp-content\/uploads\/2019\/06\/DSC8148_1-1024x683.jpg 1024w, https:\/\/www.pfadilandshut.ch\/wordpress\/wp-content\/uploads\/2019\/06\/DSC8148_1-300x200.jpg 300w, https:\/\/www.pfadilandshut.ch\/wordpress\/wp-content\/uploads\/2019\/06\/DSC8148_1-768x512.jpg 768w, https:\/\/www.pfadilandshut.ch\/wordpress\/wp-content\/uploads\/2019\/06\/DSC8148_1-619x413.jpg 619w\" sizes=\"(max-width: 496px) 100vw, 496px\" \/><figcaption>Unterwegs im Wald<\/figcaption><\/figure>\n\n\n\n<p>Dabei finden wir z.T. auch kuriose Sachen, wie dieses Velo:<\/p>\n\n\n\n<figure class=\"wp-block-image is-resized\"><img loading=\"lazy\" decoding=\"async\" src=\"http:\/\/www.pfadilandshut.ch\/wordpress\/wp-content\/uploads\/2019\/06\/DSC8157_1-1024x683.jpg\" alt=\"\" class=\"wp-image-1260\" width=\"497\" height=\"331\" srcset=\"https:\/\/www.pfadilandshut.ch\/wordpress\/wp-content\/uploads\/2019\/06\/DSC8157_1-1024x683.jpg 1024w, https:\/\/www.pfadilandshut.ch\/wordpress\/wp-content\/uploads\/2019\/06\/DSC8157_1-300x200.jpg 300w, https:\/\/www.pfadilandshut.ch\/wordpress\/wp-content\/uploads\/2019\/06\/DSC8157_1-768x512.jpg 768w, https:\/\/www.pfadilandshut.ch\/wordpress\/wp-content\/uploads\/2019\/06\/DSC8157_1-619x413.jpg 619w\" sizes=\"(max-width: 497px) 100vw, 497px\" \/><figcaption>Beim w\u00e4gen des Velos<\/figcaption><\/figure>\n\n\n\n<p>Zusammengekommen sind schliesslich 51 kg Abfall! Vielen Dank allen fleissigen Helferinnen und Helfern!<\/p>\n","protected":false},"excerpt":{"rendered":"<p>Was k\u00f6nnten wir denn machen, um unsere Pfadikasse ein wenig aufzubessern, damit wir auch f\u00fcr kommende Lager und Aktivit\u00e4ten gut ausgestattet sind? Nat\u00fcrlich! Den Wald putzen! Denn da liegt \u00fcberall M\u00fcll rum, der da nicht hingeh\u00f6rt. So tun wir auch gleich noch etwas Gutes f\u00fcr die Umwelt. Denn wir Pfadi wollen Sorge tragen zur Natur [&hellip;]<\/p>\n","protected":false},"author":5,"featured_media":0,"comment_status":"open","ping_status":"open","sticky":false,"template":"","format":"standard","meta":{"footnotes":""},"categories":[3],"tags":[],"yoast_head":"<!-- This site is optimized with the Yoast SEO plugin v22.2 - https:\/\/yoast.com\/wordpress\/plugins\/seo\/ -->\n<title>Waldputzete - Pfadilandshut.ch<\/title>\n<meta name=\"robots\" content=\"index, follow, max-snippet:-1, max-image-preview:large, max-video-preview:-1\" \/>\n<link rel=\"canonical\" href=\"https:\/\/www.pfadilandshut.ch\/wordpress\/?p=1258\" \/>\n<meta property=\"og:locale\" content=\"de_DE\" \/>\n<meta property=\"og:type\" content=\"article\" \/>\n<meta property=\"og:title\" content=\"Waldputzete - Pfadilandshut.ch\" \/>\n<meta property=\"og:description\" content=\"Was k\u00f6nnten wir denn machen, um unsere Pfadikasse ein wenig aufzubessern, damit wir auch f\u00fcr kommende Lager und Aktivit\u00e4ten gut ausgestattet sind? Nat\u00fcrlich! Den Wald putzen! Denn da liegt \u00fcberall M\u00fcll rum, der da nicht hingeh\u00f6rt. So tun wir auch gleich noch etwas Gutes f\u00fcr die Umwelt. Denn wir Pfadi wollen Sorge tragen zur Natur [&hellip;]\" \/>\n<meta property=\"og:url\" content=\"https:\/\/www.pfadilandshut.ch\/wordpress\/?p=1258\" \/>\n<meta property=\"og:site_name\" content=\"Pfadilandshut.ch\" \/>\n<meta property=\"article:published_time\" content=\"2019-06-02T18:37:53+00:00\" \/>\n<meta property=\"article:modified_time\" content=\"2019-06-02T18:37:54+00:00\" \/>\n<meta property=\"og:image\" content=\"http:\/\/www.pfadilandshut.ch\/wordpress\/wp-content\/uploads\/2019\/06\/DSC8148_1-1024x683.jpg\" \/>\n<meta name=\"author\" content=\"Leiter\" \/>\n<meta name=\"twitter:card\" content=\"summary_large_image\" \/>\n<meta name=\"twitter:label1\" content=\"Verfasst von\" \/>\n\t<meta name=\"twitter:data1\" content=\"Leiter\" \/>\n\t<meta name=\"twitter:label2\" content=\"Gesch\u00e4tzte Lesezeit\" \/>\n\t<meta name=\"twitter:data2\" content=\"1\u00a0Minute\" \/>\n<script type=\"application\/ld+json\" class=\"yoast-schema-graph\">{\"@context\":\"https:\/\/schema.org\",\"@graph\":[{\"@type\":\"WebPage\",\"@id\":\"https:\/\/www.pfadilandshut.ch\/wordpress\/?p=1258\",\"url\":\"https:\/\/www.pfadilandshut.ch\/wordpress\/?p=1258\",\"name\":\"Waldputzete - Pfadilandshut.ch\",\"isPartOf\":{\"@id\":\"https:\/\/www.pfadilandshut.ch\/wordpress\/#website\"},\"primaryImageOfPage\":{\"@id\":\"https:\/\/www.pfadilandshut.ch\/wordpress\/?p=1258#primaryimage\"},\"image\":{\"@id\":\"https:\/\/www.pfadilandshut.ch\/wordpress\/?p=1258#primaryimage\"},\"thumbnailUrl\":\"http:\/\/www.pfadilandshut.ch\/wordpress\/wp-content\/uploads\/2019\/06\/DSC8148_1-1024x683.jpg\",\"datePublished\":\"2019-06-02T18:37:53+00:00\",\"dateModified\":\"2019-06-02T18:37:54+00:00\",\"author\":{\"@id\":\"https:\/\/www.pfadilandshut.ch\/wordpress\/#\/schema\/person\/73a04e42fdd26bf56614c5e4a983e2e4\"},\"breadcrumb\":{\"@id\":\"https:\/\/www.pfadilandshut.ch\/wordpress\/?p=1258#breadcrumb\"},\"inLanguage\":\"de\",\"potentialAction\":[{\"@type\":\"ReadAction\",\"target\":[\"https:\/\/www.pfadilandshut.ch\/wordpress\/?p=1258\"]}]},{\"@type\":\"ImageObject\",\"inLanguage\":\"de\",\"@id\":\"https:\/\/www.pfadilandshut.ch\/wordpress\/?p=1258#primaryimage\",\"url\":\"http:\/\/www.pfadilandshut.ch\/wordpress\/wp-content\/uploads\/2019\/06\/DSC8148_1-1024x683.jpg\",\"contentUrl\":\"http:\/\/www.pfadilandshut.ch\/wordpress\/wp-content\/uploads\/2019\/06\/DSC8148_1-1024x683.jpg\"},{\"@type\":\"BreadcrumbList\",\"@id\":\"https:\/\/www.pfadilandshut.ch\/wordpress\/?p=1258#breadcrumb\",\"itemListElement\":[{\"@type\":\"ListItem\",\"position\":1,\"name\":\"Startseite\",\"item\":\"https:\/\/www.pfadilandshut.ch\/wordpress\/\"},{\"@type\":\"ListItem\",\"position\":2,\"name\":\"Waldputzete\"}]},{\"@type\":\"WebSite\",\"@id\":\"https:\/\/www.pfadilandshut.ch\/wordpress\/#website\",\"url\":\"https:\/\/www.pfadilandshut.ch\/wordpress\/\",\"name\":\"Pfadilandshut.ch\",\"description\":\"Pfadi Abteilung aus B\u00e4tterkinden BE\",\"potentialAction\":[{\"@type\":\"SearchAction\",\"target\":{\"@type\":\"EntryPoint\",\"urlTemplate\":\"https:\/\/www.pfadilandshut.ch\/wordpress\/?s={search_term_string}\"},\"query-input\":\"required name=search_term_string\"}],\"inLanguage\":\"de\"},{\"@type\":\"Person\",\"@id\":\"https:\/\/www.pfadilandshut.ch\/wordpress\/#\/schema\/person\/73a04e42fdd26bf56614c5e4a983e2e4\",\"name\":\"Leiter\",\"image\":{\"@type\":\"ImageObject\",\"inLanguage\":\"de\",\"@id\":\"https:\/\/www.pfadilandshut.ch\/wordpress\/#\/schema\/person\/image\/\",\"url\":\"https:\/\/secure.gravatar.com\/avatar\/a499af3e0a67c3e44221bee8544bf8b0?s=96&d=mm&r=g\",\"contentUrl\":\"https:\/\/secure.gravatar.com\/avatar\/a499af3e0a67c3e44221bee8544bf8b0?s=96&d=mm&r=g\",\"caption\":\"Leiter\"},\"sameAs\":[\"http:\/\/www.pfadilandshut.ch\"],\"url\":\"https:\/\/www.pfadilandshut.ch\/wordpress\/?author=5\"}]}<\/script>\n<!-- \/ Yoast SEO plugin. -->","yoast_head_json":{"title":"Waldputzete - Pfadilandshut.ch","robots":{"index":"index","follow":"follow","max-snippet":"max-snippet:-1","max-image-preview":"max-image-preview:large","max-video-preview":"max-video-preview:-1"},"canonical":"https:\/\/www.pfadilandshut.ch\/wordpress\/?p=1258","og_locale":"de_DE","og_type":"article","og_title":"Waldputzete - Pfadilandshut.ch","og_description":"Was k\u00f6nnten wir denn machen, um unsere Pfadikasse ein wenig aufzubessern, damit wir auch f\u00fcr kommende Lager und Aktivit\u00e4ten gut ausgestattet sind? Nat\u00fcrlich! Den Wald putzen! Denn da liegt \u00fcberall M\u00fcll rum, der da nicht hingeh\u00f6rt. So tun wir auch gleich noch etwas Gutes f\u00fcr die Umwelt. Denn wir Pfadi wollen Sorge tragen zur Natur [&hellip;]","og_url":"https:\/\/www.pfadilandshut.ch\/wordpress\/?p=1258","og_site_name":"Pfadilandshut.ch","article_published_time":"2019-06-02T18:37:53+00:00","article_modified_time":"2019-06-02T18:37:54+00:00","og_image":[{"url":"http:\/\/www.pfadilandshut.ch\/wordpress\/wp-content\/uploads\/2019\/06\/DSC8148_1-1024x683.jpg"}],"author":"Leiter","twitter_card":"summary_large_image","twitter_misc":{"Verfasst von":"Leiter","Gesch\u00e4tzte Lesezeit":"1\u00a0Minute"},"schema":{"@context":"https:\/\/schema.org","@graph":[{"@type":"WebPage","@id":"https:\/\/www.pfadilandshut.ch\/wordpress\/?p=1258","url":"https:\/\/www.pfadilandshut.ch\/wordpress\/?p=1258","name":"Waldputzete - Pfadilandshut.ch","isPartOf":{"@id":"https:\/\/www.pfadilandshut.ch\/wordpress\/#website"},"primaryImageOfPage":{"@id":"https:\/\/www.pfadilandshut.ch\/wordpress\/?p=1258#primaryimage"},"image":{"@id":"https:\/\/www.pfadilandshut.ch\/wordpress\/?p=1258#primaryimage"},"thumbnailUrl":"http:\/\/www.pfadilandshut.ch\/wordpress\/wp-content\/uploads\/2019\/06\/DSC8148_1-1024x683.jpg","datePublished":"2019-06-02T18:37:53+00:00","dateModified":"2019-06-02T18:37:54+00:00","author":{"@id":"https:\/\/www.pfadilandshut.ch\/wordpress\/#\/schema\/person\/73a04e42fdd26bf56614c5e4a983e2e4"},"breadcrumb":{"@id":"https:\/\/www.pfadilandshut.ch\/wordpress\/?p=1258#breadcrumb"},"inLanguage":"de","potentialAction":[{"@type":"ReadAction","target":["https:\/\/www.pfadilandshut.ch\/wordpress\/?p=1258"]}]},{"@type":"ImageObject","inLanguage":"de","@id":"https:\/\/www.pfadilandshut.ch\/wordpress\/?p=1258#primaryimage","url":"http:\/\/www.pfadilandshut.ch\/wordpress\/wp-content\/uploads\/2019\/06\/DSC8148_1-1024x683.jpg","contentUrl":"http:\/\/www.pfadilandshut.ch\/wordpress\/wp-content\/uploads\/2019\/06\/DSC8148_1-1024x683.jpg"},{"@type":"BreadcrumbList","@id":"https:\/\/www.pfadilandshut.ch\/wordpress\/?p=1258#breadcrumb","itemListElement":[{"@type":"ListItem","position":1,"name":"Startseite","item":"https:\/\/www.pfadilandshut.ch\/wordpress\/"},{"@type":"ListItem","position":2,"name":"Waldputzete"}]},{"@type":"WebSite","@id":"https:\/\/www.pfadilandshut.ch\/wordpress\/#website","url":"https:\/\/www.pfadilandshut.ch\/wordpress\/","name":"Pfadilandshut.ch","description":"Pfadi Abteilung aus B\u00e4tterkinden BE","potentialAction":[{"@type":"SearchAction","target":{"@type":"EntryPoint","urlTemplate":"https:\/\/www.pfadilandshut.ch\/wordpress\/?s={search_term_string}"},"query-input":"required name=search_term_string"}],"inLanguage":"de"},{"@type":"Person","@id":"https:\/\/www.pfadilandshut.ch\/wordpress\/#\/schema\/person\/73a04e42fdd26bf56614c5e4a983e2e4","name":"Leiter","image":{"@type":"ImageObject","inLanguage":"de","@id":"https:\/\/www.pfadilandshut.ch\/wordpress\/#\/schema\/person\/image\/","url":"https:\/\/secure.gravatar.com\/avatar\/a499af3e0a67c3e44221bee8544bf8b0?s=96&d=mm&r=g","contentUrl":"https:\/\/secure.gravatar.com\/avatar\/a499af3e0a67c3e44221bee8544bf8b0?s=96&d=mm&r=g","caption":"Leiter"},"sameAs":["http:\/\/www.pfadilandshut.ch"],"url":"https:\/\/www.pfadilandshut.ch\/wordpress\/?author=5"}]}},"_links":{"self":[{"href":"https:\/\/www.pfadilandshut.ch\/wordpress\/index.php?rest_route=\/wp\/v2\/posts\/1258"}],"collection":[{"href":"https:\/\/www.pfadilandshut.ch\/wordpress\/index.php?rest_route=\/wp\/v2\/posts"}],"about":[{"href":"https:\/\/www.pfadilandshut.ch\/wordpress\/index.php?rest_route=\/wp\/v2\/types\/post"}],"author":[{"embeddable":true,"href":"https:\/\/www.pfadilandshut.ch\/wordpress\/index.php?rest_route=\/wp\/v2\/users\/5"}],"replies":[{"embeddable":true,"href":"https:\/\/www.pfadilandshut.ch\/wordpress\/index.php?rest_route=%2Fwp%2Fv2%2Fcomments&post=1258"}],"version-history":[{"count":1,"href":"https:\/\/www.pfadilandshut.ch\/wordpress\/index.php?rest_route=\/wp\/v2\/posts\/1258\/revisions"}],"predecessor-version":[{"id":1261,"href":"https:\/\/www.pfadilandshut.ch\/wordpress\/index.php?rest_route=\/wp\/v2\/posts\/1258\/revisions\/1261"}],"wp:attachment":[{"href":"https:\/\/www.pfadilandshut.ch\/wordpress\/index.php?rest_route=%2Fwp%2Fv2%2Fmedia&parent=1258"}],"wp:term":[{"taxonomy":"category","embeddable":true,"href":"https:\/\/www.pfadilandshut.ch\/wordpress\/index.php?rest_route=%2Fwp%2Fv2%2Fcategories&post=1258"},{"taxonomy":"post_tag","embeddable":true,"href":"https:\/\/www.pfadilandshut.ch\/wordpress\/index.php?rest_route=%2Fwp%2Fv2%2Ftags&post=1258"}],"curies":[{"name":"wp","href":"https:\/\/api.w.org\/{rel}","templated":true}]}}