{"id":1288,"date":"2019-12-09T15:20:57","date_gmt":"2019-12-09T14:20:57","guid":{"rendered":"https:\/\/www.pfadilandshut.ch\/wordpress\/?p=1288"},"modified":"2019-12-09T15:20:58","modified_gmt":"2019-12-09T14:20:58","slug":"waldweihnachten-2","status":"publish","type":"post","link":"https:\/\/www.pfadilandshut.ch\/wordpress\/?p=1288","title":{"rendered":"Waldweihnachten"},"content":{"rendered":"\n<p>Gemeinsam lassen wir das Pfadijahr stimmungsvoll ausklingen. <\/p>\n\n\n\n<figure class=\"wp-block-image is-resized\"><img loading=\"lazy\" decoding=\"async\" src=\"https:\/\/www.pfadilandshut.ch\/wordpress\/wp-content\/uploads\/2019\/12\/P1150649-1024x769.jpg\" alt=\"\" class=\"wp-image-1289\" width=\"470\" height=\"340\" \/><\/figure>\n\n\n\n<p>Lieder singen und den Geschichten vom Samichlaus lauschen, der wieder die besten Dinge vom letzten Jahr zu erz\u00e4hlen weiss.<\/p>\n\n\n\n<figure class=\"wp-block-image is-resized\"><img loading=\"lazy\" decoding=\"async\" src=\"https:\/\/www.pfadilandshut.ch\/wordpress\/wp-content\/uploads\/2019\/12\/P1150652-1024x769.jpg\" alt=\"\" class=\"wp-image-1290\" width=\"470\" height=\"342\" \/><\/figure>\n\n\n\n<p>Sch\u00f6n war es und auf ein n\u00e4chstes erlebnisreiches Jahr in der Pfadi!<\/p>\n","protected":false},"excerpt":{"rendered":"<p>Gemeinsam lassen wir das Pfadijahr stimmungsvoll ausklingen. Lieder singen und den Geschichten vom Samichlaus lauschen, der wieder die besten Dinge vom letzten Jahr zu erz\u00e4hlen weiss. Sch\u00f6n war es und auf ein n\u00e4chstes erlebnisreiches Jahr in der Pfadi!<\/p>\n","protected":false},"author":5,"featured_media":0,"comment_status":"open","ping_status":"open","sticky":false,"template":"","format":"standard","meta":{"footnotes":""},"categories":[3],"tags":[],"yoast_head":"<!-- This site is optimized with the Yoast SEO plugin v22.2 - https:\/\/yoast.com\/wordpress\/plugins\/seo\/ -->\n<title>Waldweihnachten - Pfadilandshut.ch<\/title>\n<meta name=\"robots\" content=\"index, follow, max-snippet:-1, max-image-preview:large, max-video-preview:-1\" \/>\n<link rel=\"canonical\" href=\"https:\/\/www.pfadilandshut.ch\/wordpress\/?p=1288\" \/>\n<meta property=\"og:locale\" content=\"de_DE\" \/>\n<meta property=\"og:type\" content=\"article\" \/>\n<meta property=\"og:title\" content=\"Waldweihnachten - Pfadilandshut.ch\" \/>\n<meta property=\"og:description\" content=\"Gemeinsam lassen wir das Pfadijahr stimmungsvoll ausklingen. Lieder singen und den Geschichten vom Samichlaus lauschen, der wieder die besten Dinge vom letzten Jahr zu erz\u00e4hlen weiss. Sch\u00f6n war es und auf ein n\u00e4chstes erlebnisreiches Jahr in der Pfadi!\" \/>\n<meta property=\"og:url\" content=\"https:\/\/www.pfadilandshut.ch\/wordpress\/?p=1288\" \/>\n<meta property=\"og:site_name\" content=\"Pfadilandshut.ch\" \/>\n<meta property=\"article:published_time\" content=\"2019-12-09T14:20:57+00:00\" \/>\n<meta property=\"article:modified_time\" content=\"2019-12-09T14:20:58+00:00\" \/>\n<meta property=\"og:image\" content=\"https:\/\/www.pfadilandshut.ch\/wordpress\/wp-content\/uploads\/2019\/12\/P1150649-1024x769.jpg\" \/>\n<meta name=\"author\" content=\"Leiter\" \/>\n<meta name=\"twitter:card\" content=\"summary_large_image\" \/>\n<meta name=\"twitter:label1\" content=\"Verfasst von\" \/>\n\t<meta name=\"twitter:data1\" content=\"Leiter\" \/>\n<script type=\"application\/ld+json\" class=\"yoast-schema-graph\">{\"@context\":\"https:\/\/schema.org\",\"@graph\":[{\"@type\":\"WebPage\",\"@id\":\"https:\/\/www.pfadilandshut.ch\/wordpress\/?p=1288\",\"url\":\"https:\/\/www.pfadilandshut.ch\/wordpress\/?p=1288\",\"name\":\"Waldweihnachten - Pfadilandshut.ch\",\"isPartOf\":{\"@id\":\"https:\/\/www.pfadilandshut.ch\/wordpress\/#website\"},\"primaryImageOfPage\":{\"@id\":\"https:\/\/www.pfadilandshut.ch\/wordpress\/?p=1288#primaryimage\"},\"image\":{\"@id\":\"https:\/\/www.pfadilandshut.ch\/wordpress\/?p=1288#primaryimage\"},\"thumbnailUrl\":\"https:\/\/www.pfadilandshut.ch\/wordpress\/wp-content\/uploads\/2019\/12\/P1150649-1024x769.jpg\",\"datePublished\":\"2019-12-09T14:20:57+00:00\",\"dateModified\":\"2019-12-09T14:20:58+00:00\",\"author\":{\"@id\":\"https:\/\/www.pfadilandshut.ch\/wordpress\/#\/schema\/person\/73a04e42fdd26bf56614c5e4a983e2e4\"},\"breadcrumb\":{\"@id\":\"https:\/\/www.pfadilandshut.ch\/wordpress\/?p=1288#breadcrumb\"},\"inLanguage\":\"de\",\"potentialAction\":[{\"@type\":\"ReadAction\",\"target\":[\"https:\/\/www.pfadilandshut.ch\/wordpress\/?p=1288\"]}]},{\"@type\":\"ImageObject\",\"inLanguage\":\"de\",\"@id\":\"https:\/\/www.pfadilandshut.ch\/wordpress\/?p=1288#primaryimage\",\"url\":\"https:\/\/www.pfadilandshut.ch\/wordpress\/wp-content\/uploads\/2019\/12\/P1150649.jpg\",\"contentUrl\":\"https:\/\/www.pfadilandshut.ch\/wordpress\/wp-content\/uploads\/2019\/12\/P1150649.jpg\",\"width\":4592,\"height\":3448},{\"@type\":\"BreadcrumbList\",\"@id\":\"https:\/\/www.pfadilandshut.ch\/wordpress\/?p=1288#breadcrumb\",\"itemListElement\":[{\"@type\":\"ListItem\",\"position\":1,\"name\":\"Startseite\",\"item\":\"https:\/\/www.pfadilandshut.ch\/wordpress\/\"},{\"@type\":\"ListItem\",\"position\":2,\"name\":\"Waldweihnachten\"}]},{\"@type\":\"WebSite\",\"@id\":\"https:\/\/www.pfadilandshut.ch\/wordpress\/#website\",\"url\":\"https:\/\/www.pfadilandshut.ch\/wordpress\/\",\"name\":\"Pfadilandshut.ch\",\"description\":\"Pfadi Abteilung aus B\u00e4tterkinden BE\",\"potentialAction\":[{\"@type\":\"SearchAction\",\"target\":{\"@type\":\"EntryPoint\",\"urlTemplate\":\"https:\/\/www.pfadilandshut.ch\/wordpress\/?s={search_term_string}\"},\"query-input\":\"required name=search_term_string\"}],\"inLanguage\":\"de\"},{\"@type\":\"Person\",\"@id\":\"https:\/\/www.pfadilandshut.ch\/wordpress\/#\/schema\/person\/73a04e42fdd26bf56614c5e4a983e2e4\",\"name\":\"Leiter\",\"image\":{\"@type\":\"ImageObject\",\"inLanguage\":\"de\",\"@id\":\"https:\/\/www.pfadilandshut.ch\/wordpress\/#\/schema\/person\/image\/\",\"url\":\"https:\/\/secure.gravatar.com\/avatar\/a499af3e0a67c3e44221bee8544bf8b0?s=96&d=mm&r=g\",\"contentUrl\":\"https:\/\/secure.gravatar.com\/avatar\/a499af3e0a67c3e44221bee8544bf8b0?s=96&d=mm&r=g\",\"caption\":\"Leiter\"},\"sameAs\":[\"http:\/\/www.pfadilandshut.ch\"],\"url\":\"https:\/\/www.pfadilandshut.ch\/wordpress\/?author=5\"}]}<\/script>\n<!-- \/ Yoast SEO plugin. -->","yoast_head_json":{"title":"Waldweihnachten - Pfadilandshut.ch","robots":{"index":"index","follow":"follow","max-snippet":"max-snippet:-1","max-image-preview":"max-image-preview:large","max-video-preview":"max-video-preview:-1"},"canonical":"https:\/\/www.pfadilandshut.ch\/wordpress\/?p=1288","og_locale":"de_DE","og_type":"article","og_title":"Waldweihnachten - Pfadilandshut.ch","og_description":"Gemeinsam lassen wir das Pfadijahr stimmungsvoll ausklingen. Lieder singen und den Geschichten vom Samichlaus lauschen, der wieder die besten Dinge vom letzten Jahr zu erz\u00e4hlen weiss. Sch\u00f6n war es und auf ein n\u00e4chstes erlebnisreiches Jahr in der Pfadi!","og_url":"https:\/\/www.pfadilandshut.ch\/wordpress\/?p=1288","og_site_name":"Pfadilandshut.ch","article_published_time":"2019-12-09T14:20:57+00:00","article_modified_time":"2019-12-09T14:20:58+00:00","og_image":[{"url":"https:\/\/www.pfadilandshut.ch\/wordpress\/wp-content\/uploads\/2019\/12\/P1150649-1024x769.jpg"}],"author":"Leiter","twitter_card":"summary_large_image","twitter_misc":{"Verfasst von":"Leiter"},"schema":{"@context":"https:\/\/schema.org","@graph":[{"@type":"WebPage","@id":"https:\/\/www.pfadilandshut.ch\/wordpress\/?p=1288","url":"https:\/\/www.pfadilandshut.ch\/wordpress\/?p=1288","name":"Waldweihnachten - Pfadilandshut.ch","isPartOf":{"@id":"https:\/\/www.pfadilandshut.ch\/wordpress\/#website"},"primaryImageOfPage":{"@id":"https:\/\/www.pfadilandshut.ch\/wordpress\/?p=1288#primaryimage"},"image":{"@id":"https:\/\/www.pfadilandshut.ch\/wordpress\/?p=1288#primaryimage"},"thumbnailUrl":"https:\/\/www.pfadilandshut.ch\/wordpress\/wp-content\/uploads\/2019\/12\/P1150649-1024x769.jpg","datePublished":"2019-12-09T14:20:57+00:00","dateModified":"2019-12-09T14:20:58+00:00","author":{"@id":"https:\/\/www.pfadilandshut.ch\/wordpress\/#\/schema\/person\/73a04e42fdd26bf56614c5e4a983e2e4"},"breadcrumb":{"@id":"https:\/\/www.pfadilandshut.ch\/wordpress\/?p=1288#breadcrumb"},"inLanguage":"de","potentialAction":[{"@type":"ReadAction","target":["https:\/\/www.pfadilandshut.ch\/wordpress\/?p=1288"]}]},{"@type":"ImageObject","inLanguage":"de","@id":"https:\/\/www.pfadilandshut.ch\/wordpress\/?p=1288#primaryimage","url":"https:\/\/www.pfadilandshut.ch\/wordpress\/wp-content\/uploads\/2019\/12\/P1150649.jpg","contentUrl":"https:\/\/www.pfadilandshut.ch\/wordpress\/wp-content\/uploads\/2019\/12\/P1150649.jpg","width":4592,"height":3448},{"@type":"BreadcrumbList","@id":"https:\/\/www.pfadilandshut.ch\/wordpress\/?p=1288#breadcrumb","itemListElement":[{"@type":"ListItem","position":1,"name":"Startseite","item":"https:\/\/www.pfadilandshut.ch\/wordpress\/"},{"@type":"ListItem","position":2,"name":"Waldweihnachten"}]},{"@type":"WebSite","@id":"https:\/\/www.pfadilandshut.ch\/wordpress\/#website","url":"https:\/\/www.pfadilandshut.ch\/wordpress\/","name":"Pfadilandshut.ch","description":"Pfadi Abteilung aus B\u00e4tterkinden BE","potentialAction":[{"@type":"SearchAction","target":{"@type":"EntryPoint","urlTemplate":"https:\/\/www.pfadilandshut.ch\/wordpress\/?s={search_term_string}"},"query-input":"required name=search_term_string"}],"inLanguage":"de"},{"@type":"Person","@id":"https:\/\/www.pfadilandshut.ch\/wordpress\/#\/schema\/person\/73a04e42fdd26bf56614c5e4a983e2e4","name":"Leiter","image":{"@type":"ImageObject","inLanguage":"de","@id":"https:\/\/www.pfadilandshut.ch\/wordpress\/#\/schema\/person\/image\/","url":"https:\/\/secure.gravatar.com\/avatar\/a499af3e0a67c3e44221bee8544bf8b0?s=96&d=mm&r=g","contentUrl":"https:\/\/secure.gravatar.com\/avatar\/a499af3e0a67c3e44221bee8544bf8b0?s=96&d=mm&r=g","caption":"Leiter"},"sameAs":["http:\/\/www.pfadilandshut.ch"],"url":"https:\/\/www.pfadilandshut.ch\/wordpress\/?author=5"}]}},"_links":{"self":[{"href":"https:\/\/www.pfadilandshut.ch\/wordpress\/index.php?rest_route=\/wp\/v2\/posts\/1288"}],"collection":[{"href":"https:\/\/www.pfadilandshut.ch\/wordpress\/index.php?rest_route=\/wp\/v2\/posts"}],"about":[{"href":"https:\/\/www.pfadilandshut.ch\/wordpress\/index.php?rest_route=\/wp\/v2\/types\/post"}],"author":[{"embeddable":true,"href":"https:\/\/www.pfadilandshut.ch\/wordpress\/index.php?rest_route=\/wp\/v2\/users\/5"}],"replies":[{"embeddable":true,"href":"https:\/\/www.pfadilandshut.ch\/wordpress\/index.php?rest_route=%2Fwp%2Fv2%2Fcomments&post=1288"}],"version-history":[{"count":3,"href":"https:\/\/www.pfadilandshut.ch\/wordpress\/index.php?rest_route=\/wp\/v2\/posts\/1288\/revisions"}],"predecessor-version":[{"id":1293,"href":"https:\/\/www.pfadilandshut.ch\/wordpress\/index.php?rest_route=\/wp\/v2\/posts\/1288\/revisions\/1293"}],"wp:attachment":[{"href":"https:\/\/www.pfadilandshut.ch\/wordpress\/index.php?rest_route=%2Fwp%2Fv2%2Fmedia&parent=1288"}],"wp:term":[{"taxonomy":"category","embeddable":true,"href":"https:\/\/www.pfadilandshut.ch\/wordpress\/index.php?rest_route=%2Fwp%2Fv2%2Fcategories&post=1288"},{"taxonomy":"post_tag","embeddable":true,"href":"https:\/\/www.pfadilandshut.ch\/wordpress\/index.php?rest_route=%2Fwp%2Fv2%2Ftags&post=1288"}],"curies":[{"name":"wp","href":"https:\/\/api.w.org\/{rel}","templated":true}]}}