{"id":1397,"date":"2020-05-16T10:13:48","date_gmt":"2020-05-16T09:13:48","guid":{"rendered":"https:\/\/www.pfadilandshut.ch\/wordpress\/?p=1397"},"modified":"2020-05-16T10:13:49","modified_gmt":"2020-05-16T09:13:49","slug":"4-aufgabe","status":"publish","type":"post","link":"https:\/\/www.pfadilandshut.ch\/wordpress\/?p=1397","title":{"rendered":"4. Aufgabe"},"content":{"rendered":"\n<p>Tsch\u00f6u Z\u00e4me!<\/p>\n\n\n\n<p>Auch wenn ihr nun wieder in den normalen Schulalltag gestartet seid, so dauert es wohl noch eine weile bis wir den Pfadibetrieb wieder aufnehmen k\u00f6nnen\u2026<\/p>\n\n\n\n<p>Wie ihr bestimmt schon alle mitbekommen habt, k\u00f6nnen wir dieses Jahr leider kein PFILA durchf\u00fchren. Damit ihr aber nicht ganz ohne Zelt-Feeling in den Sommer starten m\u00fcsst, haben wir diese Zeltbau-Challenge f\u00fcr euch zusammengestellt.<\/p>\n\n\n\n<p>Das Prinzip ist simpel:<\/p>\n\n\n\n<p>Baut euer eigenes Zelt. Wie und wo ihr das macht, sowie welche Materialien ihr daf\u00fcr verwendet, k\u00f6nnt ihr selber entscheiden. Lasst euer Kreativit\u00e4t also freien Lauf!<\/p>\n\n\n\n<p>Um eure Kreativit\u00e4t etwas anzuregen habe ich hier einige Beispiele zusammengesucht \ud83d\ude1b<\/p>\n\n\n\n<div class=\"wp-block-group\"><div class=\"wp-block-group__inner-container is-layout-flow wp-block-group-is-layout-flow\">\n<figure class=\"wp-block-image size-large\"><img loading=\"lazy\" decoding=\"async\" width=\"1024\" height=\"768\" src=\"https:\/\/www.pfadilandshut.ch\/wordpress\/wp-content\/uploads\/2020\/05\/04-collage-1024x768.jpg\" alt=\"\" class=\"wp-image-1402\" srcset=\"https:\/\/www.pfadilandshut.ch\/wordpress\/wp-content\/uploads\/2020\/05\/04-collage-1024x768.jpg 1024w, https:\/\/www.pfadilandshut.ch\/wordpress\/wp-content\/uploads\/2020\/05\/04-collage-300x225.jpg 300w, https:\/\/www.pfadilandshut.ch\/wordpress\/wp-content\/uploads\/2020\/05\/04-collage-768x576.jpg 768w, https:\/\/www.pfadilandshut.ch\/wordpress\/wp-content\/uploads\/2020\/05\/04-collage-1536x1152.jpg 1536w, https:\/\/www.pfadilandshut.ch\/wordpress\/wp-content\/uploads\/2020\/05\/04-collage-2048x1536.jpg 2048w, https:\/\/www.pfadilandshut.ch\/wordpress\/wp-content\/uploads\/2020\/05\/04-collage-619x464.jpg 619w\" sizes=\"(max-width: 1024px) 100vw, 1024px\" \/><\/figure>\n<\/div><\/div>\n\n\n\n<p>Nehmt anschliessend ein Foto von euch und eurem Zelt auf und sendet es bis n\u00e4chsten Donnerstag (21.05.2020) an Minor: 076 540 46 06 \/ <a href=\"mailto:joelstue@gmail.com\">joelstue@gmail.com<\/a><\/p>\n\n\n\n<p>Von uns Leitern wird anschliessend der Sieger auserkoren, welcher einen kleinen Preis gewinnen kann!!!<\/p>\n\n\n\n<p>Viel Spass beim zelten \ud83d\ude00<\/p>\n","protected":false},"excerpt":{"rendered":"<p>Tsch\u00f6u Z\u00e4me! Auch wenn ihr nun wieder in den normalen Schulalltag gestartet seid, so dauert es wohl noch eine weile bis wir den Pfadibetrieb wieder aufnehmen k\u00f6nnen\u2026 Wie ihr bestimmt schon alle mitbekommen habt, k\u00f6nnen wir dieses Jahr leider kein PFILA durchf\u00fchren. Damit ihr aber nicht ganz ohne Zelt-Feeling in den Sommer starten m\u00fcsst, haben [&hellip;]<\/p>\n","protected":false},"author":5,"featured_media":0,"comment_status":"open","ping_status":"open","sticky":false,"template":"","format":"standard","meta":{"footnotes":""},"categories":[28],"tags":[],"yoast_head":"<!-- This site is optimized with the Yoast SEO plugin v22.2 - https:\/\/yoast.com\/wordpress\/plugins\/seo\/ -->\n<title>4. Aufgabe - Pfadilandshut.ch<\/title>\n<meta name=\"robots\" content=\"index, follow, max-snippet:-1, max-image-preview:large, max-video-preview:-1\" \/>\n<link rel=\"canonical\" href=\"https:\/\/www.pfadilandshut.ch\/wordpress\/?p=1397\" \/>\n<meta property=\"og:locale\" content=\"de_DE\" \/>\n<meta property=\"og:type\" content=\"article\" \/>\n<meta property=\"og:title\" content=\"4. Aufgabe - Pfadilandshut.ch\" \/>\n<meta property=\"og:description\" content=\"Tsch\u00f6u Z\u00e4me! Auch wenn ihr nun wieder in den normalen Schulalltag gestartet seid, so dauert es wohl noch eine weile bis wir den Pfadibetrieb wieder aufnehmen k\u00f6nnen\u2026 Wie ihr bestimmt schon alle mitbekommen habt, k\u00f6nnen wir dieses Jahr leider kein PFILA durchf\u00fchren. Damit ihr aber nicht ganz ohne Zelt-Feeling in den Sommer starten m\u00fcsst, haben [&hellip;]\" \/>\n<meta property=\"og:url\" content=\"https:\/\/www.pfadilandshut.ch\/wordpress\/?p=1397\" \/>\n<meta property=\"og:site_name\" content=\"Pfadilandshut.ch\" \/>\n<meta property=\"article:published_time\" content=\"2020-05-16T09:13:48+00:00\" \/>\n<meta property=\"article:modified_time\" content=\"2020-05-16T09:13:49+00:00\" \/>\n<meta property=\"og:image\" content=\"https:\/\/www.pfadilandshut.ch\/wordpress\/wp-content\/uploads\/2020\/05\/04-collage-1024x768.jpg\" \/>\n<meta name=\"author\" content=\"Leiter\" \/>\n<meta name=\"twitter:card\" content=\"summary_large_image\" \/>\n<meta name=\"twitter:label1\" content=\"Verfasst von\" \/>\n\t<meta name=\"twitter:data1\" content=\"Leiter\" \/>\n\t<meta name=\"twitter:label2\" content=\"Gesch\u00e4tzte Lesezeit\" \/>\n\t<meta name=\"twitter:data2\" content=\"1\u00a0Minute\" \/>\n<script type=\"application\/ld+json\" class=\"yoast-schema-graph\">{\"@context\":\"https:\/\/schema.org\",\"@graph\":[{\"@type\":\"WebPage\",\"@id\":\"https:\/\/www.pfadilandshut.ch\/wordpress\/?p=1397\",\"url\":\"https:\/\/www.pfadilandshut.ch\/wordpress\/?p=1397\",\"name\":\"4. Aufgabe - Pfadilandshut.ch\",\"isPartOf\":{\"@id\":\"https:\/\/www.pfadilandshut.ch\/wordpress\/#website\"},\"primaryImageOfPage\":{\"@id\":\"https:\/\/www.pfadilandshut.ch\/wordpress\/?p=1397#primaryimage\"},\"image\":{\"@id\":\"https:\/\/www.pfadilandshut.ch\/wordpress\/?p=1397#primaryimage\"},\"thumbnailUrl\":\"https:\/\/www.pfadilandshut.ch\/wordpress\/wp-content\/uploads\/2020\/05\/04-collage-1024x768.jpg\",\"datePublished\":\"2020-05-16T09:13:48+00:00\",\"dateModified\":\"2020-05-16T09:13:49+00:00\",\"author\":{\"@id\":\"https:\/\/www.pfadilandshut.ch\/wordpress\/#\/schema\/person\/73a04e42fdd26bf56614c5e4a983e2e4\"},\"breadcrumb\":{\"@id\":\"https:\/\/www.pfadilandshut.ch\/wordpress\/?p=1397#breadcrumb\"},\"inLanguage\":\"de\",\"potentialAction\":[{\"@type\":\"ReadAction\",\"target\":[\"https:\/\/www.pfadilandshut.ch\/wordpress\/?p=1397\"]}]},{\"@type\":\"ImageObject\",\"inLanguage\":\"de\",\"@id\":\"https:\/\/www.pfadilandshut.ch\/wordpress\/?p=1397#primaryimage\",\"url\":\"https:\/\/www.pfadilandshut.ch\/wordpress\/wp-content\/uploads\/2020\/05\/04-collage-scaled.jpg\",\"contentUrl\":\"https:\/\/www.pfadilandshut.ch\/wordpress\/wp-content\/uploads\/2020\/05\/04-collage-scaled.jpg\",\"width\":2560,\"height\":1920},{\"@type\":\"BreadcrumbList\",\"@id\":\"https:\/\/www.pfadilandshut.ch\/wordpress\/?p=1397#breadcrumb\",\"itemListElement\":[{\"@type\":\"ListItem\",\"position\":1,\"name\":\"Startseite\",\"item\":\"https:\/\/www.pfadilandshut.ch\/wordpress\/\"},{\"@type\":\"ListItem\",\"position\":2,\"name\":\"4. Aufgabe\"}]},{\"@type\":\"WebSite\",\"@id\":\"https:\/\/www.pfadilandshut.ch\/wordpress\/#website\",\"url\":\"https:\/\/www.pfadilandshut.ch\/wordpress\/\",\"name\":\"Pfadilandshut.ch\",\"description\":\"Pfadi Abteilung aus B\u00e4tterkinden BE\",\"potentialAction\":[{\"@type\":\"SearchAction\",\"target\":{\"@type\":\"EntryPoint\",\"urlTemplate\":\"https:\/\/www.pfadilandshut.ch\/wordpress\/?s={search_term_string}\"},\"query-input\":\"required name=search_term_string\"}],\"inLanguage\":\"de\"},{\"@type\":\"Person\",\"@id\":\"https:\/\/www.pfadilandshut.ch\/wordpress\/#\/schema\/person\/73a04e42fdd26bf56614c5e4a983e2e4\",\"name\":\"Leiter\",\"image\":{\"@type\":\"ImageObject\",\"inLanguage\":\"de\",\"@id\":\"https:\/\/www.pfadilandshut.ch\/wordpress\/#\/schema\/person\/image\/\",\"url\":\"https:\/\/secure.gravatar.com\/avatar\/a499af3e0a67c3e44221bee8544bf8b0?s=96&d=mm&r=g\",\"contentUrl\":\"https:\/\/secure.gravatar.com\/avatar\/a499af3e0a67c3e44221bee8544bf8b0?s=96&d=mm&r=g\",\"caption\":\"Leiter\"},\"sameAs\":[\"http:\/\/www.pfadilandshut.ch\"],\"url\":\"https:\/\/www.pfadilandshut.ch\/wordpress\/?author=5\"}]}<\/script>\n<!-- \/ Yoast SEO plugin. -->","yoast_head_json":{"title":"4. Aufgabe - Pfadilandshut.ch","robots":{"index":"index","follow":"follow","max-snippet":"max-snippet:-1","max-image-preview":"max-image-preview:large","max-video-preview":"max-video-preview:-1"},"canonical":"https:\/\/www.pfadilandshut.ch\/wordpress\/?p=1397","og_locale":"de_DE","og_type":"article","og_title":"4. Aufgabe - Pfadilandshut.ch","og_description":"Tsch\u00f6u Z\u00e4me! Auch wenn ihr nun wieder in den normalen Schulalltag gestartet seid, so dauert es wohl noch eine weile bis wir den Pfadibetrieb wieder aufnehmen k\u00f6nnen\u2026 Wie ihr bestimmt schon alle mitbekommen habt, k\u00f6nnen wir dieses Jahr leider kein PFILA durchf\u00fchren. Damit ihr aber nicht ganz ohne Zelt-Feeling in den Sommer starten m\u00fcsst, haben [&hellip;]","og_url":"https:\/\/www.pfadilandshut.ch\/wordpress\/?p=1397","og_site_name":"Pfadilandshut.ch","article_published_time":"2020-05-16T09:13:48+00:00","article_modified_time":"2020-05-16T09:13:49+00:00","og_image":[{"url":"https:\/\/www.pfadilandshut.ch\/wordpress\/wp-content\/uploads\/2020\/05\/04-collage-1024x768.jpg"}],"author":"Leiter","twitter_card":"summary_large_image","twitter_misc":{"Verfasst von":"Leiter","Gesch\u00e4tzte Lesezeit":"1\u00a0Minute"},"schema":{"@context":"https:\/\/schema.org","@graph":[{"@type":"WebPage","@id":"https:\/\/www.pfadilandshut.ch\/wordpress\/?p=1397","url":"https:\/\/www.pfadilandshut.ch\/wordpress\/?p=1397","name":"4. Aufgabe - Pfadilandshut.ch","isPartOf":{"@id":"https:\/\/www.pfadilandshut.ch\/wordpress\/#website"},"primaryImageOfPage":{"@id":"https:\/\/www.pfadilandshut.ch\/wordpress\/?p=1397#primaryimage"},"image":{"@id":"https:\/\/www.pfadilandshut.ch\/wordpress\/?p=1397#primaryimage"},"thumbnailUrl":"https:\/\/www.pfadilandshut.ch\/wordpress\/wp-content\/uploads\/2020\/05\/04-collage-1024x768.jpg","datePublished":"2020-05-16T09:13:48+00:00","dateModified":"2020-05-16T09:13:49+00:00","author":{"@id":"https:\/\/www.pfadilandshut.ch\/wordpress\/#\/schema\/person\/73a04e42fdd26bf56614c5e4a983e2e4"},"breadcrumb":{"@id":"https:\/\/www.pfadilandshut.ch\/wordpress\/?p=1397#breadcrumb"},"inLanguage":"de","potentialAction":[{"@type":"ReadAction","target":["https:\/\/www.pfadilandshut.ch\/wordpress\/?p=1397"]}]},{"@type":"ImageObject","inLanguage":"de","@id":"https:\/\/www.pfadilandshut.ch\/wordpress\/?p=1397#primaryimage","url":"https:\/\/www.pfadilandshut.ch\/wordpress\/wp-content\/uploads\/2020\/05\/04-collage-scaled.jpg","contentUrl":"https:\/\/www.pfadilandshut.ch\/wordpress\/wp-content\/uploads\/2020\/05\/04-collage-scaled.jpg","width":2560,"height":1920},{"@type":"BreadcrumbList","@id":"https:\/\/www.pfadilandshut.ch\/wordpress\/?p=1397#breadcrumb","itemListElement":[{"@type":"ListItem","position":1,"name":"Startseite","item":"https:\/\/www.pfadilandshut.ch\/wordpress\/"},{"@type":"ListItem","position":2,"name":"4. Aufgabe"}]},{"@type":"WebSite","@id":"https:\/\/www.pfadilandshut.ch\/wordpress\/#website","url":"https:\/\/www.pfadilandshut.ch\/wordpress\/","name":"Pfadilandshut.ch","description":"Pfadi Abteilung aus B\u00e4tterkinden BE","potentialAction":[{"@type":"SearchAction","target":{"@type":"EntryPoint","urlTemplate":"https:\/\/www.pfadilandshut.ch\/wordpress\/?s={search_term_string}"},"query-input":"required name=search_term_string"}],"inLanguage":"de"},{"@type":"Person","@id":"https:\/\/www.pfadilandshut.ch\/wordpress\/#\/schema\/person\/73a04e42fdd26bf56614c5e4a983e2e4","name":"Leiter","image":{"@type":"ImageObject","inLanguage":"de","@id":"https:\/\/www.pfadilandshut.ch\/wordpress\/#\/schema\/person\/image\/","url":"https:\/\/secure.gravatar.com\/avatar\/a499af3e0a67c3e44221bee8544bf8b0?s=96&d=mm&r=g","contentUrl":"https:\/\/secure.gravatar.com\/avatar\/a499af3e0a67c3e44221bee8544bf8b0?s=96&d=mm&r=g","caption":"Leiter"},"sameAs":["http:\/\/www.pfadilandshut.ch"],"url":"https:\/\/www.pfadilandshut.ch\/wordpress\/?author=5"}]}},"_links":{"self":[{"href":"https:\/\/www.pfadilandshut.ch\/wordpress\/index.php?rest_route=\/wp\/v2\/posts\/1397"}],"collection":[{"href":"https:\/\/www.pfadilandshut.ch\/wordpress\/index.php?rest_route=\/wp\/v2\/posts"}],"about":[{"href":"https:\/\/www.pfadilandshut.ch\/wordpress\/index.php?rest_route=\/wp\/v2\/types\/post"}],"author":[{"embeddable":true,"href":"https:\/\/www.pfadilandshut.ch\/wordpress\/index.php?rest_route=\/wp\/v2\/users\/5"}],"replies":[{"embeddable":true,"href":"https:\/\/www.pfadilandshut.ch\/wordpress\/index.php?rest_route=%2Fwp%2Fv2%2Fcomments&post=1397"}],"version-history":[{"count":1,"href":"https:\/\/www.pfadilandshut.ch\/wordpress\/index.php?rest_route=\/wp\/v2\/posts\/1397\/revisions"}],"predecessor-version":[{"id":1403,"href":"https:\/\/www.pfadilandshut.ch\/wordpress\/index.php?rest_route=\/wp\/v2\/posts\/1397\/revisions\/1403"}],"wp:attachment":[{"href":"https:\/\/www.pfadilandshut.ch\/wordpress\/index.php?rest_route=%2Fwp%2Fv2%2Fmedia&parent=1397"}],"wp:term":[{"taxonomy":"category","embeddable":true,"href":"https:\/\/www.pfadilandshut.ch\/wordpress\/index.php?rest_route=%2Fwp%2Fv2%2Fcategories&post=1397"},{"taxonomy":"post_tag","embeddable":true,"href":"https:\/\/www.pfadilandshut.ch\/wordpress\/index.php?rest_route=%2Fwp%2Fv2%2Ftags&post=1397"}],"curies":[{"name":"wp","href":"https:\/\/api.w.org\/{rel}","templated":true}]}}