{"id":1528,"date":"2020-07-31T10:34:24","date_gmt":"2020-07-31T09:34:24","guid":{"rendered":"https:\/\/www.pfadilandshut.ch\/wordpress\/?p=1528"},"modified":"2020-07-31T10:35:03","modified_gmt":"2020-07-31T09:35:03","slug":"sola-2020","status":"publish","type":"post","link":"https:\/\/www.pfadilandshut.ch\/wordpress\/?p=1528","title":{"rendered":"Sola 2020"},"content":{"rendered":"\n<p>Gross war die Freude, als klar war, dass wir nun trotz Corona ins Sola k\u00f6nnen. Und es hat sich gelohnt! Wir durften zwei supertolle Wochen mit perfektem Wetter in Ossingen im Kanton Z\u00fcrich verbringen. Davon wollen wir hier einige Eindr\u00fccke mit euch teilen:<\/p>\n\n\n\n<figure class=\"wp-block-gallery columns-3 is-cropped wp-block-gallery-1 is-layout-flex wp-block-gallery-is-layout-flex\"><ul class=\"blocks-gallery-grid\"><li class=\"blocks-gallery-item\"><figure><img loading=\"lazy\" decoding=\"async\" width=\"1024\" height=\"683\" src=\"https:\/\/www.pfadilandshut.ch\/wordpress\/wp-content\/uploads\/2020\/07\/DSC4379-1024x683.jpg\" alt=\"\" data-id=\"1529\" data-link=\"https:\/\/www.pfadilandshut.ch\/wordpress\/?attachment_id=1529#main\" class=\"wp-image-1529\" srcset=\"https:\/\/www.pfadilandshut.ch\/wordpress\/wp-content\/uploads\/2020\/07\/DSC4379-1024x683.jpg 1024w, https:\/\/www.pfadilandshut.ch\/wordpress\/wp-content\/uploads\/2020\/07\/DSC4379-300x200.jpg 300w, https:\/\/www.pfadilandshut.ch\/wordpress\/wp-content\/uploads\/2020\/07\/DSC4379-768x512.jpg 768w, https:\/\/www.pfadilandshut.ch\/wordpress\/wp-content\/uploads\/2020\/07\/DSC4379-1536x1024.jpg 1536w, https:\/\/www.pfadilandshut.ch\/wordpress\/wp-content\/uploads\/2020\/07\/DSC4379-2048x1365.jpg 2048w, https:\/\/www.pfadilandshut.ch\/wordpress\/wp-content\/uploads\/2020\/07\/DSC4379-619x413.jpg 619w\" sizes=\"(max-width: 1024px) 100vw, 1024px\" \/><\/figure><\/li><li class=\"blocks-gallery-item\"><figure><img loading=\"lazy\" decoding=\"async\" width=\"1024\" height=\"683\" src=\"https:\/\/www.pfadilandshut.ch\/wordpress\/wp-content\/uploads\/2020\/07\/DSC4575-1024x683.jpg\" alt=\"\" data-id=\"1530\" data-link=\"https:\/\/www.pfadilandshut.ch\/wordpress\/?attachment_id=1530#main\" class=\"wp-image-1530\" srcset=\"https:\/\/www.pfadilandshut.ch\/wordpress\/wp-content\/uploads\/2020\/07\/DSC4575-1024x683.jpg 1024w, https:\/\/www.pfadilandshut.ch\/wordpress\/wp-content\/uploads\/2020\/07\/DSC4575-300x200.jpg 300w, https:\/\/www.pfadilandshut.ch\/wordpress\/wp-content\/uploads\/2020\/07\/DSC4575-768x512.jpg 768w, https:\/\/www.pfadilandshut.ch\/wordpress\/wp-content\/uploads\/2020\/07\/DSC4575-1536x1024.jpg 1536w, https:\/\/www.pfadilandshut.ch\/wordpress\/wp-content\/uploads\/2020\/07\/DSC4575-2048x1365.jpg 2048w, https:\/\/www.pfadilandshut.ch\/wordpress\/wp-content\/uploads\/2020\/07\/DSC4575-619x413.jpg 619w\" sizes=\"(max-width: 1024px) 100vw, 1024px\" \/><\/figure><\/li><li class=\"blocks-gallery-item\"><figure><img loading=\"lazy\" decoding=\"async\" width=\"1024\" height=\"683\" src=\"https:\/\/www.pfadilandshut.ch\/wordpress\/wp-content\/uploads\/2020\/07\/DSC4628-1024x683.jpg\" alt=\"\" data-id=\"1536\" data-full-url=\"https:\/\/www.pfadilandshut.ch\/wordpress\/wp-content\/uploads\/2020\/07\/DSC4628-scaled.jpg\" data-link=\"https:\/\/www.pfadilandshut.ch\/wordpress\/?attachment_id=1536#main\" class=\"wp-image-1536\" srcset=\"https:\/\/www.pfadilandshut.ch\/wordpress\/wp-content\/uploads\/2020\/07\/DSC4628-1024x683.jpg 1024w, https:\/\/www.pfadilandshut.ch\/wordpress\/wp-content\/uploads\/2020\/07\/DSC4628-300x200.jpg 300w, https:\/\/www.pfadilandshut.ch\/wordpress\/wp-content\/uploads\/2020\/07\/DSC4628-768x512.jpg 768w, https:\/\/www.pfadilandshut.ch\/wordpress\/wp-content\/uploads\/2020\/07\/DSC4628-1536x1024.jpg 1536w, https:\/\/www.pfadilandshut.ch\/wordpress\/wp-content\/uploads\/2020\/07\/DSC4628-2048x1365.jpg 2048w, https:\/\/www.pfadilandshut.ch\/wordpress\/wp-content\/uploads\/2020\/07\/DSC4628-619x413.jpg 619w\" sizes=\"(max-width: 1024px) 100vw, 1024px\" \/><\/figure><\/li><li class=\"blocks-gallery-item\"><figure><img loading=\"lazy\" decoding=\"async\" width=\"1024\" height=\"683\" src=\"https:\/\/www.pfadilandshut.ch\/wordpress\/wp-content\/uploads\/2020\/07\/DSC5004-1024x683.jpg\" alt=\"\" data-id=\"1532\" data-link=\"https:\/\/www.pfadilandshut.ch\/wordpress\/?attachment_id=1532#main\" class=\"wp-image-1532\" srcset=\"https:\/\/www.pfadilandshut.ch\/wordpress\/wp-content\/uploads\/2020\/07\/DSC5004-1024x683.jpg 1024w, https:\/\/www.pfadilandshut.ch\/wordpress\/wp-content\/uploads\/2020\/07\/DSC5004-300x200.jpg 300w, https:\/\/www.pfadilandshut.ch\/wordpress\/wp-content\/uploads\/2020\/07\/DSC5004-768x512.jpg 768w, https:\/\/www.pfadilandshut.ch\/wordpress\/wp-content\/uploads\/2020\/07\/DSC5004-1536x1024.jpg 1536w, https:\/\/www.pfadilandshut.ch\/wordpress\/wp-content\/uploads\/2020\/07\/DSC5004-2048x1365.jpg 2048w, https:\/\/www.pfadilandshut.ch\/wordpress\/wp-content\/uploads\/2020\/07\/DSC5004-619x413.jpg 619w\" sizes=\"(max-width: 1024px) 100vw, 1024px\" \/><\/figure><\/li><li class=\"blocks-gallery-item\"><figure><img loading=\"lazy\" decoding=\"async\" width=\"1024\" height=\"683\" src=\"https:\/\/www.pfadilandshut.ch\/wordpress\/wp-content\/uploads\/2020\/07\/DSC4731-1024x683.jpg\" alt=\"\" data-id=\"1533\" data-link=\"https:\/\/www.pfadilandshut.ch\/wordpress\/?attachment_id=1533#main\" class=\"wp-image-1533\" srcset=\"https:\/\/www.pfadilandshut.ch\/wordpress\/wp-content\/uploads\/2020\/07\/DSC4731-1024x683.jpg 1024w, https:\/\/www.pfadilandshut.ch\/wordpress\/wp-content\/uploads\/2020\/07\/DSC4731-300x200.jpg 300w, https:\/\/www.pfadilandshut.ch\/wordpress\/wp-content\/uploads\/2020\/07\/DSC4731-768x512.jpg 768w, https:\/\/www.pfadilandshut.ch\/wordpress\/wp-content\/uploads\/2020\/07\/DSC4731-1536x1024.jpg 1536w, https:\/\/www.pfadilandshut.ch\/wordpress\/wp-content\/uploads\/2020\/07\/DSC4731-2048x1365.jpg 2048w, https:\/\/www.pfadilandshut.ch\/wordpress\/wp-content\/uploads\/2020\/07\/DSC4731-619x413.jpg 619w\" sizes=\"(max-width: 1024px) 100vw, 1024px\" \/><\/figure><\/li><\/ul><\/figure>\n\n\n\n<p>Vielen Dank an alle, die zu diesem wunderbaren Sola beigetragen haben, insbesondere der Lagerleitung und dem tollen K\u00fcchenteam, die uns immer mit dem besten Essen verw\u00f6hnt haben!<\/p>\n","protected":false},"excerpt":{"rendered":"<p>Gross war die Freude, als klar war, dass wir nun trotz Corona ins Sola k\u00f6nnen. Und es hat sich gelohnt! Wir durften zwei supertolle Wochen mit perfektem Wetter in Ossingen im Kanton Z\u00fcrich verbringen. Davon wollen wir hier einige Eindr\u00fccke mit euch teilen: Vielen Dank an alle, die zu diesem wunderbaren Sola beigetragen haben, insbesondere [&hellip;]<\/p>\n","protected":false},"author":5,"featured_media":0,"comment_status":"open","ping_status":"open","sticky":false,"template":"","format":"standard","meta":{"footnotes":""},"categories":[9,3],"tags":[],"yoast_head":"<!-- This site is optimized with the Yoast SEO plugin v22.2 - https:\/\/yoast.com\/wordpress\/plugins\/seo\/ -->\n<title>Sola 2020 - Pfadilandshut.ch<\/title>\n<meta name=\"robots\" content=\"index, follow, max-snippet:-1, max-image-preview:large, max-video-preview:-1\" \/>\n<link rel=\"canonical\" href=\"https:\/\/www.pfadilandshut.ch\/wordpress\/?p=1528\" \/>\n<meta property=\"og:locale\" content=\"de_DE\" \/>\n<meta property=\"og:type\" content=\"article\" \/>\n<meta property=\"og:title\" content=\"Sola 2020 - Pfadilandshut.ch\" \/>\n<meta property=\"og:description\" content=\"Gross war die Freude, als klar war, dass wir nun trotz Corona ins Sola k\u00f6nnen. Und es hat sich gelohnt! Wir durften zwei supertolle Wochen mit perfektem Wetter in Ossingen im Kanton Z\u00fcrich verbringen. Davon wollen wir hier einige Eindr\u00fccke mit euch teilen: Vielen Dank an alle, die zu diesem wunderbaren Sola beigetragen haben, insbesondere [&hellip;]\" \/>\n<meta property=\"og:url\" content=\"https:\/\/www.pfadilandshut.ch\/wordpress\/?p=1528\" \/>\n<meta property=\"og:site_name\" content=\"Pfadilandshut.ch\" \/>\n<meta property=\"article:published_time\" content=\"2020-07-31T09:34:24+00:00\" \/>\n<meta property=\"article:modified_time\" content=\"2020-07-31T09:35:03+00:00\" \/>\n<meta property=\"og:image\" content=\"https:\/\/www.pfadilandshut.ch\/wordpress\/wp-content\/uploads\/2020\/07\/DSC4379-1024x683.jpg\" \/>\n<meta name=\"author\" content=\"Leiter\" \/>\n<meta name=\"twitter:card\" content=\"summary_large_image\" \/>\n<meta name=\"twitter:label1\" content=\"Verfasst von\" \/>\n\t<meta name=\"twitter:data1\" content=\"Leiter\" \/>\n<script type=\"application\/ld+json\" class=\"yoast-schema-graph\">{\"@context\":\"https:\/\/schema.org\",\"@graph\":[{\"@type\":\"WebPage\",\"@id\":\"https:\/\/www.pfadilandshut.ch\/wordpress\/?p=1528\",\"url\":\"https:\/\/www.pfadilandshut.ch\/wordpress\/?p=1528\",\"name\":\"Sola 2020 - Pfadilandshut.ch\",\"isPartOf\":{\"@id\":\"https:\/\/www.pfadilandshut.ch\/wordpress\/#website\"},\"primaryImageOfPage\":{\"@id\":\"https:\/\/www.pfadilandshut.ch\/wordpress\/?p=1528#primaryimage\"},\"image\":{\"@id\":\"https:\/\/www.pfadilandshut.ch\/wordpress\/?p=1528#primaryimage\"},\"thumbnailUrl\":\"https:\/\/www.pfadilandshut.ch\/wordpress\/wp-content\/uploads\/2020\/07\/DSC4379-1024x683.jpg\",\"datePublished\":\"2020-07-31T09:34:24+00:00\",\"dateModified\":\"2020-07-31T09:35:03+00:00\",\"author\":{\"@id\":\"https:\/\/www.pfadilandshut.ch\/wordpress\/#\/schema\/person\/73a04e42fdd26bf56614c5e4a983e2e4\"},\"breadcrumb\":{\"@id\":\"https:\/\/www.pfadilandshut.ch\/wordpress\/?p=1528#breadcrumb\"},\"inLanguage\":\"de\",\"potentialAction\":[{\"@type\":\"ReadAction\",\"target\":[\"https:\/\/www.pfadilandshut.ch\/wordpress\/?p=1528\"]}]},{\"@type\":\"ImageObject\",\"inLanguage\":\"de\",\"@id\":\"https:\/\/www.pfadilandshut.ch\/wordpress\/?p=1528#primaryimage\",\"url\":\"https:\/\/www.pfadilandshut.ch\/wordpress\/wp-content\/uploads\/2020\/07\/DSC4379-scaled.jpg\",\"contentUrl\":\"https:\/\/www.pfadilandshut.ch\/wordpress\/wp-content\/uploads\/2020\/07\/DSC4379-scaled.jpg\",\"width\":2560,\"height\":1707},{\"@type\":\"BreadcrumbList\",\"@id\":\"https:\/\/www.pfadilandshut.ch\/wordpress\/?p=1528#breadcrumb\",\"itemListElement\":[{\"@type\":\"ListItem\",\"position\":1,\"name\":\"Startseite\",\"item\":\"https:\/\/www.pfadilandshut.ch\/wordpress\/\"},{\"@type\":\"ListItem\",\"position\":2,\"name\":\"Sola 2020\"}]},{\"@type\":\"WebSite\",\"@id\":\"https:\/\/www.pfadilandshut.ch\/wordpress\/#website\",\"url\":\"https:\/\/www.pfadilandshut.ch\/wordpress\/\",\"name\":\"Pfadilandshut.ch\",\"description\":\"Pfadi Abteilung aus B\u00e4tterkinden BE\",\"potentialAction\":[{\"@type\":\"SearchAction\",\"target\":{\"@type\":\"EntryPoint\",\"urlTemplate\":\"https:\/\/www.pfadilandshut.ch\/wordpress\/?s={search_term_string}\"},\"query-input\":\"required name=search_term_string\"}],\"inLanguage\":\"de\"},{\"@type\":\"Person\",\"@id\":\"https:\/\/www.pfadilandshut.ch\/wordpress\/#\/schema\/person\/73a04e42fdd26bf56614c5e4a983e2e4\",\"name\":\"Leiter\",\"image\":{\"@type\":\"ImageObject\",\"inLanguage\":\"de\",\"@id\":\"https:\/\/www.pfadilandshut.ch\/wordpress\/#\/schema\/person\/image\/\",\"url\":\"https:\/\/secure.gravatar.com\/avatar\/a499af3e0a67c3e44221bee8544bf8b0?s=96&d=mm&r=g\",\"contentUrl\":\"https:\/\/secure.gravatar.com\/avatar\/a499af3e0a67c3e44221bee8544bf8b0?s=96&d=mm&r=g\",\"caption\":\"Leiter\"},\"sameAs\":[\"http:\/\/www.pfadilandshut.ch\"],\"url\":\"https:\/\/www.pfadilandshut.ch\/wordpress\/?author=5\"}]}<\/script>\n<!-- \/ Yoast SEO plugin. -->","yoast_head_json":{"title":"Sola 2020 - Pfadilandshut.ch","robots":{"index":"index","follow":"follow","max-snippet":"max-snippet:-1","max-image-preview":"max-image-preview:large","max-video-preview":"max-video-preview:-1"},"canonical":"https:\/\/www.pfadilandshut.ch\/wordpress\/?p=1528","og_locale":"de_DE","og_type":"article","og_title":"Sola 2020 - Pfadilandshut.ch","og_description":"Gross war die Freude, als klar war, dass wir nun trotz Corona ins Sola k\u00f6nnen. Und es hat sich gelohnt! Wir durften zwei supertolle Wochen mit perfektem Wetter in Ossingen im Kanton Z\u00fcrich verbringen. Davon wollen wir hier einige Eindr\u00fccke mit euch teilen: Vielen Dank an alle, die zu diesem wunderbaren Sola beigetragen haben, insbesondere [&hellip;]","og_url":"https:\/\/www.pfadilandshut.ch\/wordpress\/?p=1528","og_site_name":"Pfadilandshut.ch","article_published_time":"2020-07-31T09:34:24+00:00","article_modified_time":"2020-07-31T09:35:03+00:00","og_image":[{"url":"https:\/\/www.pfadilandshut.ch\/wordpress\/wp-content\/uploads\/2020\/07\/DSC4379-1024x683.jpg"}],"author":"Leiter","twitter_card":"summary_large_image","twitter_misc":{"Verfasst von":"Leiter"},"schema":{"@context":"https:\/\/schema.org","@graph":[{"@type":"WebPage","@id":"https:\/\/www.pfadilandshut.ch\/wordpress\/?p=1528","url":"https:\/\/www.pfadilandshut.ch\/wordpress\/?p=1528","name":"Sola 2020 - Pfadilandshut.ch","isPartOf":{"@id":"https:\/\/www.pfadilandshut.ch\/wordpress\/#website"},"primaryImageOfPage":{"@id":"https:\/\/www.pfadilandshut.ch\/wordpress\/?p=1528#primaryimage"},"image":{"@id":"https:\/\/www.pfadilandshut.ch\/wordpress\/?p=1528#primaryimage"},"thumbnailUrl":"https:\/\/www.pfadilandshut.ch\/wordpress\/wp-content\/uploads\/2020\/07\/DSC4379-1024x683.jpg","datePublished":"2020-07-31T09:34:24+00:00","dateModified":"2020-07-31T09:35:03+00:00","author":{"@id":"https:\/\/www.pfadilandshut.ch\/wordpress\/#\/schema\/person\/73a04e42fdd26bf56614c5e4a983e2e4"},"breadcrumb":{"@id":"https:\/\/www.pfadilandshut.ch\/wordpress\/?p=1528#breadcrumb"},"inLanguage":"de","potentialAction":[{"@type":"ReadAction","target":["https:\/\/www.pfadilandshut.ch\/wordpress\/?p=1528"]}]},{"@type":"ImageObject","inLanguage":"de","@id":"https:\/\/www.pfadilandshut.ch\/wordpress\/?p=1528#primaryimage","url":"https:\/\/www.pfadilandshut.ch\/wordpress\/wp-content\/uploads\/2020\/07\/DSC4379-scaled.jpg","contentUrl":"https:\/\/www.pfadilandshut.ch\/wordpress\/wp-content\/uploads\/2020\/07\/DSC4379-scaled.jpg","width":2560,"height":1707},{"@type":"BreadcrumbList","@id":"https:\/\/www.pfadilandshut.ch\/wordpress\/?p=1528#breadcrumb","itemListElement":[{"@type":"ListItem","position":1,"name":"Startseite","item":"https:\/\/www.pfadilandshut.ch\/wordpress\/"},{"@type":"ListItem","position":2,"name":"Sola 2020"}]},{"@type":"WebSite","@id":"https:\/\/www.pfadilandshut.ch\/wordpress\/#website","url":"https:\/\/www.pfadilandshut.ch\/wordpress\/","name":"Pfadilandshut.ch","description":"Pfadi Abteilung aus B\u00e4tterkinden BE","potentialAction":[{"@type":"SearchAction","target":{"@type":"EntryPoint","urlTemplate":"https:\/\/www.pfadilandshut.ch\/wordpress\/?s={search_term_string}"},"query-input":"required name=search_term_string"}],"inLanguage":"de"},{"@type":"Person","@id":"https:\/\/www.pfadilandshut.ch\/wordpress\/#\/schema\/person\/73a04e42fdd26bf56614c5e4a983e2e4","name":"Leiter","image":{"@type":"ImageObject","inLanguage":"de","@id":"https:\/\/www.pfadilandshut.ch\/wordpress\/#\/schema\/person\/image\/","url":"https:\/\/secure.gravatar.com\/avatar\/a499af3e0a67c3e44221bee8544bf8b0?s=96&d=mm&r=g","contentUrl":"https:\/\/secure.gravatar.com\/avatar\/a499af3e0a67c3e44221bee8544bf8b0?s=96&d=mm&r=g","caption":"Leiter"},"sameAs":["http:\/\/www.pfadilandshut.ch"],"url":"https:\/\/www.pfadilandshut.ch\/wordpress\/?author=5"}]}},"_links":{"self":[{"href":"https:\/\/www.pfadilandshut.ch\/wordpress\/index.php?rest_route=\/wp\/v2\/posts\/1528"}],"collection":[{"href":"https:\/\/www.pfadilandshut.ch\/wordpress\/index.php?rest_route=\/wp\/v2\/posts"}],"about":[{"href":"https:\/\/www.pfadilandshut.ch\/wordpress\/index.php?rest_route=\/wp\/v2\/types\/post"}],"author":[{"embeddable":true,"href":"https:\/\/www.pfadilandshut.ch\/wordpress\/index.php?rest_route=\/wp\/v2\/users\/5"}],"replies":[{"embeddable":true,"href":"https:\/\/www.pfadilandshut.ch\/wordpress\/index.php?rest_route=%2Fwp%2Fv2%2Fcomments&post=1528"}],"version-history":[{"count":4,"href":"https:\/\/www.pfadilandshut.ch\/wordpress\/index.php?rest_route=\/wp\/v2\/posts\/1528\/revisions"}],"predecessor-version":[{"id":1538,"href":"https:\/\/www.pfadilandshut.ch\/wordpress\/index.php?rest_route=\/wp\/v2\/posts\/1528\/revisions\/1538"}],"wp:attachment":[{"href":"https:\/\/www.pfadilandshut.ch\/wordpress\/index.php?rest_route=%2Fwp%2Fv2%2Fmedia&parent=1528"}],"wp:term":[{"taxonomy":"category","embeddable":true,"href":"https:\/\/www.pfadilandshut.ch\/wordpress\/index.php?rest_route=%2Fwp%2Fv2%2Fcategories&post=1528"},{"taxonomy":"post_tag","embeddable":true,"href":"https:\/\/www.pfadilandshut.ch\/wordpress\/index.php?rest_route=%2Fwp%2Fv2%2Ftags&post=1528"}],"curies":[{"name":"wp","href":"https:\/\/api.w.org\/{rel}","templated":true}]}}