{"id":1558,"date":"2020-10-26T20:06:32","date_gmt":"2020-10-26T19:06:32","guid":{"rendered":"https:\/\/www.pfadilandshut.ch\/wordpress\/?p=1558"},"modified":"2020-10-26T20:06:37","modified_gmt":"2020-10-26T19:06:37","slug":"keine-aktivitaeten-bis-weihnachten","status":"publish","type":"post","link":"https:\/\/www.pfadilandshut.ch\/wordpress\/?p=1558","title":{"rendered":"Keine Aktivit\u00e4ten bis Weihnachten"},"content":{"rendered":"\n<p>Hallo liebe Pfader, Eltern und Angeh\u00f6rige<\/p>\n\n\n\n<p>Leider m\u00fcssen wir alle Aktivit\u00e4ten bis Weihnachten absagen. Dies betrifft auch die Elternversammlung. Die Traktanden der diesj\u00e4hrigen Elternversammlung werden in der n\u00e4chsten, hoffentlich normal im Fr\u00fchling stattfindenden Elternversammlung, nachgeholt. Genaueres findet ihr in dem versandten Infomail. <\/p>\n\n\n\n<p>Wir w\u00fcnschen euch trotz allem eine gute Zeit und bleibt gesund!<\/p>\n\n\n\n<figure class=\"wp-block-image size-large\"><img loading=\"lazy\" decoding=\"async\" width=\"2560\" height=\"1438\" src=\"https:\/\/www.pfadilandshut.ch\/wordpress\/wp-content\/uploads\/2020\/10\/P1110598-edited-scaled.jpg\" alt=\"\" class=\"wp-image-1560\" srcset=\"https:\/\/www.pfadilandshut.ch\/wordpress\/wp-content\/uploads\/2020\/10\/P1110598-edited-scaled.jpg 2560w, https:\/\/www.pfadilandshut.ch\/wordpress\/wp-content\/uploads\/2020\/10\/P1110598-edited-300x169.jpg 300w, https:\/\/www.pfadilandshut.ch\/wordpress\/wp-content\/uploads\/2020\/10\/P1110598-edited-1024x575.jpg 1024w, https:\/\/www.pfadilandshut.ch\/wordpress\/wp-content\/uploads\/2020\/10\/P1110598-edited-768x431.jpg 768w, https:\/\/www.pfadilandshut.ch\/wordpress\/wp-content\/uploads\/2020\/10\/P1110598-edited-1536x863.jpg 1536w, https:\/\/www.pfadilandshut.ch\/wordpress\/wp-content\/uploads\/2020\/10\/P1110598-edited-2048x1151.jpg 2048w, https:\/\/www.pfadilandshut.ch\/wordpress\/wp-content\/uploads\/2020\/10\/P1110598-edited-619x348.jpg 619w\" sizes=\"(max-width: 2560px) 100vw, 2560px\" \/><\/figure>\n","protected":false},"excerpt":{"rendered":"<p>Hallo liebe Pfader, Eltern und Angeh\u00f6rige Leider m\u00fcssen wir alle Aktivit\u00e4ten bis Weihnachten absagen. Dies betrifft auch die Elternversammlung. Die Traktanden der diesj\u00e4hrigen Elternversammlung werden in der n\u00e4chsten, hoffentlich normal im Fr\u00fchling stattfindenden Elternversammlung, nachgeholt. Genaueres findet ihr in dem versandten Infomail. Wir w\u00fcnschen euch trotz allem eine gute Zeit und bleibt gesund!<\/p>\n","protected":false},"author":5,"featured_media":0,"comment_status":"open","ping_status":"open","sticky":false,"template":"","format":"standard","meta":{"footnotes":""},"categories":[3],"tags":[],"yoast_head":"<!-- This site is optimized with the Yoast SEO plugin v22.2 - https:\/\/yoast.com\/wordpress\/plugins\/seo\/ -->\n<title>Keine Aktivit\u00e4ten bis Weihnachten - Pfadilandshut.ch<\/title>\n<meta name=\"robots\" content=\"index, follow, max-snippet:-1, max-image-preview:large, max-video-preview:-1\" \/>\n<link rel=\"canonical\" href=\"https:\/\/www.pfadilandshut.ch\/wordpress\/?p=1558\" \/>\n<meta property=\"og:locale\" content=\"de_DE\" \/>\n<meta property=\"og:type\" content=\"article\" \/>\n<meta property=\"og:title\" content=\"Keine Aktivit\u00e4ten bis Weihnachten - Pfadilandshut.ch\" \/>\n<meta property=\"og:description\" content=\"Hallo liebe Pfader, Eltern und Angeh\u00f6rige Leider m\u00fcssen wir alle Aktivit\u00e4ten bis Weihnachten absagen. Dies betrifft auch die Elternversammlung. Die Traktanden der diesj\u00e4hrigen Elternversammlung werden in der n\u00e4chsten, hoffentlich normal im Fr\u00fchling stattfindenden Elternversammlung, nachgeholt. Genaueres findet ihr in dem versandten Infomail. Wir w\u00fcnschen euch trotz allem eine gute Zeit und bleibt gesund!\" \/>\n<meta property=\"og:url\" content=\"https:\/\/www.pfadilandshut.ch\/wordpress\/?p=1558\" \/>\n<meta property=\"og:site_name\" content=\"Pfadilandshut.ch\" \/>\n<meta property=\"article:published_time\" content=\"2020-10-26T19:06:32+00:00\" \/>\n<meta property=\"article:modified_time\" content=\"2020-10-26T19:06:37+00:00\" \/>\n<meta property=\"og:image\" content=\"https:\/\/www.pfadilandshut.ch\/wordpress\/wp-content\/uploads\/2020\/10\/P1110598-edited-scaled.jpg\" \/>\n<meta name=\"author\" content=\"Leiter\" \/>\n<meta name=\"twitter:card\" content=\"summary_large_image\" \/>\n<meta name=\"twitter:label1\" content=\"Verfasst von\" \/>\n\t<meta name=\"twitter:data1\" content=\"Leiter\" \/>\n<script type=\"application\/ld+json\" class=\"yoast-schema-graph\">{\"@context\":\"https:\/\/schema.org\",\"@graph\":[{\"@type\":\"WebPage\",\"@id\":\"https:\/\/www.pfadilandshut.ch\/wordpress\/?p=1558\",\"url\":\"https:\/\/www.pfadilandshut.ch\/wordpress\/?p=1558\",\"name\":\"Keine Aktivit\u00e4ten bis Weihnachten - Pfadilandshut.ch\",\"isPartOf\":{\"@id\":\"https:\/\/www.pfadilandshut.ch\/wordpress\/#website\"},\"primaryImageOfPage\":{\"@id\":\"https:\/\/www.pfadilandshut.ch\/wordpress\/?p=1558#primaryimage\"},\"image\":{\"@id\":\"https:\/\/www.pfadilandshut.ch\/wordpress\/?p=1558#primaryimage\"},\"thumbnailUrl\":\"https:\/\/www.pfadilandshut.ch\/wordpress\/wp-content\/uploads\/2020\/10\/P1110598-edited-scaled.jpg\",\"datePublished\":\"2020-10-26T19:06:32+00:00\",\"dateModified\":\"2020-10-26T19:06:37+00:00\",\"author\":{\"@id\":\"https:\/\/www.pfadilandshut.ch\/wordpress\/#\/schema\/person\/73a04e42fdd26bf56614c5e4a983e2e4\"},\"breadcrumb\":{\"@id\":\"https:\/\/www.pfadilandshut.ch\/wordpress\/?p=1558#breadcrumb\"},\"inLanguage\":\"de\",\"potentialAction\":[{\"@type\":\"ReadAction\",\"target\":[\"https:\/\/www.pfadilandshut.ch\/wordpress\/?p=1558\"]}]},{\"@type\":\"ImageObject\",\"inLanguage\":\"de\",\"@id\":\"https:\/\/www.pfadilandshut.ch\/wordpress\/?p=1558#primaryimage\",\"url\":\"https:\/\/www.pfadilandshut.ch\/wordpress\/wp-content\/uploads\/2020\/10\/P1110598-edited-scaled.jpg\",\"contentUrl\":\"https:\/\/www.pfadilandshut.ch\/wordpress\/wp-content\/uploads\/2020\/10\/P1110598-edited-scaled.jpg\",\"width\":2560,\"height\":1438},{\"@type\":\"BreadcrumbList\",\"@id\":\"https:\/\/www.pfadilandshut.ch\/wordpress\/?p=1558#breadcrumb\",\"itemListElement\":[{\"@type\":\"ListItem\",\"position\":1,\"name\":\"Startseite\",\"item\":\"https:\/\/www.pfadilandshut.ch\/wordpress\/\"},{\"@type\":\"ListItem\",\"position\":2,\"name\":\"Keine Aktivit\u00e4ten bis Weihnachten\"}]},{\"@type\":\"WebSite\",\"@id\":\"https:\/\/www.pfadilandshut.ch\/wordpress\/#website\",\"url\":\"https:\/\/www.pfadilandshut.ch\/wordpress\/\",\"name\":\"Pfadilandshut.ch\",\"description\":\"Pfadi Abteilung aus B\u00e4tterkinden BE\",\"potentialAction\":[{\"@type\":\"SearchAction\",\"target\":{\"@type\":\"EntryPoint\",\"urlTemplate\":\"https:\/\/www.pfadilandshut.ch\/wordpress\/?s={search_term_string}\"},\"query-input\":\"required name=search_term_string\"}],\"inLanguage\":\"de\"},{\"@type\":\"Person\",\"@id\":\"https:\/\/www.pfadilandshut.ch\/wordpress\/#\/schema\/person\/73a04e42fdd26bf56614c5e4a983e2e4\",\"name\":\"Leiter\",\"image\":{\"@type\":\"ImageObject\",\"inLanguage\":\"de\",\"@id\":\"https:\/\/www.pfadilandshut.ch\/wordpress\/#\/schema\/person\/image\/\",\"url\":\"https:\/\/secure.gravatar.com\/avatar\/a499af3e0a67c3e44221bee8544bf8b0?s=96&d=mm&r=g\",\"contentUrl\":\"https:\/\/secure.gravatar.com\/avatar\/a499af3e0a67c3e44221bee8544bf8b0?s=96&d=mm&r=g\",\"caption\":\"Leiter\"},\"sameAs\":[\"http:\/\/www.pfadilandshut.ch\"],\"url\":\"https:\/\/www.pfadilandshut.ch\/wordpress\/?author=5\"}]}<\/script>\n<!-- \/ Yoast SEO plugin. -->","yoast_head_json":{"title":"Keine Aktivit\u00e4ten bis Weihnachten - Pfadilandshut.ch","robots":{"index":"index","follow":"follow","max-snippet":"max-snippet:-1","max-image-preview":"max-image-preview:large","max-video-preview":"max-video-preview:-1"},"canonical":"https:\/\/www.pfadilandshut.ch\/wordpress\/?p=1558","og_locale":"de_DE","og_type":"article","og_title":"Keine Aktivit\u00e4ten bis Weihnachten - Pfadilandshut.ch","og_description":"Hallo liebe Pfader, Eltern und Angeh\u00f6rige Leider m\u00fcssen wir alle Aktivit\u00e4ten bis Weihnachten absagen. Dies betrifft auch die Elternversammlung. Die Traktanden der diesj\u00e4hrigen Elternversammlung werden in der n\u00e4chsten, hoffentlich normal im Fr\u00fchling stattfindenden Elternversammlung, nachgeholt. Genaueres findet ihr in dem versandten Infomail. Wir w\u00fcnschen euch trotz allem eine gute Zeit und bleibt gesund!","og_url":"https:\/\/www.pfadilandshut.ch\/wordpress\/?p=1558","og_site_name":"Pfadilandshut.ch","article_published_time":"2020-10-26T19:06:32+00:00","article_modified_time":"2020-10-26T19:06:37+00:00","og_image":[{"url":"https:\/\/www.pfadilandshut.ch\/wordpress\/wp-content\/uploads\/2020\/10\/P1110598-edited-scaled.jpg"}],"author":"Leiter","twitter_card":"summary_large_image","twitter_misc":{"Verfasst von":"Leiter"},"schema":{"@context":"https:\/\/schema.org","@graph":[{"@type":"WebPage","@id":"https:\/\/www.pfadilandshut.ch\/wordpress\/?p=1558","url":"https:\/\/www.pfadilandshut.ch\/wordpress\/?p=1558","name":"Keine Aktivit\u00e4ten bis Weihnachten - Pfadilandshut.ch","isPartOf":{"@id":"https:\/\/www.pfadilandshut.ch\/wordpress\/#website"},"primaryImageOfPage":{"@id":"https:\/\/www.pfadilandshut.ch\/wordpress\/?p=1558#primaryimage"},"image":{"@id":"https:\/\/www.pfadilandshut.ch\/wordpress\/?p=1558#primaryimage"},"thumbnailUrl":"https:\/\/www.pfadilandshut.ch\/wordpress\/wp-content\/uploads\/2020\/10\/P1110598-edited-scaled.jpg","datePublished":"2020-10-26T19:06:32+00:00","dateModified":"2020-10-26T19:06:37+00:00","author":{"@id":"https:\/\/www.pfadilandshut.ch\/wordpress\/#\/schema\/person\/73a04e42fdd26bf56614c5e4a983e2e4"},"breadcrumb":{"@id":"https:\/\/www.pfadilandshut.ch\/wordpress\/?p=1558#breadcrumb"},"inLanguage":"de","potentialAction":[{"@type":"ReadAction","target":["https:\/\/www.pfadilandshut.ch\/wordpress\/?p=1558"]}]},{"@type":"ImageObject","inLanguage":"de","@id":"https:\/\/www.pfadilandshut.ch\/wordpress\/?p=1558#primaryimage","url":"https:\/\/www.pfadilandshut.ch\/wordpress\/wp-content\/uploads\/2020\/10\/P1110598-edited-scaled.jpg","contentUrl":"https:\/\/www.pfadilandshut.ch\/wordpress\/wp-content\/uploads\/2020\/10\/P1110598-edited-scaled.jpg","width":2560,"height":1438},{"@type":"BreadcrumbList","@id":"https:\/\/www.pfadilandshut.ch\/wordpress\/?p=1558#breadcrumb","itemListElement":[{"@type":"ListItem","position":1,"name":"Startseite","item":"https:\/\/www.pfadilandshut.ch\/wordpress\/"},{"@type":"ListItem","position":2,"name":"Keine Aktivit\u00e4ten bis Weihnachten"}]},{"@type":"WebSite","@id":"https:\/\/www.pfadilandshut.ch\/wordpress\/#website","url":"https:\/\/www.pfadilandshut.ch\/wordpress\/","name":"Pfadilandshut.ch","description":"Pfadi Abteilung aus B\u00e4tterkinden BE","potentialAction":[{"@type":"SearchAction","target":{"@type":"EntryPoint","urlTemplate":"https:\/\/www.pfadilandshut.ch\/wordpress\/?s={search_term_string}"},"query-input":"required name=search_term_string"}],"inLanguage":"de"},{"@type":"Person","@id":"https:\/\/www.pfadilandshut.ch\/wordpress\/#\/schema\/person\/73a04e42fdd26bf56614c5e4a983e2e4","name":"Leiter","image":{"@type":"ImageObject","inLanguage":"de","@id":"https:\/\/www.pfadilandshut.ch\/wordpress\/#\/schema\/person\/image\/","url":"https:\/\/secure.gravatar.com\/avatar\/a499af3e0a67c3e44221bee8544bf8b0?s=96&d=mm&r=g","contentUrl":"https:\/\/secure.gravatar.com\/avatar\/a499af3e0a67c3e44221bee8544bf8b0?s=96&d=mm&r=g","caption":"Leiter"},"sameAs":["http:\/\/www.pfadilandshut.ch"],"url":"https:\/\/www.pfadilandshut.ch\/wordpress\/?author=5"}]}},"_links":{"self":[{"href":"https:\/\/www.pfadilandshut.ch\/wordpress\/index.php?rest_route=\/wp\/v2\/posts\/1558"}],"collection":[{"href":"https:\/\/www.pfadilandshut.ch\/wordpress\/index.php?rest_route=\/wp\/v2\/posts"}],"about":[{"href":"https:\/\/www.pfadilandshut.ch\/wordpress\/index.php?rest_route=\/wp\/v2\/types\/post"}],"author":[{"embeddable":true,"href":"https:\/\/www.pfadilandshut.ch\/wordpress\/index.php?rest_route=\/wp\/v2\/users\/5"}],"replies":[{"embeddable":true,"href":"https:\/\/www.pfadilandshut.ch\/wordpress\/index.php?rest_route=%2Fwp%2Fv2%2Fcomments&post=1558"}],"version-history":[{"count":1,"href":"https:\/\/www.pfadilandshut.ch\/wordpress\/index.php?rest_route=\/wp\/v2\/posts\/1558\/revisions"}],"predecessor-version":[{"id":1561,"href":"https:\/\/www.pfadilandshut.ch\/wordpress\/index.php?rest_route=\/wp\/v2\/posts\/1558\/revisions\/1561"}],"wp:attachment":[{"href":"https:\/\/www.pfadilandshut.ch\/wordpress\/index.php?rest_route=%2Fwp%2Fv2%2Fmedia&parent=1558"}],"wp:term":[{"taxonomy":"category","embeddable":true,"href":"https:\/\/www.pfadilandshut.ch\/wordpress\/index.php?rest_route=%2Fwp%2Fv2%2Fcategories&post=1558"},{"taxonomy":"post_tag","embeddable":true,"href":"https:\/\/www.pfadilandshut.ch\/wordpress\/index.php?rest_route=%2Fwp%2Fv2%2Ftags&post=1558"}],"curies":[{"name":"wp","href":"https:\/\/api.w.org\/{rel}","templated":true}]}}