{"id":1623,"date":"2021-03-15T21:17:43","date_gmt":"2021-03-15T20:17:43","guid":{"rendered":"https:\/\/www.pfadilandshut.ch\/wordpress\/?p=1623"},"modified":"2021-03-15T21:17:43","modified_gmt":"2021-03-15T20:17:43","slug":"endlich-wieder-pfadi","status":"publish","type":"post","link":"https:\/\/www.pfadilandshut.ch\/wordpress\/?p=1623","title":{"rendered":"Endlich wieder Pfadi!"},"content":{"rendered":"\n<p>Hallo zusammen!<\/p>\n\n\n\n<p>Endlich haben wir gr\u00fcnes Licht bekommen und d\u00fcrfen wieder Aktivit\u00e4ten machen! Diese finden statt:<br>W\u00f6lfe: 27. M\u00e4rz 2021<br>Pfader: 10. April 2021<br>jeweils 13.30 bis 16.30<\/p>\n\n\n\n<p>Damit wir uns bei den Pfadiaktivit\u00e4ten keinem unn\u00f6tigen Risiko aussetzen, gelten folgende Schutzmassnahmen:  <\/p>\n\n\n\n<ol><li>Wer sich krank f\u00fchlt, bleibt zu Hause!<\/li><li>Teilnahme an Pfadiaktivit\u00e4ten ist freiwillig. Angeh\u00f6rigen einer Risikogruppe wird von der Teilnahme abgeraten. \u00dcber die Teilnahme entscheiden die Eltern. <\/li><li>Wir halten Abstand. Leitende tragen Masken. <\/li><li>Nach M\u00f6glichkeit kommen die Kinder selbst an die Aktivit\u00e4t. Wenn Eltern die Kinder bringen oder abholen m\u00fcssen, halten sie Abstand und tragen auch eine Maske. <\/li><li>Vor und nach der Aktivit\u00e4t: H\u00e4nde waschen!<\/li><li>Es gibt kein gemeinsames Zvieri. Bringt bitte selbst eine Zwischenverpflegung mit, wenn ihr eine braucht. <\/li><li>Es werden bei jeder Aktivit\u00e4t Anwesenheitslisten gef\u00fchrt. Sollte im Nachhinein ein Fall bekannt werden, kann darauf zur\u00fcckgegriffen werden.<\/li><\/ol>\n\n\n\n<p>Bitte haltet euch an die Schutzmassnahmen, damit wir die kostbare gemeinsame Zeit m\u00f6glichst unbeschwert geniessen k\u00f6nnen! Wir freuen uns, euch bald wieder zu sehen!<\/p>\n\n\n\n<p>Bis dann, euer Leitungsteam<\/p>\n","protected":false},"excerpt":{"rendered":"<p>Hallo zusammen! Endlich haben wir gr\u00fcnes Licht bekommen und d\u00fcrfen wieder Aktivit\u00e4ten machen! Diese finden statt:W\u00f6lfe: 27. M\u00e4rz 2021Pfader: 10. April 2021jeweils 13.30 bis 16.30 Damit wir uns bei den Pfadiaktivit\u00e4ten keinem unn\u00f6tigen Risiko aussetzen, gelten folgende Schutzmassnahmen: Wer sich krank f\u00fchlt, bleibt zu Hause! Teilnahme an Pfadiaktivit\u00e4ten ist freiwillig. Angeh\u00f6rigen einer Risikogruppe wird von [&hellip;]<\/p>\n","protected":false},"author":5,"featured_media":0,"comment_status":"open","ping_status":"open","sticky":false,"template":"","format":"standard","meta":{"footnotes":""},"categories":[3,5,6],"tags":[],"yoast_head":"<!-- This site is optimized with the Yoast SEO plugin v22.2 - https:\/\/yoast.com\/wordpress\/plugins\/seo\/ -->\n<title>Endlich wieder Pfadi! - Pfadilandshut.ch<\/title>\n<meta name=\"robots\" content=\"index, follow, max-snippet:-1, max-image-preview:large, max-video-preview:-1\" \/>\n<link rel=\"canonical\" href=\"https:\/\/www.pfadilandshut.ch\/wordpress\/?p=1623\" \/>\n<meta property=\"og:locale\" content=\"de_DE\" \/>\n<meta property=\"og:type\" content=\"article\" \/>\n<meta property=\"og:title\" content=\"Endlich wieder Pfadi! - Pfadilandshut.ch\" \/>\n<meta property=\"og:description\" content=\"Hallo zusammen! Endlich haben wir gr\u00fcnes Licht bekommen und d\u00fcrfen wieder Aktivit\u00e4ten machen! Diese finden statt:W\u00f6lfe: 27. M\u00e4rz 2021Pfader: 10. April 2021jeweils 13.30 bis 16.30 Damit wir uns bei den Pfadiaktivit\u00e4ten keinem unn\u00f6tigen Risiko aussetzen, gelten folgende Schutzmassnahmen: Wer sich krank f\u00fchlt, bleibt zu Hause! Teilnahme an Pfadiaktivit\u00e4ten ist freiwillig. Angeh\u00f6rigen einer Risikogruppe wird von [&hellip;]\" \/>\n<meta property=\"og:url\" content=\"https:\/\/www.pfadilandshut.ch\/wordpress\/?p=1623\" \/>\n<meta property=\"og:site_name\" content=\"Pfadilandshut.ch\" \/>\n<meta property=\"article:published_time\" content=\"2021-03-15T20:17:43+00:00\" \/>\n<meta name=\"author\" content=\"Leiter\" \/>\n<meta name=\"twitter:card\" content=\"summary_large_image\" \/>\n<meta name=\"twitter:label1\" content=\"Verfasst von\" \/>\n\t<meta name=\"twitter:data1\" content=\"Leiter\" \/>\n\t<meta name=\"twitter:label2\" content=\"Gesch\u00e4tzte Lesezeit\" \/>\n\t<meta name=\"twitter:data2\" content=\"1\u00a0Minute\" \/>\n<script type=\"application\/ld+json\" class=\"yoast-schema-graph\">{\"@context\":\"https:\/\/schema.org\",\"@graph\":[{\"@type\":\"WebPage\",\"@id\":\"https:\/\/www.pfadilandshut.ch\/wordpress\/?p=1623\",\"url\":\"https:\/\/www.pfadilandshut.ch\/wordpress\/?p=1623\",\"name\":\"Endlich wieder Pfadi! - Pfadilandshut.ch\",\"isPartOf\":{\"@id\":\"https:\/\/www.pfadilandshut.ch\/wordpress\/#website\"},\"datePublished\":\"2021-03-15T20:17:43+00:00\",\"dateModified\":\"2021-03-15T20:17:43+00:00\",\"author\":{\"@id\":\"https:\/\/www.pfadilandshut.ch\/wordpress\/#\/schema\/person\/73a04e42fdd26bf56614c5e4a983e2e4\"},\"breadcrumb\":{\"@id\":\"https:\/\/www.pfadilandshut.ch\/wordpress\/?p=1623#breadcrumb\"},\"inLanguage\":\"de\",\"potentialAction\":[{\"@type\":\"ReadAction\",\"target\":[\"https:\/\/www.pfadilandshut.ch\/wordpress\/?p=1623\"]}]},{\"@type\":\"BreadcrumbList\",\"@id\":\"https:\/\/www.pfadilandshut.ch\/wordpress\/?p=1623#breadcrumb\",\"itemListElement\":[{\"@type\":\"ListItem\",\"position\":1,\"name\":\"Startseite\",\"item\":\"https:\/\/www.pfadilandshut.ch\/wordpress\/\"},{\"@type\":\"ListItem\",\"position\":2,\"name\":\"Endlich wieder Pfadi!\"}]},{\"@type\":\"WebSite\",\"@id\":\"https:\/\/www.pfadilandshut.ch\/wordpress\/#website\",\"url\":\"https:\/\/www.pfadilandshut.ch\/wordpress\/\",\"name\":\"Pfadilandshut.ch\",\"description\":\"Pfadi Abteilung aus B\u00e4tterkinden BE\",\"potentialAction\":[{\"@type\":\"SearchAction\",\"target\":{\"@type\":\"EntryPoint\",\"urlTemplate\":\"https:\/\/www.pfadilandshut.ch\/wordpress\/?s={search_term_string}\"},\"query-input\":\"required name=search_term_string\"}],\"inLanguage\":\"de\"},{\"@type\":\"Person\",\"@id\":\"https:\/\/www.pfadilandshut.ch\/wordpress\/#\/schema\/person\/73a04e42fdd26bf56614c5e4a983e2e4\",\"name\":\"Leiter\",\"image\":{\"@type\":\"ImageObject\",\"inLanguage\":\"de\",\"@id\":\"https:\/\/www.pfadilandshut.ch\/wordpress\/#\/schema\/person\/image\/\",\"url\":\"https:\/\/secure.gravatar.com\/avatar\/a499af3e0a67c3e44221bee8544bf8b0?s=96&d=mm&r=g\",\"contentUrl\":\"https:\/\/secure.gravatar.com\/avatar\/a499af3e0a67c3e44221bee8544bf8b0?s=96&d=mm&r=g\",\"caption\":\"Leiter\"},\"sameAs\":[\"http:\/\/www.pfadilandshut.ch\"],\"url\":\"https:\/\/www.pfadilandshut.ch\/wordpress\/?author=5\"}]}<\/script>\n<!-- \/ Yoast SEO plugin. -->","yoast_head_json":{"title":"Endlich wieder Pfadi! - Pfadilandshut.ch","robots":{"index":"index","follow":"follow","max-snippet":"max-snippet:-1","max-image-preview":"max-image-preview:large","max-video-preview":"max-video-preview:-1"},"canonical":"https:\/\/www.pfadilandshut.ch\/wordpress\/?p=1623","og_locale":"de_DE","og_type":"article","og_title":"Endlich wieder Pfadi! - Pfadilandshut.ch","og_description":"Hallo zusammen! Endlich haben wir gr\u00fcnes Licht bekommen und d\u00fcrfen wieder Aktivit\u00e4ten machen! Diese finden statt:W\u00f6lfe: 27. M\u00e4rz 2021Pfader: 10. April 2021jeweils 13.30 bis 16.30 Damit wir uns bei den Pfadiaktivit\u00e4ten keinem unn\u00f6tigen Risiko aussetzen, gelten folgende Schutzmassnahmen: Wer sich krank f\u00fchlt, bleibt zu Hause! Teilnahme an Pfadiaktivit\u00e4ten ist freiwillig. Angeh\u00f6rigen einer Risikogruppe wird von [&hellip;]","og_url":"https:\/\/www.pfadilandshut.ch\/wordpress\/?p=1623","og_site_name":"Pfadilandshut.ch","article_published_time":"2021-03-15T20:17:43+00:00","author":"Leiter","twitter_card":"summary_large_image","twitter_misc":{"Verfasst von":"Leiter","Gesch\u00e4tzte Lesezeit":"1\u00a0Minute"},"schema":{"@context":"https:\/\/schema.org","@graph":[{"@type":"WebPage","@id":"https:\/\/www.pfadilandshut.ch\/wordpress\/?p=1623","url":"https:\/\/www.pfadilandshut.ch\/wordpress\/?p=1623","name":"Endlich wieder Pfadi! - Pfadilandshut.ch","isPartOf":{"@id":"https:\/\/www.pfadilandshut.ch\/wordpress\/#website"},"datePublished":"2021-03-15T20:17:43+00:00","dateModified":"2021-03-15T20:17:43+00:00","author":{"@id":"https:\/\/www.pfadilandshut.ch\/wordpress\/#\/schema\/person\/73a04e42fdd26bf56614c5e4a983e2e4"},"breadcrumb":{"@id":"https:\/\/www.pfadilandshut.ch\/wordpress\/?p=1623#breadcrumb"},"inLanguage":"de","potentialAction":[{"@type":"ReadAction","target":["https:\/\/www.pfadilandshut.ch\/wordpress\/?p=1623"]}]},{"@type":"BreadcrumbList","@id":"https:\/\/www.pfadilandshut.ch\/wordpress\/?p=1623#breadcrumb","itemListElement":[{"@type":"ListItem","position":1,"name":"Startseite","item":"https:\/\/www.pfadilandshut.ch\/wordpress\/"},{"@type":"ListItem","position":2,"name":"Endlich wieder Pfadi!"}]},{"@type":"WebSite","@id":"https:\/\/www.pfadilandshut.ch\/wordpress\/#website","url":"https:\/\/www.pfadilandshut.ch\/wordpress\/","name":"Pfadilandshut.ch","description":"Pfadi Abteilung aus B\u00e4tterkinden BE","potentialAction":[{"@type":"SearchAction","target":{"@type":"EntryPoint","urlTemplate":"https:\/\/www.pfadilandshut.ch\/wordpress\/?s={search_term_string}"},"query-input":"required name=search_term_string"}],"inLanguage":"de"},{"@type":"Person","@id":"https:\/\/www.pfadilandshut.ch\/wordpress\/#\/schema\/person\/73a04e42fdd26bf56614c5e4a983e2e4","name":"Leiter","image":{"@type":"ImageObject","inLanguage":"de","@id":"https:\/\/www.pfadilandshut.ch\/wordpress\/#\/schema\/person\/image\/","url":"https:\/\/secure.gravatar.com\/avatar\/a499af3e0a67c3e44221bee8544bf8b0?s=96&d=mm&r=g","contentUrl":"https:\/\/secure.gravatar.com\/avatar\/a499af3e0a67c3e44221bee8544bf8b0?s=96&d=mm&r=g","caption":"Leiter"},"sameAs":["http:\/\/www.pfadilandshut.ch"],"url":"https:\/\/www.pfadilandshut.ch\/wordpress\/?author=5"}]}},"_links":{"self":[{"href":"https:\/\/www.pfadilandshut.ch\/wordpress\/index.php?rest_route=\/wp\/v2\/posts\/1623"}],"collection":[{"href":"https:\/\/www.pfadilandshut.ch\/wordpress\/index.php?rest_route=\/wp\/v2\/posts"}],"about":[{"href":"https:\/\/www.pfadilandshut.ch\/wordpress\/index.php?rest_route=\/wp\/v2\/types\/post"}],"author":[{"embeddable":true,"href":"https:\/\/www.pfadilandshut.ch\/wordpress\/index.php?rest_route=\/wp\/v2\/users\/5"}],"replies":[{"embeddable":true,"href":"https:\/\/www.pfadilandshut.ch\/wordpress\/index.php?rest_route=%2Fwp%2Fv2%2Fcomments&post=1623"}],"version-history":[{"count":1,"href":"https:\/\/www.pfadilandshut.ch\/wordpress\/index.php?rest_route=\/wp\/v2\/posts\/1623\/revisions"}],"predecessor-version":[{"id":1624,"href":"https:\/\/www.pfadilandshut.ch\/wordpress\/index.php?rest_route=\/wp\/v2\/posts\/1623\/revisions\/1624"}],"wp:attachment":[{"href":"https:\/\/www.pfadilandshut.ch\/wordpress\/index.php?rest_route=%2Fwp%2Fv2%2Fmedia&parent=1623"}],"wp:term":[{"taxonomy":"category","embeddable":true,"href":"https:\/\/www.pfadilandshut.ch\/wordpress\/index.php?rest_route=%2Fwp%2Fv2%2Fcategories&post=1623"},{"taxonomy":"post_tag","embeddable":true,"href":"https:\/\/www.pfadilandshut.ch\/wordpress\/index.php?rest_route=%2Fwp%2Fv2%2Ftags&post=1623"}],"curies":[{"name":"wp","href":"https:\/\/api.w.org\/{rel}","templated":true}]}}