{"id":1644,"date":"2021-07-19T15:51:32","date_gmt":"2021-07-19T14:51:32","guid":{"rendered":"https:\/\/www.pfadilandshut.ch\/wordpress\/?p=1644"},"modified":"2021-07-19T15:51:37","modified_gmt":"2021-07-19T14:51:37","slug":"sola-2021","status":"publish","type":"post","link":"https:\/\/www.pfadilandshut.ch\/wordpress\/?p=1644","title":{"rendered":"Sola 2021"},"content":{"rendered":"\n<p>Nach der langen Coronapause und vielen Unsicherheiten war die Freude umso gr\u00f6sser, als klar war, dass es auch dieses Jahr ins Sola gehen kann. Diese Freude konnte uns auch das zum Teil sehr nasse Wetter nicht nehmen. <\/p>\n\n\n\n<p>Einige Eindr\u00fccke aus dem Sola m\u00f6chten wir hier mit euch teilen: <\/p>\n\n\n\n<figure class=\"wp-block-gallery columns-3 is-cropped wp-block-gallery-1 is-layout-flex wp-block-gallery-is-layout-flex\"><ul class=\"blocks-gallery-grid\"><li class=\"blocks-gallery-item\"><figure><a href=\"https:\/\/www.pfadilandshut.ch\/wordpress\/wp-content\/uploads\/2021\/07\/DSC00713-scaled.jpg\" rel=\"lightbox[1644]\"><img loading=\"lazy\" decoding=\"async\" width=\"1024\" height=\"683\" src=\"https:\/\/www.pfadilandshut.ch\/wordpress\/wp-content\/uploads\/2021\/07\/DSC00713-1024x683.jpg\" alt=\"\" data-id=\"1648\" data-full-url=\"https:\/\/www.pfadilandshut.ch\/wordpress\/wp-content\/uploads\/2021\/07\/DSC00713-scaled.jpg\" data-link=\"https:\/\/www.pfadilandshut.ch\/wordpress\/?attachment_id=1648#main\" class=\"wp-image-1648\" srcset=\"https:\/\/www.pfadilandshut.ch\/wordpress\/wp-content\/uploads\/2021\/07\/DSC00713-1024x683.jpg 1024w, https:\/\/www.pfadilandshut.ch\/wordpress\/wp-content\/uploads\/2021\/07\/DSC00713-300x200.jpg 300w, https:\/\/www.pfadilandshut.ch\/wordpress\/wp-content\/uploads\/2021\/07\/DSC00713-768x512.jpg 768w, https:\/\/www.pfadilandshut.ch\/wordpress\/wp-content\/uploads\/2021\/07\/DSC00713-1536x1024.jpg 1536w, https:\/\/www.pfadilandshut.ch\/wordpress\/wp-content\/uploads\/2021\/07\/DSC00713-2048x1365.jpg 2048w, https:\/\/www.pfadilandshut.ch\/wordpress\/wp-content\/uploads\/2021\/07\/DSC00713-619x413.jpg 619w\" sizes=\"(max-width: 1024px) 100vw, 1024px\" \/><\/a><figcaption class=\"blocks-gallery-item__caption\">Dunkle Wolken&#8230;<\/figcaption><\/figure><\/li><li class=\"blocks-gallery-item\"><figure><a href=\"https:\/\/www.pfadilandshut.ch\/wordpress\/wp-content\/uploads\/2021\/07\/DSC00788-scaled.jpg\" rel=\"lightbox[1644]\"><img loading=\"lazy\" decoding=\"async\" width=\"1024\" height=\"683\" src=\"https:\/\/www.pfadilandshut.ch\/wordpress\/wp-content\/uploads\/2021\/07\/DSC00788-1024x683.jpg\" alt=\"\" data-id=\"1650\" data-full-url=\"https:\/\/www.pfadilandshut.ch\/wordpress\/wp-content\/uploads\/2021\/07\/DSC00788-scaled.jpg\" data-link=\"https:\/\/www.pfadilandshut.ch\/wordpress\/?attachment_id=1650#main\" class=\"wp-image-1650\" srcset=\"https:\/\/www.pfadilandshut.ch\/wordpress\/wp-content\/uploads\/2021\/07\/DSC00788-1024x683.jpg 1024w, https:\/\/www.pfadilandshut.ch\/wordpress\/wp-content\/uploads\/2021\/07\/DSC00788-300x200.jpg 300w, https:\/\/www.pfadilandshut.ch\/wordpress\/wp-content\/uploads\/2021\/07\/DSC00788-768x512.jpg 768w, https:\/\/www.pfadilandshut.ch\/wordpress\/wp-content\/uploads\/2021\/07\/DSC00788-1536x1024.jpg 1536w, https:\/\/www.pfadilandshut.ch\/wordpress\/wp-content\/uploads\/2021\/07\/DSC00788-2048x1365.jpg 2048w, https:\/\/www.pfadilandshut.ch\/wordpress\/wp-content\/uploads\/2021\/07\/DSC00788-619x413.jpg 619w\" sizes=\"(max-width: 1024px) 100vw, 1024px\" \/><\/a><figcaption class=\"blocks-gallery-item__caption\">Alles nass und matschig&#8230;<\/figcaption><\/figure><\/li><li class=\"blocks-gallery-item\"><figure><a href=\"https:\/\/www.pfadilandshut.ch\/wordpress\/wp-content\/uploads\/2021\/07\/DSC0112-1-scaled.jpg\" rel=\"lightbox[1644]\"><img loading=\"lazy\" decoding=\"async\" width=\"1024\" height=\"683\" src=\"https:\/\/www.pfadilandshut.ch\/wordpress\/wp-content\/uploads\/2021\/07\/DSC0112-1-1024x683.jpg\" alt=\"\" data-id=\"1647\" data-full-url=\"https:\/\/www.pfadilandshut.ch\/wordpress\/wp-content\/uploads\/2021\/07\/DSC0112-1-scaled.jpg\" data-link=\"https:\/\/www.pfadilandshut.ch\/wordpress\/?attachment_id=1647#main\" class=\"wp-image-1647\" srcset=\"https:\/\/www.pfadilandshut.ch\/wordpress\/wp-content\/uploads\/2021\/07\/DSC0112-1-1024x683.jpg 1024w, https:\/\/www.pfadilandshut.ch\/wordpress\/wp-content\/uploads\/2021\/07\/DSC0112-1-300x200.jpg 300w, https:\/\/www.pfadilandshut.ch\/wordpress\/wp-content\/uploads\/2021\/07\/DSC0112-1-768x512.jpg 768w, https:\/\/www.pfadilandshut.ch\/wordpress\/wp-content\/uploads\/2021\/07\/DSC0112-1-1536x1024.jpg 1536w, https:\/\/www.pfadilandshut.ch\/wordpress\/wp-content\/uploads\/2021\/07\/DSC0112-1-2048x1365.jpg 2048w, https:\/\/www.pfadilandshut.ch\/wordpress\/wp-content\/uploads\/2021\/07\/DSC0112-1-619x413.jpg 619w\" sizes=\"(max-width: 1024px) 100vw, 1024px\" \/><\/a><figcaption class=\"blocks-gallery-item__caption\">Los gehts, auf den Hike!<\/figcaption><\/figure><\/li><li class=\"blocks-gallery-item\"><figure><a href=\"https:\/\/www.pfadilandshut.ch\/wordpress\/wp-content\/uploads\/2021\/07\/DSC9852-1-scaled.jpg\" rel=\"lightbox[1644]\"><img loading=\"lazy\" decoding=\"async\" width=\"1024\" height=\"683\" src=\"https:\/\/www.pfadilandshut.ch\/wordpress\/wp-content\/uploads\/2021\/07\/DSC9852-1-1024x683.jpg\" alt=\"\" data-id=\"1649\" data-full-url=\"https:\/\/www.pfadilandshut.ch\/wordpress\/wp-content\/uploads\/2021\/07\/DSC9852-1-scaled.jpg\" data-link=\"https:\/\/www.pfadilandshut.ch\/wordpress\/?attachment_id=1649#main\" class=\"wp-image-1649\" srcset=\"https:\/\/www.pfadilandshut.ch\/wordpress\/wp-content\/uploads\/2021\/07\/DSC9852-1-1024x683.jpg 1024w, https:\/\/www.pfadilandshut.ch\/wordpress\/wp-content\/uploads\/2021\/07\/DSC9852-1-300x200.jpg 300w, https:\/\/www.pfadilandshut.ch\/wordpress\/wp-content\/uploads\/2021\/07\/DSC9852-1-768x512.jpg 768w, https:\/\/www.pfadilandshut.ch\/wordpress\/wp-content\/uploads\/2021\/07\/DSC9852-1-1536x1024.jpg 1536w, https:\/\/www.pfadilandshut.ch\/wordpress\/wp-content\/uploads\/2021\/07\/DSC9852-1-2048x1365.jpg 2048w, https:\/\/www.pfadilandshut.ch\/wordpress\/wp-content\/uploads\/2021\/07\/DSC9852-1-619x413.jpg 619w\" sizes=\"(max-width: 1024px) 100vw, 1024px\" \/><\/a><figcaption class=\"blocks-gallery-item__caption\">Der Lagerplatz bei Nacht<\/figcaption><\/figure><\/li><\/ul><\/figure>\n\n\n\n<p>Merci an alle Teilnehmenden, Leitenden und nat\u00fcrlich an unser super K\u00fcchenteam! Es war ein super Lager mit euch!<\/p>\n","protected":false},"excerpt":{"rendered":"<p>Nach der langen Coronapause und vielen Unsicherheiten war die Freude umso gr\u00f6sser, als klar war, dass es auch dieses Jahr ins Sola gehen kann. Diese Freude konnte uns auch das zum Teil sehr nasse Wetter nicht nehmen. Einige Eindr\u00fccke aus dem Sola m\u00f6chten wir hier mit euch teilen: Merci an alle Teilnehmenden, Leitenden und nat\u00fcrlich [&hellip;]<\/p>\n","protected":false},"author":5,"featured_media":0,"comment_status":"open","ping_status":"open","sticky":false,"template":"","format":"standard","meta":{"footnotes":""},"categories":[3],"tags":[],"yoast_head":"<!-- This site is optimized with the Yoast SEO plugin v22.2 - https:\/\/yoast.com\/wordpress\/plugins\/seo\/ -->\n<title>Sola 2021 - Pfadilandshut.ch<\/title>\n<meta name=\"robots\" content=\"index, follow, max-snippet:-1, max-image-preview:large, max-video-preview:-1\" \/>\n<link rel=\"canonical\" href=\"https:\/\/www.pfadilandshut.ch\/wordpress\/?p=1644\" \/>\n<meta property=\"og:locale\" content=\"de_DE\" \/>\n<meta property=\"og:type\" content=\"article\" \/>\n<meta property=\"og:title\" content=\"Sola 2021 - Pfadilandshut.ch\" \/>\n<meta property=\"og:description\" content=\"Nach der langen Coronapause und vielen Unsicherheiten war die Freude umso gr\u00f6sser, als klar war, dass es auch dieses Jahr ins Sola gehen kann. Diese Freude konnte uns auch das zum Teil sehr nasse Wetter nicht nehmen. Einige Eindr\u00fccke aus dem Sola m\u00f6chten wir hier mit euch teilen: Merci an alle Teilnehmenden, Leitenden und nat\u00fcrlich [&hellip;]\" \/>\n<meta property=\"og:url\" content=\"https:\/\/www.pfadilandshut.ch\/wordpress\/?p=1644\" \/>\n<meta property=\"og:site_name\" content=\"Pfadilandshut.ch\" \/>\n<meta property=\"article:published_time\" content=\"2021-07-19T14:51:32+00:00\" \/>\n<meta property=\"article:modified_time\" content=\"2021-07-19T14:51:37+00:00\" \/>\n<meta property=\"og:image\" content=\"https:\/\/www.pfadilandshut.ch\/wordpress\/wp-content\/uploads\/2021\/07\/DSC00713-1024x683.jpg\" \/>\n<meta name=\"author\" content=\"Leiter\" \/>\n<meta name=\"twitter:card\" content=\"summary_large_image\" \/>\n<meta name=\"twitter:label1\" content=\"Verfasst von\" \/>\n\t<meta name=\"twitter:data1\" content=\"Leiter\" \/>\n\t<meta name=\"twitter:label2\" content=\"Gesch\u00e4tzte Lesezeit\" \/>\n\t<meta name=\"twitter:data2\" content=\"2\u00a0Minuten\" \/>\n<script type=\"application\/ld+json\" class=\"yoast-schema-graph\">{\"@context\":\"https:\/\/schema.org\",\"@graph\":[{\"@type\":\"WebPage\",\"@id\":\"https:\/\/www.pfadilandshut.ch\/wordpress\/?p=1644\",\"url\":\"https:\/\/www.pfadilandshut.ch\/wordpress\/?p=1644\",\"name\":\"Sola 2021 - Pfadilandshut.ch\",\"isPartOf\":{\"@id\":\"https:\/\/www.pfadilandshut.ch\/wordpress\/#website\"},\"primaryImageOfPage\":{\"@id\":\"https:\/\/www.pfadilandshut.ch\/wordpress\/?p=1644#primaryimage\"},\"image\":{\"@id\":\"https:\/\/www.pfadilandshut.ch\/wordpress\/?p=1644#primaryimage\"},\"thumbnailUrl\":\"https:\/\/www.pfadilandshut.ch\/wordpress\/wp-content\/uploads\/2021\/07\/DSC00713-1024x683.jpg\",\"datePublished\":\"2021-07-19T14:51:32+00:00\",\"dateModified\":\"2021-07-19T14:51:37+00:00\",\"author\":{\"@id\":\"https:\/\/www.pfadilandshut.ch\/wordpress\/#\/schema\/person\/73a04e42fdd26bf56614c5e4a983e2e4\"},\"breadcrumb\":{\"@id\":\"https:\/\/www.pfadilandshut.ch\/wordpress\/?p=1644#breadcrumb\"},\"inLanguage\":\"de\",\"potentialAction\":[{\"@type\":\"ReadAction\",\"target\":[\"https:\/\/www.pfadilandshut.ch\/wordpress\/?p=1644\"]}]},{\"@type\":\"ImageObject\",\"inLanguage\":\"de\",\"@id\":\"https:\/\/www.pfadilandshut.ch\/wordpress\/?p=1644#primaryimage\",\"url\":\"https:\/\/www.pfadilandshut.ch\/wordpress\/wp-content\/uploads\/2021\/07\/DSC00713-scaled.jpg\",\"contentUrl\":\"https:\/\/www.pfadilandshut.ch\/wordpress\/wp-content\/uploads\/2021\/07\/DSC00713-scaled.jpg\",\"width\":2560,\"height\":1707},{\"@type\":\"BreadcrumbList\",\"@id\":\"https:\/\/www.pfadilandshut.ch\/wordpress\/?p=1644#breadcrumb\",\"itemListElement\":[{\"@type\":\"ListItem\",\"position\":1,\"name\":\"Startseite\",\"item\":\"https:\/\/www.pfadilandshut.ch\/wordpress\/\"},{\"@type\":\"ListItem\",\"position\":2,\"name\":\"Sola 2021\"}]},{\"@type\":\"WebSite\",\"@id\":\"https:\/\/www.pfadilandshut.ch\/wordpress\/#website\",\"url\":\"https:\/\/www.pfadilandshut.ch\/wordpress\/\",\"name\":\"Pfadilandshut.ch\",\"description\":\"Pfadi Abteilung aus B\u00e4tterkinden BE\",\"potentialAction\":[{\"@type\":\"SearchAction\",\"target\":{\"@type\":\"EntryPoint\",\"urlTemplate\":\"https:\/\/www.pfadilandshut.ch\/wordpress\/?s={search_term_string}\"},\"query-input\":\"required name=search_term_string\"}],\"inLanguage\":\"de\"},{\"@type\":\"Person\",\"@id\":\"https:\/\/www.pfadilandshut.ch\/wordpress\/#\/schema\/person\/73a04e42fdd26bf56614c5e4a983e2e4\",\"name\":\"Leiter\",\"image\":{\"@type\":\"ImageObject\",\"inLanguage\":\"de\",\"@id\":\"https:\/\/www.pfadilandshut.ch\/wordpress\/#\/schema\/person\/image\/\",\"url\":\"https:\/\/secure.gravatar.com\/avatar\/a499af3e0a67c3e44221bee8544bf8b0?s=96&d=mm&r=g\",\"contentUrl\":\"https:\/\/secure.gravatar.com\/avatar\/a499af3e0a67c3e44221bee8544bf8b0?s=96&d=mm&r=g\",\"caption\":\"Leiter\"},\"sameAs\":[\"http:\/\/www.pfadilandshut.ch\"],\"url\":\"https:\/\/www.pfadilandshut.ch\/wordpress\/?author=5\"}]}<\/script>\n<!-- \/ Yoast SEO plugin. -->","yoast_head_json":{"title":"Sola 2021 - Pfadilandshut.ch","robots":{"index":"index","follow":"follow","max-snippet":"max-snippet:-1","max-image-preview":"max-image-preview:large","max-video-preview":"max-video-preview:-1"},"canonical":"https:\/\/www.pfadilandshut.ch\/wordpress\/?p=1644","og_locale":"de_DE","og_type":"article","og_title":"Sola 2021 - Pfadilandshut.ch","og_description":"Nach der langen Coronapause und vielen Unsicherheiten war die Freude umso gr\u00f6sser, als klar war, dass es auch dieses Jahr ins Sola gehen kann. Diese Freude konnte uns auch das zum Teil sehr nasse Wetter nicht nehmen. Einige Eindr\u00fccke aus dem Sola m\u00f6chten wir hier mit euch teilen: Merci an alle Teilnehmenden, Leitenden und nat\u00fcrlich [&hellip;]","og_url":"https:\/\/www.pfadilandshut.ch\/wordpress\/?p=1644","og_site_name":"Pfadilandshut.ch","article_published_time":"2021-07-19T14:51:32+00:00","article_modified_time":"2021-07-19T14:51:37+00:00","og_image":[{"url":"https:\/\/www.pfadilandshut.ch\/wordpress\/wp-content\/uploads\/2021\/07\/DSC00713-1024x683.jpg"}],"author":"Leiter","twitter_card":"summary_large_image","twitter_misc":{"Verfasst von":"Leiter","Gesch\u00e4tzte Lesezeit":"2\u00a0Minuten"},"schema":{"@context":"https:\/\/schema.org","@graph":[{"@type":"WebPage","@id":"https:\/\/www.pfadilandshut.ch\/wordpress\/?p=1644","url":"https:\/\/www.pfadilandshut.ch\/wordpress\/?p=1644","name":"Sola 2021 - Pfadilandshut.ch","isPartOf":{"@id":"https:\/\/www.pfadilandshut.ch\/wordpress\/#website"},"primaryImageOfPage":{"@id":"https:\/\/www.pfadilandshut.ch\/wordpress\/?p=1644#primaryimage"},"image":{"@id":"https:\/\/www.pfadilandshut.ch\/wordpress\/?p=1644#primaryimage"},"thumbnailUrl":"https:\/\/www.pfadilandshut.ch\/wordpress\/wp-content\/uploads\/2021\/07\/DSC00713-1024x683.jpg","datePublished":"2021-07-19T14:51:32+00:00","dateModified":"2021-07-19T14:51:37+00:00","author":{"@id":"https:\/\/www.pfadilandshut.ch\/wordpress\/#\/schema\/person\/73a04e42fdd26bf56614c5e4a983e2e4"},"breadcrumb":{"@id":"https:\/\/www.pfadilandshut.ch\/wordpress\/?p=1644#breadcrumb"},"inLanguage":"de","potentialAction":[{"@type":"ReadAction","target":["https:\/\/www.pfadilandshut.ch\/wordpress\/?p=1644"]}]},{"@type":"ImageObject","inLanguage":"de","@id":"https:\/\/www.pfadilandshut.ch\/wordpress\/?p=1644#primaryimage","url":"https:\/\/www.pfadilandshut.ch\/wordpress\/wp-content\/uploads\/2021\/07\/DSC00713-scaled.jpg","contentUrl":"https:\/\/www.pfadilandshut.ch\/wordpress\/wp-content\/uploads\/2021\/07\/DSC00713-scaled.jpg","width":2560,"height":1707},{"@type":"BreadcrumbList","@id":"https:\/\/www.pfadilandshut.ch\/wordpress\/?p=1644#breadcrumb","itemListElement":[{"@type":"ListItem","position":1,"name":"Startseite","item":"https:\/\/www.pfadilandshut.ch\/wordpress\/"},{"@type":"ListItem","position":2,"name":"Sola 2021"}]},{"@type":"WebSite","@id":"https:\/\/www.pfadilandshut.ch\/wordpress\/#website","url":"https:\/\/www.pfadilandshut.ch\/wordpress\/","name":"Pfadilandshut.ch","description":"Pfadi Abteilung aus B\u00e4tterkinden BE","potentialAction":[{"@type":"SearchAction","target":{"@type":"EntryPoint","urlTemplate":"https:\/\/www.pfadilandshut.ch\/wordpress\/?s={search_term_string}"},"query-input":"required name=search_term_string"}],"inLanguage":"de"},{"@type":"Person","@id":"https:\/\/www.pfadilandshut.ch\/wordpress\/#\/schema\/person\/73a04e42fdd26bf56614c5e4a983e2e4","name":"Leiter","image":{"@type":"ImageObject","inLanguage":"de","@id":"https:\/\/www.pfadilandshut.ch\/wordpress\/#\/schema\/person\/image\/","url":"https:\/\/secure.gravatar.com\/avatar\/a499af3e0a67c3e44221bee8544bf8b0?s=96&d=mm&r=g","contentUrl":"https:\/\/secure.gravatar.com\/avatar\/a499af3e0a67c3e44221bee8544bf8b0?s=96&d=mm&r=g","caption":"Leiter"},"sameAs":["http:\/\/www.pfadilandshut.ch"],"url":"https:\/\/www.pfadilandshut.ch\/wordpress\/?author=5"}]}},"_links":{"self":[{"href":"https:\/\/www.pfadilandshut.ch\/wordpress\/index.php?rest_route=\/wp\/v2\/posts\/1644"}],"collection":[{"href":"https:\/\/www.pfadilandshut.ch\/wordpress\/index.php?rest_route=\/wp\/v2\/posts"}],"about":[{"href":"https:\/\/www.pfadilandshut.ch\/wordpress\/index.php?rest_route=\/wp\/v2\/types\/post"}],"author":[{"embeddable":true,"href":"https:\/\/www.pfadilandshut.ch\/wordpress\/index.php?rest_route=\/wp\/v2\/users\/5"}],"replies":[{"embeddable":true,"href":"https:\/\/www.pfadilandshut.ch\/wordpress\/index.php?rest_route=%2Fwp%2Fv2%2Fcomments&post=1644"}],"version-history":[{"count":1,"href":"https:\/\/www.pfadilandshut.ch\/wordpress\/index.php?rest_route=\/wp\/v2\/posts\/1644\/revisions"}],"predecessor-version":[{"id":1651,"href":"https:\/\/www.pfadilandshut.ch\/wordpress\/index.php?rest_route=\/wp\/v2\/posts\/1644\/revisions\/1651"}],"wp:attachment":[{"href":"https:\/\/www.pfadilandshut.ch\/wordpress\/index.php?rest_route=%2Fwp%2Fv2%2Fmedia&parent=1644"}],"wp:term":[{"taxonomy":"category","embeddable":true,"href":"https:\/\/www.pfadilandshut.ch\/wordpress\/index.php?rest_route=%2Fwp%2Fv2%2Fcategories&post=1644"},{"taxonomy":"post_tag","embeddable":true,"href":"https:\/\/www.pfadilandshut.ch\/wordpress\/index.php?rest_route=%2Fwp%2Fv2%2Ftags&post=1644"}],"curies":[{"name":"wp","href":"https:\/\/api.w.org\/{rel}","templated":true}]}}