{"id":1756,"date":"2023-03-12T14:48:58","date_gmt":"2023-03-12T13:48:58","guid":{"rendered":"https:\/\/www.pfadilandshut.ch\/wordpress\/?p=1756"},"modified":"2023-03-12T14:48:59","modified_gmt":"2023-03-12T13:48:59","slug":"fasnacht-2023","status":"publish","type":"post","link":"https:\/\/www.pfadilandshut.ch\/wordpress\/?p=1756","title":{"rendered":"Fasnacht 2023"},"content":{"rendered":"\n<p>Dieses Jahr konnte endlich wieder Fasnacht gefeiert werden! &#x1f389;<br>Unter dem Motto &#8222;Flugzeug&#8220; konnten viele Pilot:innen, Tourist:innen und andere Figuren in unserem eigenen Flugzeug Platz finden. &#x2708;<br>So konnten wir mit unserem Fasnachtswagen die Umz\u00fcge in B\u00e4tterkinden und Utzenstorf besuchen und gemeinsam konnte viel Konfetti geschossen werden!<br>Herzlichen Dank an unsere W\u00e4geler der Pfadi Landshut f\u00fcr den Bau des wundersch\u00f6nen Fasnachtswagens!\u00a0&#x1f6e0;<\/p>\n\n\n\n<p>Wir freuen uns schon auf das n\u00e4chste Jahr! <\/p>\n\n\n\n<figure class=\"wp-block-image size-large\"><a href=\"https:\/\/www.pfadilandshut.ch\/wordpress\/wp-content\/uploads\/2023\/03\/WhatsApp-Bild-2023-03-01-um-21.42.08.jpg\" rel=\"lightbox[1756]\"><img loading=\"lazy\" decoding=\"async\" width=\"1024\" height=\"683\" src=\"https:\/\/www.pfadilandshut.ch\/wordpress\/wp-content\/uploads\/2023\/03\/WhatsApp-Bild-2023-03-01-um-21.42.08-1024x683.jpg\" alt=\"\" class=\"wp-image-1757\" srcset=\"https:\/\/www.pfadilandshut.ch\/wordpress\/wp-content\/uploads\/2023\/03\/WhatsApp-Bild-2023-03-01-um-21.42.08-1024x683.jpg 1024w, https:\/\/www.pfadilandshut.ch\/wordpress\/wp-content\/uploads\/2023\/03\/WhatsApp-Bild-2023-03-01-um-21.42.08-300x200.jpg 300w, https:\/\/www.pfadilandshut.ch\/wordpress\/wp-content\/uploads\/2023\/03\/WhatsApp-Bild-2023-03-01-um-21.42.08-768x512.jpg 768w, https:\/\/www.pfadilandshut.ch\/wordpress\/wp-content\/uploads\/2023\/03\/WhatsApp-Bild-2023-03-01-um-21.42.08-1536x1025.jpg 1536w, https:\/\/www.pfadilandshut.ch\/wordpress\/wp-content\/uploads\/2023\/03\/WhatsApp-Bild-2023-03-01-um-21.42.08-619x413.jpg 619w, https:\/\/www.pfadilandshut.ch\/wordpress\/wp-content\/uploads\/2023\/03\/WhatsApp-Bild-2023-03-01-um-21.42.08.jpg 2048w\" sizes=\"(max-width: 1024px) 100vw, 1024px\" \/><\/a><\/figure>\n\n\n\n<figure class=\"wp-block-image size-large\"><a href=\"https:\/\/www.pfadilandshut.ch\/wordpress\/wp-content\/uploads\/2023\/03\/WhatsApp-Bild-2023-03-01-um-21.42.10.jpg\" rel=\"lightbox[1756]\"><img loading=\"lazy\" decoding=\"async\" width=\"1024\" height=\"683\" src=\"https:\/\/www.pfadilandshut.ch\/wordpress\/wp-content\/uploads\/2023\/03\/WhatsApp-Bild-2023-03-01-um-21.42.10-1024x683.jpg\" alt=\"\" class=\"wp-image-1758\" srcset=\"https:\/\/www.pfadilandshut.ch\/wordpress\/wp-content\/uploads\/2023\/03\/WhatsApp-Bild-2023-03-01-um-21.42.10-1024x683.jpg 1024w, https:\/\/www.pfadilandshut.ch\/wordpress\/wp-content\/uploads\/2023\/03\/WhatsApp-Bild-2023-03-01-um-21.42.10-300x200.jpg 300w, https:\/\/www.pfadilandshut.ch\/wordpress\/wp-content\/uploads\/2023\/03\/WhatsApp-Bild-2023-03-01-um-21.42.10-768x512.jpg 768w, https:\/\/www.pfadilandshut.ch\/wordpress\/wp-content\/uploads\/2023\/03\/WhatsApp-Bild-2023-03-01-um-21.42.10-1536x1025.jpg 1536w, https:\/\/www.pfadilandshut.ch\/wordpress\/wp-content\/uploads\/2023\/03\/WhatsApp-Bild-2023-03-01-um-21.42.10-619x413.jpg 619w, https:\/\/www.pfadilandshut.ch\/wordpress\/wp-content\/uploads\/2023\/03\/WhatsApp-Bild-2023-03-01-um-21.42.10.jpg 2048w\" sizes=\"(max-width: 1024px) 100vw, 1024px\" \/><\/a><\/figure>\n\n\n\n<figure class=\"wp-block-image size-large\"><a href=\"https:\/\/www.pfadilandshut.ch\/wordpress\/wp-content\/uploads\/2023\/03\/WhatsApp-Bild-2023-03-01-um-21.42.09.jpg\" rel=\"lightbox[1756]\"><img loading=\"lazy\" decoding=\"async\" width=\"683\" height=\"1024\" src=\"https:\/\/www.pfadilandshut.ch\/wordpress\/wp-content\/uploads\/2023\/03\/WhatsApp-Bild-2023-03-01-um-21.42.09-683x1024.jpg\" alt=\"\" class=\"wp-image-1759\" srcset=\"https:\/\/www.pfadilandshut.ch\/wordpress\/wp-content\/uploads\/2023\/03\/WhatsApp-Bild-2023-03-01-um-21.42.09-683x1024.jpg 683w, https:\/\/www.pfadilandshut.ch\/wordpress\/wp-content\/uploads\/2023\/03\/WhatsApp-Bild-2023-03-01-um-21.42.09-200x300.jpg 200w, https:\/\/www.pfadilandshut.ch\/wordpress\/wp-content\/uploads\/2023\/03\/WhatsApp-Bild-2023-03-01-um-21.42.09-768x1151.jpg 768w, https:\/\/www.pfadilandshut.ch\/wordpress\/wp-content\/uploads\/2023\/03\/WhatsApp-Bild-2023-03-01-um-21.42.09-1025x1536.jpg 1025w, https:\/\/www.pfadilandshut.ch\/wordpress\/wp-content\/uploads\/2023\/03\/WhatsApp-Bild-2023-03-01-um-21.42.09-619x928.jpg 619w, https:\/\/www.pfadilandshut.ch\/wordpress\/wp-content\/uploads\/2023\/03\/WhatsApp-Bild-2023-03-01-um-21.42.09.jpg 1366w\" sizes=\"(max-width: 683px) 100vw, 683px\" \/><\/a><\/figure>\n\n\n\n<figure class=\"wp-block-image size-large\"><a href=\"https:\/\/www.pfadilandshut.ch\/wordpress\/wp-content\/uploads\/2023\/03\/WhatsApp-Bild-2023-03-01-um-21.42.12.jpg\" rel=\"lightbox[1756]\"><img loading=\"lazy\" decoding=\"async\" width=\"1024\" height=\"683\" src=\"https:\/\/www.pfadilandshut.ch\/wordpress\/wp-content\/uploads\/2023\/03\/WhatsApp-Bild-2023-03-01-um-21.42.12-1024x683.jpg\" alt=\"\" class=\"wp-image-1760\" srcset=\"https:\/\/www.pfadilandshut.ch\/wordpress\/wp-content\/uploads\/2023\/03\/WhatsApp-Bild-2023-03-01-um-21.42.12-1024x683.jpg 1024w, https:\/\/www.pfadilandshut.ch\/wordpress\/wp-content\/uploads\/2023\/03\/WhatsApp-Bild-2023-03-01-um-21.42.12-300x200.jpg 300w, https:\/\/www.pfadilandshut.ch\/wordpress\/wp-content\/uploads\/2023\/03\/WhatsApp-Bild-2023-03-01-um-21.42.12-768x512.jpg 768w, https:\/\/www.pfadilandshut.ch\/wordpress\/wp-content\/uploads\/2023\/03\/WhatsApp-Bild-2023-03-01-um-21.42.12-1536x1025.jpg 1536w, https:\/\/www.pfadilandshut.ch\/wordpress\/wp-content\/uploads\/2023\/03\/WhatsApp-Bild-2023-03-01-um-21.42.12-619x413.jpg 619w, https:\/\/www.pfadilandshut.ch\/wordpress\/wp-content\/uploads\/2023\/03\/WhatsApp-Bild-2023-03-01-um-21.42.12.jpg 2048w\" sizes=\"(max-width: 1024px) 100vw, 1024px\" \/><\/a><\/figure>\n","protected":false},"excerpt":{"rendered":"<p>Dieses Jahr konnte endlich wieder Fasnacht gefeiert werden! &#x1f389;Unter dem Motto &#8222;Flugzeug&#8220; konnten viele Pilot:innen, Tourist:innen und andere Figuren in unserem eigenen Flugzeug Platz finden. &#x2708;So konnten wir mit unserem Fasnachtswagen die Umz\u00fcge in B\u00e4tterkinden und Utzenstorf besuchen und gemeinsam konnte viel Konfetti geschossen werden!Herzlichen Dank an unsere W\u00e4geler der Pfadi Landshut f\u00fcr den Bau [&hellip;]<\/p>\n","protected":false},"author":5,"featured_media":0,"comment_status":"open","ping_status":"open","sticky":false,"template":"","format":"standard","meta":{"footnotes":""},"categories":[3],"tags":[],"yoast_head":"<!-- This site is optimized with the Yoast SEO plugin v22.2 - https:\/\/yoast.com\/wordpress\/plugins\/seo\/ -->\n<title>Fasnacht 2023 - Pfadilandshut.ch<\/title>\n<meta name=\"robots\" content=\"index, follow, max-snippet:-1, max-image-preview:large, max-video-preview:-1\" \/>\n<link rel=\"canonical\" href=\"https:\/\/www.pfadilandshut.ch\/wordpress\/?p=1756\" \/>\n<meta property=\"og:locale\" content=\"de_DE\" \/>\n<meta property=\"og:type\" content=\"article\" \/>\n<meta property=\"og:title\" content=\"Fasnacht 2023 - Pfadilandshut.ch\" \/>\n<meta property=\"og:description\" content=\"Dieses Jahr konnte endlich wieder Fasnacht gefeiert werden! &#x1f389;Unter dem Motto &#8222;Flugzeug&#8220; konnten viele Pilot:innen, Tourist:innen und andere Figuren in unserem eigenen Flugzeug Platz finden. &#x2708;So konnten wir mit unserem Fasnachtswagen die Umz\u00fcge in B\u00e4tterkinden und Utzenstorf besuchen und gemeinsam konnte viel Konfetti geschossen werden!Herzlichen Dank an unsere W\u00e4geler der Pfadi Landshut f\u00fcr den Bau [&hellip;]\" \/>\n<meta property=\"og:url\" content=\"https:\/\/www.pfadilandshut.ch\/wordpress\/?p=1756\" \/>\n<meta property=\"og:site_name\" content=\"Pfadilandshut.ch\" \/>\n<meta property=\"article:published_time\" content=\"2023-03-12T13:48:58+00:00\" \/>\n<meta property=\"article:modified_time\" content=\"2023-03-12T13:48:59+00:00\" \/>\n<meta property=\"og:image\" content=\"https:\/\/www.pfadilandshut.ch\/wordpress\/wp-content\/uploads\/2023\/03\/WhatsApp-Bild-2023-03-01-um-21.42.08-1024x683.jpg\" \/>\n<meta name=\"author\" content=\"Leiter\" \/>\n<meta name=\"twitter:card\" content=\"summary_large_image\" \/>\n<meta name=\"twitter:label1\" content=\"Verfasst von\" \/>\n\t<meta name=\"twitter:data1\" content=\"Leiter\" \/>\n\t<meta name=\"twitter:label2\" content=\"Gesch\u00e4tzte Lesezeit\" \/>\n\t<meta name=\"twitter:data2\" content=\"2\u00a0Minuten\" \/>\n<script type=\"application\/ld+json\" class=\"yoast-schema-graph\">{\"@context\":\"https:\/\/schema.org\",\"@graph\":[{\"@type\":\"WebPage\",\"@id\":\"https:\/\/www.pfadilandshut.ch\/wordpress\/?p=1756\",\"url\":\"https:\/\/www.pfadilandshut.ch\/wordpress\/?p=1756\",\"name\":\"Fasnacht 2023 - Pfadilandshut.ch\",\"isPartOf\":{\"@id\":\"https:\/\/www.pfadilandshut.ch\/wordpress\/#website\"},\"primaryImageOfPage\":{\"@id\":\"https:\/\/www.pfadilandshut.ch\/wordpress\/?p=1756#primaryimage\"},\"image\":{\"@id\":\"https:\/\/www.pfadilandshut.ch\/wordpress\/?p=1756#primaryimage\"},\"thumbnailUrl\":\"https:\/\/www.pfadilandshut.ch\/wordpress\/wp-content\/uploads\/2023\/03\/WhatsApp-Bild-2023-03-01-um-21.42.08-1024x683.jpg\",\"datePublished\":\"2023-03-12T13:48:58+00:00\",\"dateModified\":\"2023-03-12T13:48:59+00:00\",\"author\":{\"@id\":\"https:\/\/www.pfadilandshut.ch\/wordpress\/#\/schema\/person\/73a04e42fdd26bf56614c5e4a983e2e4\"},\"breadcrumb\":{\"@id\":\"https:\/\/www.pfadilandshut.ch\/wordpress\/?p=1756#breadcrumb\"},\"inLanguage\":\"de\",\"potentialAction\":[{\"@type\":\"ReadAction\",\"target\":[\"https:\/\/www.pfadilandshut.ch\/wordpress\/?p=1756\"]}]},{\"@type\":\"ImageObject\",\"inLanguage\":\"de\",\"@id\":\"https:\/\/www.pfadilandshut.ch\/wordpress\/?p=1756#primaryimage\",\"url\":\"https:\/\/www.pfadilandshut.ch\/wordpress\/wp-content\/uploads\/2023\/03\/WhatsApp-Bild-2023-03-01-um-21.42.08.jpg\",\"contentUrl\":\"https:\/\/www.pfadilandshut.ch\/wordpress\/wp-content\/uploads\/2023\/03\/WhatsApp-Bild-2023-03-01-um-21.42.08.jpg\",\"width\":2048,\"height\":1366},{\"@type\":\"BreadcrumbList\",\"@id\":\"https:\/\/www.pfadilandshut.ch\/wordpress\/?p=1756#breadcrumb\",\"itemListElement\":[{\"@type\":\"ListItem\",\"position\":1,\"name\":\"Startseite\",\"item\":\"https:\/\/www.pfadilandshut.ch\/wordpress\/\"},{\"@type\":\"ListItem\",\"position\":2,\"name\":\"Fasnacht 2023\"}]},{\"@type\":\"WebSite\",\"@id\":\"https:\/\/www.pfadilandshut.ch\/wordpress\/#website\",\"url\":\"https:\/\/www.pfadilandshut.ch\/wordpress\/\",\"name\":\"Pfadilandshut.ch\",\"description\":\"Pfadi Abteilung aus B\u00e4tterkinden BE\",\"potentialAction\":[{\"@type\":\"SearchAction\",\"target\":{\"@type\":\"EntryPoint\",\"urlTemplate\":\"https:\/\/www.pfadilandshut.ch\/wordpress\/?s={search_term_string}\"},\"query-input\":\"required name=search_term_string\"}],\"inLanguage\":\"de\"},{\"@type\":\"Person\",\"@id\":\"https:\/\/www.pfadilandshut.ch\/wordpress\/#\/schema\/person\/73a04e42fdd26bf56614c5e4a983e2e4\",\"name\":\"Leiter\",\"image\":{\"@type\":\"ImageObject\",\"inLanguage\":\"de\",\"@id\":\"https:\/\/www.pfadilandshut.ch\/wordpress\/#\/schema\/person\/image\/\",\"url\":\"https:\/\/secure.gravatar.com\/avatar\/a499af3e0a67c3e44221bee8544bf8b0?s=96&d=mm&r=g\",\"contentUrl\":\"https:\/\/secure.gravatar.com\/avatar\/a499af3e0a67c3e44221bee8544bf8b0?s=96&d=mm&r=g\",\"caption\":\"Leiter\"},\"sameAs\":[\"http:\/\/www.pfadilandshut.ch\"],\"url\":\"https:\/\/www.pfadilandshut.ch\/wordpress\/?author=5\"}]}<\/script>\n<!-- \/ Yoast SEO plugin. -->","yoast_head_json":{"title":"Fasnacht 2023 - Pfadilandshut.ch","robots":{"index":"index","follow":"follow","max-snippet":"max-snippet:-1","max-image-preview":"max-image-preview:large","max-video-preview":"max-video-preview:-1"},"canonical":"https:\/\/www.pfadilandshut.ch\/wordpress\/?p=1756","og_locale":"de_DE","og_type":"article","og_title":"Fasnacht 2023 - Pfadilandshut.ch","og_description":"Dieses Jahr konnte endlich wieder Fasnacht gefeiert werden! &#x1f389;Unter dem Motto &#8222;Flugzeug&#8220; konnten viele Pilot:innen, Tourist:innen und andere Figuren in unserem eigenen Flugzeug Platz finden. &#x2708;So konnten wir mit unserem Fasnachtswagen die Umz\u00fcge in B\u00e4tterkinden und Utzenstorf besuchen und gemeinsam konnte viel Konfetti geschossen werden!Herzlichen Dank an unsere W\u00e4geler der Pfadi Landshut f\u00fcr den Bau [&hellip;]","og_url":"https:\/\/www.pfadilandshut.ch\/wordpress\/?p=1756","og_site_name":"Pfadilandshut.ch","article_published_time":"2023-03-12T13:48:58+00:00","article_modified_time":"2023-03-12T13:48:59+00:00","og_image":[{"url":"https:\/\/www.pfadilandshut.ch\/wordpress\/wp-content\/uploads\/2023\/03\/WhatsApp-Bild-2023-03-01-um-21.42.08-1024x683.jpg"}],"author":"Leiter","twitter_card":"summary_large_image","twitter_misc":{"Verfasst von":"Leiter","Gesch\u00e4tzte Lesezeit":"2\u00a0Minuten"},"schema":{"@context":"https:\/\/schema.org","@graph":[{"@type":"WebPage","@id":"https:\/\/www.pfadilandshut.ch\/wordpress\/?p=1756","url":"https:\/\/www.pfadilandshut.ch\/wordpress\/?p=1756","name":"Fasnacht 2023 - Pfadilandshut.ch","isPartOf":{"@id":"https:\/\/www.pfadilandshut.ch\/wordpress\/#website"},"primaryImageOfPage":{"@id":"https:\/\/www.pfadilandshut.ch\/wordpress\/?p=1756#primaryimage"},"image":{"@id":"https:\/\/www.pfadilandshut.ch\/wordpress\/?p=1756#primaryimage"},"thumbnailUrl":"https:\/\/www.pfadilandshut.ch\/wordpress\/wp-content\/uploads\/2023\/03\/WhatsApp-Bild-2023-03-01-um-21.42.08-1024x683.jpg","datePublished":"2023-03-12T13:48:58+00:00","dateModified":"2023-03-12T13:48:59+00:00","author":{"@id":"https:\/\/www.pfadilandshut.ch\/wordpress\/#\/schema\/person\/73a04e42fdd26bf56614c5e4a983e2e4"},"breadcrumb":{"@id":"https:\/\/www.pfadilandshut.ch\/wordpress\/?p=1756#breadcrumb"},"inLanguage":"de","potentialAction":[{"@type":"ReadAction","target":["https:\/\/www.pfadilandshut.ch\/wordpress\/?p=1756"]}]},{"@type":"ImageObject","inLanguage":"de","@id":"https:\/\/www.pfadilandshut.ch\/wordpress\/?p=1756#primaryimage","url":"https:\/\/www.pfadilandshut.ch\/wordpress\/wp-content\/uploads\/2023\/03\/WhatsApp-Bild-2023-03-01-um-21.42.08.jpg","contentUrl":"https:\/\/www.pfadilandshut.ch\/wordpress\/wp-content\/uploads\/2023\/03\/WhatsApp-Bild-2023-03-01-um-21.42.08.jpg","width":2048,"height":1366},{"@type":"BreadcrumbList","@id":"https:\/\/www.pfadilandshut.ch\/wordpress\/?p=1756#breadcrumb","itemListElement":[{"@type":"ListItem","position":1,"name":"Startseite","item":"https:\/\/www.pfadilandshut.ch\/wordpress\/"},{"@type":"ListItem","position":2,"name":"Fasnacht 2023"}]},{"@type":"WebSite","@id":"https:\/\/www.pfadilandshut.ch\/wordpress\/#website","url":"https:\/\/www.pfadilandshut.ch\/wordpress\/","name":"Pfadilandshut.ch","description":"Pfadi Abteilung aus B\u00e4tterkinden BE","potentialAction":[{"@type":"SearchAction","target":{"@type":"EntryPoint","urlTemplate":"https:\/\/www.pfadilandshut.ch\/wordpress\/?s={search_term_string}"},"query-input":"required name=search_term_string"}],"inLanguage":"de"},{"@type":"Person","@id":"https:\/\/www.pfadilandshut.ch\/wordpress\/#\/schema\/person\/73a04e42fdd26bf56614c5e4a983e2e4","name":"Leiter","image":{"@type":"ImageObject","inLanguage":"de","@id":"https:\/\/www.pfadilandshut.ch\/wordpress\/#\/schema\/person\/image\/","url":"https:\/\/secure.gravatar.com\/avatar\/a499af3e0a67c3e44221bee8544bf8b0?s=96&d=mm&r=g","contentUrl":"https:\/\/secure.gravatar.com\/avatar\/a499af3e0a67c3e44221bee8544bf8b0?s=96&d=mm&r=g","caption":"Leiter"},"sameAs":["http:\/\/www.pfadilandshut.ch"],"url":"https:\/\/www.pfadilandshut.ch\/wordpress\/?author=5"}]}},"_links":{"self":[{"href":"https:\/\/www.pfadilandshut.ch\/wordpress\/index.php?rest_route=\/wp\/v2\/posts\/1756"}],"collection":[{"href":"https:\/\/www.pfadilandshut.ch\/wordpress\/index.php?rest_route=\/wp\/v2\/posts"}],"about":[{"href":"https:\/\/www.pfadilandshut.ch\/wordpress\/index.php?rest_route=\/wp\/v2\/types\/post"}],"author":[{"embeddable":true,"href":"https:\/\/www.pfadilandshut.ch\/wordpress\/index.php?rest_route=\/wp\/v2\/users\/5"}],"replies":[{"embeddable":true,"href":"https:\/\/www.pfadilandshut.ch\/wordpress\/index.php?rest_route=%2Fwp%2Fv2%2Fcomments&post=1756"}],"version-history":[{"count":1,"href":"https:\/\/www.pfadilandshut.ch\/wordpress\/index.php?rest_route=\/wp\/v2\/posts\/1756\/revisions"}],"predecessor-version":[{"id":1761,"href":"https:\/\/www.pfadilandshut.ch\/wordpress\/index.php?rest_route=\/wp\/v2\/posts\/1756\/revisions\/1761"}],"wp:attachment":[{"href":"https:\/\/www.pfadilandshut.ch\/wordpress\/index.php?rest_route=%2Fwp%2Fv2%2Fmedia&parent=1756"}],"wp:term":[{"taxonomy":"category","embeddable":true,"href":"https:\/\/www.pfadilandshut.ch\/wordpress\/index.php?rest_route=%2Fwp%2Fv2%2Fcategories&post=1756"},{"taxonomy":"post_tag","embeddable":true,"href":"https:\/\/www.pfadilandshut.ch\/wordpress\/index.php?rest_route=%2Fwp%2Fv2%2Ftags&post=1756"}],"curies":[{"name":"wp","href":"https:\/\/api.w.org\/{rel}","templated":true}]}}