{"id":1778,"date":"2023-05-14T20:08:51","date_gmt":"2023-05-14T19:08:51","guid":{"rendered":"https:\/\/www.pfadilandshut.ch\/wordpress\/?p=1778"},"modified":"2023-05-14T20:08:53","modified_gmt":"2023-05-14T19:08:53","slug":"abteilungstag-2023","status":"publish","type":"post","link":"https:\/\/www.pfadilandshut.ch\/wordpress\/?p=1778","title":{"rendered":"Abteilungstag 2023"},"content":{"rendered":"\n<p>Am 29. April 2023 fand unser Abteilungstag statt. Dieser hat bei uns eine lange Tradition und ist sehr wichtig.<br>An diesem Tag \u00fcbertreten die \u00e4ltesten Biberli zu den W\u00f6lfli, die \u00e4ltesten W\u00f6lfli zu den Pf\u00e4dis, bei den Pf\u00e4dis gibt es neue Leitpf\u00e4dis und die \u00e4ltesten Leitpf\u00e4dis werden Raider.<\/p>\n\n\n\n<figure class=\"wp-block-image size-large\"><a href=\"https:\/\/www.pfadilandshut.ch\/wordpress\/wp-content\/uploads\/2023\/05\/WhatsApp-Bild-2023-05-10-um-09.31.26-1.jpg\" rel=\"lightbox[1778]\"><img loading=\"lazy\" decoding=\"async\" width=\"1024\" height=\"726\" src=\"https:\/\/www.pfadilandshut.ch\/wordpress\/wp-content\/uploads\/2023\/05\/WhatsApp-Bild-2023-05-10-um-09.31.26-1-1024x726.jpg\" alt=\"\" class=\"wp-image-1797\" srcset=\"https:\/\/www.pfadilandshut.ch\/wordpress\/wp-content\/uploads\/2023\/05\/WhatsApp-Bild-2023-05-10-um-09.31.26-1-1024x726.jpg 1024w, https:\/\/www.pfadilandshut.ch\/wordpress\/wp-content\/uploads\/2023\/05\/WhatsApp-Bild-2023-05-10-um-09.31.26-1-300x213.jpg 300w, https:\/\/www.pfadilandshut.ch\/wordpress\/wp-content\/uploads\/2023\/05\/WhatsApp-Bild-2023-05-10-um-09.31.26-1-768x544.jpg 768w, https:\/\/www.pfadilandshut.ch\/wordpress\/wp-content\/uploads\/2023\/05\/WhatsApp-Bild-2023-05-10-um-09.31.26-1-1536x1088.jpg 1536w, https:\/\/www.pfadilandshut.ch\/wordpress\/wp-content\/uploads\/2023\/05\/WhatsApp-Bild-2023-05-10-um-09.31.26-1-619x439.jpg 619w, https:\/\/www.pfadilandshut.ch\/wordpress\/wp-content\/uploads\/2023\/05\/WhatsApp-Bild-2023-05-10-um-09.31.26-1.jpg 1925w\" sizes=\"(max-width: 1024px) 100vw, 1024px\" \/><\/a><\/figure>\n\n\n\n<p>Der Abteilungstag wurde dieses Jahr von allen Stufen gemeinsam durchgef\u00fchrt und stand unter dem Motto &#8218;Bauernhof&#8216;.<br>Zuerst haben wir einen Postenlauf gemacht. In diesem konnten F\u00e4higkeiten die n\u00f6tig sind um auf einem Bauernhof zu leben ge\u00fcbt werden und auch der Kreativit\u00e4t freien lauf gelassen werden konnte.<br>Wir haben Schafe geh\u00fctet, K\u00fche gemelkt und Traktoren rennen gemacht, konnten ein &#8218;Z\u00f6pfli&#8216; formen, dass sp\u00e4ter mit nach Hause genommen werden konnte und ein Tont\u00f6pfli bemalen, dass mit Kresse bepflanzt wurde.<\/p>\n\n\n\n<figure class=\"wp-block-gallery has-nested-images columns-default is-cropped wp-block-gallery-1 is-layout-flex wp-block-gallery-is-layout-flex\">\n<figure class=\"wp-block-image size-large\"><a href=\"https:\/\/www.pfadilandshut.ch\/wordpress\/wp-content\/uploads\/2023\/05\/WhatsApp-Bild-2023-05-10-um-09.31.2-2.jpg\" rel=\"lightbox[1778]\"><img loading=\"lazy\" decoding=\"async\" width=\"1024\" height=\"682\" data-id=\"1789\" src=\"https:\/\/www.pfadilandshut.ch\/wordpress\/wp-content\/uploads\/2023\/05\/WhatsApp-Bild-2023-05-10-um-09.31.2-2-1024x682.jpg\" alt=\"\" class=\"wp-image-1789\" srcset=\"https:\/\/www.pfadilandshut.ch\/wordpress\/wp-content\/uploads\/2023\/05\/WhatsApp-Bild-2023-05-10-um-09.31.2-2-1024x682.jpg 1024w, https:\/\/www.pfadilandshut.ch\/wordpress\/wp-content\/uploads\/2023\/05\/WhatsApp-Bild-2023-05-10-um-09.31.2-2-300x200.jpg 300w, https:\/\/www.pfadilandshut.ch\/wordpress\/wp-content\/uploads\/2023\/05\/WhatsApp-Bild-2023-05-10-um-09.31.2-2-768x512.jpg 768w, https:\/\/www.pfadilandshut.ch\/wordpress\/wp-content\/uploads\/2023\/05\/WhatsApp-Bild-2023-05-10-um-09.31.2-2-1536x1023.jpg 1536w, https:\/\/www.pfadilandshut.ch\/wordpress\/wp-content\/uploads\/2023\/05\/WhatsApp-Bild-2023-05-10-um-09.31.2-2-619x412.jpg 619w, https:\/\/www.pfadilandshut.ch\/wordpress\/wp-content\/uploads\/2023\/05\/WhatsApp-Bild-2023-05-10-um-09.31.2-2.jpg 2048w\" sizes=\"(max-width: 1024px) 100vw, 1024px\" \/><\/a><\/figure>\n\n\n\n<figure class=\"wp-block-image size-large\"><a href=\"https:\/\/www.pfadilandshut.ch\/wordpress\/wp-content\/uploads\/2023\/05\/WhatsApp-Bild-2023-05-10-um-09.31.27-1.jpg\" rel=\"lightbox[1778]\"><img loading=\"lazy\" decoding=\"async\" width=\"1024\" height=\"682\" data-id=\"1791\" src=\"https:\/\/www.pfadilandshut.ch\/wordpress\/wp-content\/uploads\/2023\/05\/WhatsApp-Bild-2023-05-10-um-09.31.27-1-1024x682.jpg\" alt=\"\" class=\"wp-image-1791\" srcset=\"https:\/\/www.pfadilandshut.ch\/wordpress\/wp-content\/uploads\/2023\/05\/WhatsApp-Bild-2023-05-10-um-09.31.27-1-1024x682.jpg 1024w, https:\/\/www.pfadilandshut.ch\/wordpress\/wp-content\/uploads\/2023\/05\/WhatsApp-Bild-2023-05-10-um-09.31.27-1-300x200.jpg 300w, https:\/\/www.pfadilandshut.ch\/wordpress\/wp-content\/uploads\/2023\/05\/WhatsApp-Bild-2023-05-10-um-09.31.27-1-768x512.jpg 768w, https:\/\/www.pfadilandshut.ch\/wordpress\/wp-content\/uploads\/2023\/05\/WhatsApp-Bild-2023-05-10-um-09.31.27-1-1536x1023.jpg 1536w, https:\/\/www.pfadilandshut.ch\/wordpress\/wp-content\/uploads\/2023\/05\/WhatsApp-Bild-2023-05-10-um-09.31.27-1-619x412.jpg 619w, https:\/\/www.pfadilandshut.ch\/wordpress\/wp-content\/uploads\/2023\/05\/WhatsApp-Bild-2023-05-10-um-09.31.27-1.jpg 2048w\" sizes=\"(max-width: 1024px) 100vw, 1024px\" \/><\/a><\/figure>\n\n\n\n<figure class=\"wp-block-image size-large\"><a href=\"https:\/\/www.pfadilandshut.ch\/wordpress\/wp-content\/uploads\/2023\/05\/WhatsApp-Bild-2023-05-10-um-09.31.28-1.jpg\" rel=\"lightbox[1778]\"><img loading=\"lazy\" decoding=\"async\" width=\"1024\" height=\"682\" data-id=\"1795\" src=\"https:\/\/www.pfadilandshut.ch\/wordpress\/wp-content\/uploads\/2023\/05\/WhatsApp-Bild-2023-05-10-um-09.31.28-1-1024x682.jpg\" alt=\"\" class=\"wp-image-1795\" srcset=\"https:\/\/www.pfadilandshut.ch\/wordpress\/wp-content\/uploads\/2023\/05\/WhatsApp-Bild-2023-05-10-um-09.31.28-1-1024x682.jpg 1024w, https:\/\/www.pfadilandshut.ch\/wordpress\/wp-content\/uploads\/2023\/05\/WhatsApp-Bild-2023-05-10-um-09.31.28-1-300x200.jpg 300w, https:\/\/www.pfadilandshut.ch\/wordpress\/wp-content\/uploads\/2023\/05\/WhatsApp-Bild-2023-05-10-um-09.31.28-1-768x512.jpg 768w, https:\/\/www.pfadilandshut.ch\/wordpress\/wp-content\/uploads\/2023\/05\/WhatsApp-Bild-2023-05-10-um-09.31.28-1-1536x1023.jpg 1536w, https:\/\/www.pfadilandshut.ch\/wordpress\/wp-content\/uploads\/2023\/05\/WhatsApp-Bild-2023-05-10-um-09.31.28-1-619x412.jpg 619w, https:\/\/www.pfadilandshut.ch\/wordpress\/wp-content\/uploads\/2023\/05\/WhatsApp-Bild-2023-05-10-um-09.31.28-1.jpg 2048w\" sizes=\"(max-width: 1024px) 100vw, 1024px\" \/><\/a><\/figure>\n\n\n\n<figure class=\"wp-block-image size-large\"><a href=\"https:\/\/www.pfadilandshut.ch\/wordpress\/wp-content\/uploads\/2023\/05\/WhatsApp-Bild-2023-05-10-um-09.31.29-1.jpg\" rel=\"lightbox[1778]\"><img loading=\"lazy\" decoding=\"async\" width=\"576\" height=\"1024\" data-id=\"1793\" src=\"https:\/\/www.pfadilandshut.ch\/wordpress\/wp-content\/uploads\/2023\/05\/WhatsApp-Bild-2023-05-10-um-09.31.29-1-576x1024.jpg\" alt=\"\" class=\"wp-image-1793\" srcset=\"https:\/\/www.pfadilandshut.ch\/wordpress\/wp-content\/uploads\/2023\/05\/WhatsApp-Bild-2023-05-10-um-09.31.29-1-576x1024.jpg 576w, https:\/\/www.pfadilandshut.ch\/wordpress\/wp-content\/uploads\/2023\/05\/WhatsApp-Bild-2023-05-10-um-09.31.29-1-169x300.jpg 169w, https:\/\/www.pfadilandshut.ch\/wordpress\/wp-content\/uploads\/2023\/05\/WhatsApp-Bild-2023-05-10-um-09.31.29-1-768x1365.jpg 768w, https:\/\/www.pfadilandshut.ch\/wordpress\/wp-content\/uploads\/2023\/05\/WhatsApp-Bild-2023-05-10-um-09.31.29-1-864x1536.jpg 864w, https:\/\/www.pfadilandshut.ch\/wordpress\/wp-content\/uploads\/2023\/05\/WhatsApp-Bild-2023-05-10-um-09.31.29-1-619x1100.jpg 619w, https:\/\/www.pfadilandshut.ch\/wordpress\/wp-content\/uploads\/2023\/05\/WhatsApp-Bild-2023-05-10-um-09.31.29-1.jpg 1152w\" sizes=\"(max-width: 576px) 100vw, 576px\" \/><\/a><\/figure>\n\n\n\n<figure class=\"wp-block-image size-large\"><a href=\"https:\/\/www.pfadilandshut.ch\/wordpress\/wp-content\/uploads\/2023\/05\/WhatsApp-Bild-2023-05-10-um-09.31.30-1.jpg\" rel=\"lightbox[1778]\"><img loading=\"lazy\" decoding=\"async\" width=\"1024\" height=\"682\" data-id=\"1796\" src=\"https:\/\/www.pfadilandshut.ch\/wordpress\/wp-content\/uploads\/2023\/05\/WhatsApp-Bild-2023-05-10-um-09.31.30-1-1024x682.jpg\" alt=\"\" class=\"wp-image-1796\" srcset=\"https:\/\/www.pfadilandshut.ch\/wordpress\/wp-content\/uploads\/2023\/05\/WhatsApp-Bild-2023-05-10-um-09.31.30-1-1024x682.jpg 1024w, https:\/\/www.pfadilandshut.ch\/wordpress\/wp-content\/uploads\/2023\/05\/WhatsApp-Bild-2023-05-10-um-09.31.30-1-300x200.jpg 300w, https:\/\/www.pfadilandshut.ch\/wordpress\/wp-content\/uploads\/2023\/05\/WhatsApp-Bild-2023-05-10-um-09.31.30-1-768x512.jpg 768w, https:\/\/www.pfadilandshut.ch\/wordpress\/wp-content\/uploads\/2023\/05\/WhatsApp-Bild-2023-05-10-um-09.31.30-1-1536x1023.jpg 1536w, https:\/\/www.pfadilandshut.ch\/wordpress\/wp-content\/uploads\/2023\/05\/WhatsApp-Bild-2023-05-10-um-09.31.30-1-619x412.jpg 619w, https:\/\/www.pfadilandshut.ch\/wordpress\/wp-content\/uploads\/2023\/05\/WhatsApp-Bild-2023-05-10-um-09.31.30-1.jpg 2048w\" sizes=\"(max-width: 1024px) 100vw, 1024px\" \/><\/a><\/figure>\n\n\n\n<figure class=\"wp-block-image size-large\"><a href=\"https:\/\/www.pfadilandshut.ch\/wordpress\/wp-content\/uploads\/2023\/05\/WhatsApp-Bild-2023-05-10-um-09.31.284-1.jpg\" rel=\"lightbox[1778]\"><img loading=\"lazy\" decoding=\"async\" width=\"1024\" height=\"682\" data-id=\"1794\" src=\"https:\/\/www.pfadilandshut.ch\/wordpress\/wp-content\/uploads\/2023\/05\/WhatsApp-Bild-2023-05-10-um-09.31.284-1-1024x682.jpg\" alt=\"\" class=\"wp-image-1794\" srcset=\"https:\/\/www.pfadilandshut.ch\/wordpress\/wp-content\/uploads\/2023\/05\/WhatsApp-Bild-2023-05-10-um-09.31.284-1-1024x682.jpg 1024w, https:\/\/www.pfadilandshut.ch\/wordpress\/wp-content\/uploads\/2023\/05\/WhatsApp-Bild-2023-05-10-um-09.31.284-1-300x200.jpg 300w, https:\/\/www.pfadilandshut.ch\/wordpress\/wp-content\/uploads\/2023\/05\/WhatsApp-Bild-2023-05-10-um-09.31.284-1-768x512.jpg 768w, https:\/\/www.pfadilandshut.ch\/wordpress\/wp-content\/uploads\/2023\/05\/WhatsApp-Bild-2023-05-10-um-09.31.284-1-1536x1023.jpg 1536w, https:\/\/www.pfadilandshut.ch\/wordpress\/wp-content\/uploads\/2023\/05\/WhatsApp-Bild-2023-05-10-um-09.31.284-1-619x412.jpg 619w, https:\/\/www.pfadilandshut.ch\/wordpress\/wp-content\/uploads\/2023\/05\/WhatsApp-Bild-2023-05-10-um-09.31.284-1.jpg 2048w\" sizes=\"(max-width: 1024px) 100vw, 1024px\" \/><\/a><\/figure>\n\n\n\n<figure class=\"wp-block-image size-large\"><a href=\"https:\/\/www.pfadilandshut.ch\/wordpress\/wp-content\/uploads\/2023\/05\/WhatsApp-Bild-2023-05-10-um-09.31.292-1.jpg\" rel=\"lightbox[1778]\"><img loading=\"lazy\" decoding=\"async\" width=\"1024\" height=\"682\" data-id=\"1790\" src=\"https:\/\/www.pfadilandshut.ch\/wordpress\/wp-content\/uploads\/2023\/05\/WhatsApp-Bild-2023-05-10-um-09.31.292-1-1024x682.jpg\" alt=\"\" class=\"wp-image-1790\" srcset=\"https:\/\/www.pfadilandshut.ch\/wordpress\/wp-content\/uploads\/2023\/05\/WhatsApp-Bild-2023-05-10-um-09.31.292-1-1024x682.jpg 1024w, https:\/\/www.pfadilandshut.ch\/wordpress\/wp-content\/uploads\/2023\/05\/WhatsApp-Bild-2023-05-10-um-09.31.292-1-300x200.jpg 300w, https:\/\/www.pfadilandshut.ch\/wordpress\/wp-content\/uploads\/2023\/05\/WhatsApp-Bild-2023-05-10-um-09.31.292-1-768x512.jpg 768w, https:\/\/www.pfadilandshut.ch\/wordpress\/wp-content\/uploads\/2023\/05\/WhatsApp-Bild-2023-05-10-um-09.31.292-1-1536x1023.jpg 1536w, https:\/\/www.pfadilandshut.ch\/wordpress\/wp-content\/uploads\/2023\/05\/WhatsApp-Bild-2023-05-10-um-09.31.292-1-619x412.jpg 619w, https:\/\/www.pfadilandshut.ch\/wordpress\/wp-content\/uploads\/2023\/05\/WhatsApp-Bild-2023-05-10-um-09.31.292-1.jpg 2048w\" sizes=\"(max-width: 1024px) 100vw, 1024px\" \/><\/a><\/figure>\n<\/figure>\n\n\n\n<p><br>Dann konnten wir ein leckeres Z&#8217;Vieri geniessen.<br>Da hat auch schon der \u00dcbertritt der Biberli zu den W\u00f6lfli gestartet. W\u00e4hrenddessen haben die W\u00f6lfli und die Pf\u00e4dis gemeinsam Absitzball, Werw\u00f6lfe und Brennball gespielt, wodurch die Zeit schnell vorbei ging und sich alle auf der Wiese zu einem Abschlussfoto treffen konnten.<\/p>\n\n\n\n<figure class=\"wp-block-image size-large\"><a href=\"https:\/\/www.pfadilandshut.ch\/wordpress\/wp-content\/uploads\/2023\/05\/Gruppenfoto.jpg\" rel=\"lightbox[1778]\"><img loading=\"lazy\" decoding=\"async\" width=\"1024\" height=\"682\" src=\"https:\/\/www.pfadilandshut.ch\/wordpress\/wp-content\/uploads\/2023\/05\/Gruppenfoto-1024x682.jpg\" alt=\"\" class=\"wp-image-1779\" srcset=\"https:\/\/www.pfadilandshut.ch\/wordpress\/wp-content\/uploads\/2023\/05\/Gruppenfoto-1024x682.jpg 1024w, https:\/\/www.pfadilandshut.ch\/wordpress\/wp-content\/uploads\/2023\/05\/Gruppenfoto-300x200.jpg 300w, https:\/\/www.pfadilandshut.ch\/wordpress\/wp-content\/uploads\/2023\/05\/Gruppenfoto-768x512.jpg 768w, https:\/\/www.pfadilandshut.ch\/wordpress\/wp-content\/uploads\/2023\/05\/Gruppenfoto-1536x1023.jpg 1536w, https:\/\/www.pfadilandshut.ch\/wordpress\/wp-content\/uploads\/2023\/05\/Gruppenfoto-619x412.jpg 619w, https:\/\/www.pfadilandshut.ch\/wordpress\/wp-content\/uploads\/2023\/05\/Gruppenfoto.jpg 2048w\" sizes=\"(max-width: 1024px) 100vw, 1024px\" \/><\/a><\/figure>\n\n\n\n<p><br>Nun ging es f\u00fcr die Biberli und W\u00f6lfli auch schon nach Hause, nur die Pf\u00e4dis blieben noch beim Pfadiheim. F\u00fcr sie war nun die Zeit gekommen sich in ihren F\u00e4hnli eine Grillstelle f\u00fcr das Z&#8217;Nacht vorzubereiten. W\u00e4hrenddessen hatten die W\u00f6lfli, die nun frisch zu den Pf\u00e4dis gekommen sind ihren \u00dcbertritt.<\/p>\n\n\n\n<p>Gemeinsam wurde gelacht, Feuer gemacht, geschwatzt und gegessen und da war es auch schon f\u00fcr die Pf\u00e4dis Zeit nach Hause zu gehen. Zur\u00fcck geblieben sind nur noch die neuen Leitpf\u00e4dis, die sich nun darauf freuten entspannt einen Film schauen zu k\u00f6nnen und ein Dessert zu essen. Doch halt, wo ist denn der Beamer? Jetzt muss schnell ein anderer Beamer organisiert werden aber in dieser Zeit finden wir heraus, wo der Beamer ist, n\u00e4mlich bei den Raiders. Das schreit nach einer Rache-Aktion. Also gehen wir mit den Wasserpumpen und Eimern voll Wasser zu ihrem Heim\u2026. Was dann passiert ist, k\u00f6nnt ihr euch wahrscheinlich denken.<br>Am Schluss konnten wir doch noch einen Film mit Dessert geniessen und einen sch\u00f6nen Abend zusammen verbringen!<br>Was f\u00fcr ein gelungener Abteilungstag, ein grosses Danke an alle Leitenden, die dies\u00a0erm\u00f6glicht\u00a0haben!<\/p>\n\n\n\n<p><\/p>\n","protected":false},"excerpt":{"rendered":"<p>Am 29. April 2023 fand unser Abteilungstag statt. Dieser hat bei uns eine lange Tradition und ist sehr wichtig.An diesem Tag \u00fcbertreten die \u00e4ltesten Biberli zu den W\u00f6lfli, die \u00e4ltesten W\u00f6lfli zu den Pf\u00e4dis, bei den Pf\u00e4dis gibt es neue Leitpf\u00e4dis und die \u00e4ltesten Leitpf\u00e4dis werden Raider. Der Abteilungstag wurde dieses Jahr von allen Stufen [&hellip;]<\/p>\n","protected":false},"author":5,"featured_media":0,"comment_status":"open","ping_status":"open","sticky":false,"template":"","format":"standard","meta":{"footnotes":""},"categories":[3],"tags":[],"yoast_head":"<!-- This site is optimized with the Yoast SEO plugin v22.2 - https:\/\/yoast.com\/wordpress\/plugins\/seo\/ -->\n<title>Abteilungstag 2023 - Pfadilandshut.ch<\/title>\n<meta name=\"robots\" content=\"index, follow, max-snippet:-1, max-image-preview:large, max-video-preview:-1\" \/>\n<link rel=\"canonical\" href=\"https:\/\/www.pfadilandshut.ch\/wordpress\/?p=1778\" \/>\n<meta property=\"og:locale\" content=\"de_DE\" \/>\n<meta property=\"og:type\" content=\"article\" \/>\n<meta property=\"og:title\" content=\"Abteilungstag 2023 - Pfadilandshut.ch\" \/>\n<meta property=\"og:description\" content=\"Am 29. April 2023 fand unser Abteilungstag statt. Dieser hat bei uns eine lange Tradition und ist sehr wichtig.An diesem Tag \u00fcbertreten die \u00e4ltesten Biberli zu den W\u00f6lfli, die \u00e4ltesten W\u00f6lfli zu den Pf\u00e4dis, bei den Pf\u00e4dis gibt es neue Leitpf\u00e4dis und die \u00e4ltesten Leitpf\u00e4dis werden Raider. Der Abteilungstag wurde dieses Jahr von allen Stufen [&hellip;]\" \/>\n<meta property=\"og:url\" content=\"https:\/\/www.pfadilandshut.ch\/wordpress\/?p=1778\" \/>\n<meta property=\"og:site_name\" content=\"Pfadilandshut.ch\" \/>\n<meta property=\"article:published_time\" content=\"2023-05-14T19:08:51+00:00\" \/>\n<meta property=\"article:modified_time\" content=\"2023-05-14T19:08:53+00:00\" \/>\n<meta property=\"og:image\" content=\"https:\/\/www.pfadilandshut.ch\/wordpress\/wp-content\/uploads\/2023\/05\/WhatsApp-Bild-2023-05-10-um-09.31.26-1-1024x726.jpg\" \/>\n<meta name=\"author\" content=\"Leiter\" \/>\n<meta name=\"twitter:card\" content=\"summary_large_image\" \/>\n<meta name=\"twitter:label1\" content=\"Verfasst von\" \/>\n\t<meta name=\"twitter:data1\" content=\"Leiter\" \/>\n\t<meta name=\"twitter:label2\" content=\"Gesch\u00e4tzte Lesezeit\" \/>\n\t<meta name=\"twitter:data2\" content=\"4\u00a0Minuten\" \/>\n<script type=\"application\/ld+json\" class=\"yoast-schema-graph\">{\"@context\":\"https:\/\/schema.org\",\"@graph\":[{\"@type\":\"WebPage\",\"@id\":\"https:\/\/www.pfadilandshut.ch\/wordpress\/?p=1778\",\"url\":\"https:\/\/www.pfadilandshut.ch\/wordpress\/?p=1778\",\"name\":\"Abteilungstag 2023 - Pfadilandshut.ch\",\"isPartOf\":{\"@id\":\"https:\/\/www.pfadilandshut.ch\/wordpress\/#website\"},\"primaryImageOfPage\":{\"@id\":\"https:\/\/www.pfadilandshut.ch\/wordpress\/?p=1778#primaryimage\"},\"image\":{\"@id\":\"https:\/\/www.pfadilandshut.ch\/wordpress\/?p=1778#primaryimage\"},\"thumbnailUrl\":\"https:\/\/www.pfadilandshut.ch\/wordpress\/wp-content\/uploads\/2023\/05\/WhatsApp-Bild-2023-05-10-um-09.31.26-1-1024x726.jpg\",\"datePublished\":\"2023-05-14T19:08:51+00:00\",\"dateModified\":\"2023-05-14T19:08:53+00:00\",\"author\":{\"@id\":\"https:\/\/www.pfadilandshut.ch\/wordpress\/#\/schema\/person\/73a04e42fdd26bf56614c5e4a983e2e4\"},\"breadcrumb\":{\"@id\":\"https:\/\/www.pfadilandshut.ch\/wordpress\/?p=1778#breadcrumb\"},\"inLanguage\":\"de\",\"potentialAction\":[{\"@type\":\"ReadAction\",\"target\":[\"https:\/\/www.pfadilandshut.ch\/wordpress\/?p=1778\"]}]},{\"@type\":\"ImageObject\",\"inLanguage\":\"de\",\"@id\":\"https:\/\/www.pfadilandshut.ch\/wordpress\/?p=1778#primaryimage\",\"url\":\"https:\/\/www.pfadilandshut.ch\/wordpress\/wp-content\/uploads\/2023\/05\/WhatsApp-Bild-2023-05-10-um-09.31.26-1.jpg\",\"contentUrl\":\"https:\/\/www.pfadilandshut.ch\/wordpress\/wp-content\/uploads\/2023\/05\/WhatsApp-Bild-2023-05-10-um-09.31.26-1.jpg\",\"width\":1925,\"height\":1364},{\"@type\":\"BreadcrumbList\",\"@id\":\"https:\/\/www.pfadilandshut.ch\/wordpress\/?p=1778#breadcrumb\",\"itemListElement\":[{\"@type\":\"ListItem\",\"position\":1,\"name\":\"Startseite\",\"item\":\"https:\/\/www.pfadilandshut.ch\/wordpress\/\"},{\"@type\":\"ListItem\",\"position\":2,\"name\":\"Abteilungstag 2023\"}]},{\"@type\":\"WebSite\",\"@id\":\"https:\/\/www.pfadilandshut.ch\/wordpress\/#website\",\"url\":\"https:\/\/www.pfadilandshut.ch\/wordpress\/\",\"name\":\"Pfadilandshut.ch\",\"description\":\"Pfadi Abteilung aus B\u00e4tterkinden BE\",\"potentialAction\":[{\"@type\":\"SearchAction\",\"target\":{\"@type\":\"EntryPoint\",\"urlTemplate\":\"https:\/\/www.pfadilandshut.ch\/wordpress\/?s={search_term_string}\"},\"query-input\":\"required name=search_term_string\"}],\"inLanguage\":\"de\"},{\"@type\":\"Person\",\"@id\":\"https:\/\/www.pfadilandshut.ch\/wordpress\/#\/schema\/person\/73a04e42fdd26bf56614c5e4a983e2e4\",\"name\":\"Leiter\",\"image\":{\"@type\":\"ImageObject\",\"inLanguage\":\"de\",\"@id\":\"https:\/\/www.pfadilandshut.ch\/wordpress\/#\/schema\/person\/image\/\",\"url\":\"https:\/\/secure.gravatar.com\/avatar\/a499af3e0a67c3e44221bee8544bf8b0?s=96&d=mm&r=g\",\"contentUrl\":\"https:\/\/secure.gravatar.com\/avatar\/a499af3e0a67c3e44221bee8544bf8b0?s=96&d=mm&r=g\",\"caption\":\"Leiter\"},\"sameAs\":[\"http:\/\/www.pfadilandshut.ch\"],\"url\":\"https:\/\/www.pfadilandshut.ch\/wordpress\/?author=5\"}]}<\/script>\n<!-- \/ Yoast SEO plugin. -->","yoast_head_json":{"title":"Abteilungstag 2023 - Pfadilandshut.ch","robots":{"index":"index","follow":"follow","max-snippet":"max-snippet:-1","max-image-preview":"max-image-preview:large","max-video-preview":"max-video-preview:-1"},"canonical":"https:\/\/www.pfadilandshut.ch\/wordpress\/?p=1778","og_locale":"de_DE","og_type":"article","og_title":"Abteilungstag 2023 - Pfadilandshut.ch","og_description":"Am 29. April 2023 fand unser Abteilungstag statt. Dieser hat bei uns eine lange Tradition und ist sehr wichtig.An diesem Tag \u00fcbertreten die \u00e4ltesten Biberli zu den W\u00f6lfli, die \u00e4ltesten W\u00f6lfli zu den Pf\u00e4dis, bei den Pf\u00e4dis gibt es neue Leitpf\u00e4dis und die \u00e4ltesten Leitpf\u00e4dis werden Raider. Der Abteilungstag wurde dieses Jahr von allen Stufen [&hellip;]","og_url":"https:\/\/www.pfadilandshut.ch\/wordpress\/?p=1778","og_site_name":"Pfadilandshut.ch","article_published_time":"2023-05-14T19:08:51+00:00","article_modified_time":"2023-05-14T19:08:53+00:00","og_image":[{"url":"https:\/\/www.pfadilandshut.ch\/wordpress\/wp-content\/uploads\/2023\/05\/WhatsApp-Bild-2023-05-10-um-09.31.26-1-1024x726.jpg"}],"author":"Leiter","twitter_card":"summary_large_image","twitter_misc":{"Verfasst von":"Leiter","Gesch\u00e4tzte Lesezeit":"4\u00a0Minuten"},"schema":{"@context":"https:\/\/schema.org","@graph":[{"@type":"WebPage","@id":"https:\/\/www.pfadilandshut.ch\/wordpress\/?p=1778","url":"https:\/\/www.pfadilandshut.ch\/wordpress\/?p=1778","name":"Abteilungstag 2023 - Pfadilandshut.ch","isPartOf":{"@id":"https:\/\/www.pfadilandshut.ch\/wordpress\/#website"},"primaryImageOfPage":{"@id":"https:\/\/www.pfadilandshut.ch\/wordpress\/?p=1778#primaryimage"},"image":{"@id":"https:\/\/www.pfadilandshut.ch\/wordpress\/?p=1778#primaryimage"},"thumbnailUrl":"https:\/\/www.pfadilandshut.ch\/wordpress\/wp-content\/uploads\/2023\/05\/WhatsApp-Bild-2023-05-10-um-09.31.26-1-1024x726.jpg","datePublished":"2023-05-14T19:08:51+00:00","dateModified":"2023-05-14T19:08:53+00:00","author":{"@id":"https:\/\/www.pfadilandshut.ch\/wordpress\/#\/schema\/person\/73a04e42fdd26bf56614c5e4a983e2e4"},"breadcrumb":{"@id":"https:\/\/www.pfadilandshut.ch\/wordpress\/?p=1778#breadcrumb"},"inLanguage":"de","potentialAction":[{"@type":"ReadAction","target":["https:\/\/www.pfadilandshut.ch\/wordpress\/?p=1778"]}]},{"@type":"ImageObject","inLanguage":"de","@id":"https:\/\/www.pfadilandshut.ch\/wordpress\/?p=1778#primaryimage","url":"https:\/\/www.pfadilandshut.ch\/wordpress\/wp-content\/uploads\/2023\/05\/WhatsApp-Bild-2023-05-10-um-09.31.26-1.jpg","contentUrl":"https:\/\/www.pfadilandshut.ch\/wordpress\/wp-content\/uploads\/2023\/05\/WhatsApp-Bild-2023-05-10-um-09.31.26-1.jpg","width":1925,"height":1364},{"@type":"BreadcrumbList","@id":"https:\/\/www.pfadilandshut.ch\/wordpress\/?p=1778#breadcrumb","itemListElement":[{"@type":"ListItem","position":1,"name":"Startseite","item":"https:\/\/www.pfadilandshut.ch\/wordpress\/"},{"@type":"ListItem","position":2,"name":"Abteilungstag 2023"}]},{"@type":"WebSite","@id":"https:\/\/www.pfadilandshut.ch\/wordpress\/#website","url":"https:\/\/www.pfadilandshut.ch\/wordpress\/","name":"Pfadilandshut.ch","description":"Pfadi Abteilung aus B\u00e4tterkinden BE","potentialAction":[{"@type":"SearchAction","target":{"@type":"EntryPoint","urlTemplate":"https:\/\/www.pfadilandshut.ch\/wordpress\/?s={search_term_string}"},"query-input":"required name=search_term_string"}],"inLanguage":"de"},{"@type":"Person","@id":"https:\/\/www.pfadilandshut.ch\/wordpress\/#\/schema\/person\/73a04e42fdd26bf56614c5e4a983e2e4","name":"Leiter","image":{"@type":"ImageObject","inLanguage":"de","@id":"https:\/\/www.pfadilandshut.ch\/wordpress\/#\/schema\/person\/image\/","url":"https:\/\/secure.gravatar.com\/avatar\/a499af3e0a67c3e44221bee8544bf8b0?s=96&d=mm&r=g","contentUrl":"https:\/\/secure.gravatar.com\/avatar\/a499af3e0a67c3e44221bee8544bf8b0?s=96&d=mm&r=g","caption":"Leiter"},"sameAs":["http:\/\/www.pfadilandshut.ch"],"url":"https:\/\/www.pfadilandshut.ch\/wordpress\/?author=5"}]}},"_links":{"self":[{"href":"https:\/\/www.pfadilandshut.ch\/wordpress\/index.php?rest_route=\/wp\/v2\/posts\/1778"}],"collection":[{"href":"https:\/\/www.pfadilandshut.ch\/wordpress\/index.php?rest_route=\/wp\/v2\/posts"}],"about":[{"href":"https:\/\/www.pfadilandshut.ch\/wordpress\/index.php?rest_route=\/wp\/v2\/types\/post"}],"author":[{"embeddable":true,"href":"https:\/\/www.pfadilandshut.ch\/wordpress\/index.php?rest_route=\/wp\/v2\/users\/5"}],"replies":[{"embeddable":true,"href":"https:\/\/www.pfadilandshut.ch\/wordpress\/index.php?rest_route=%2Fwp%2Fv2%2Fcomments&post=1778"}],"version-history":[{"count":1,"href":"https:\/\/www.pfadilandshut.ch\/wordpress\/index.php?rest_route=\/wp\/v2\/posts\/1778\/revisions"}],"predecessor-version":[{"id":1798,"href":"https:\/\/www.pfadilandshut.ch\/wordpress\/index.php?rest_route=\/wp\/v2\/posts\/1778\/revisions\/1798"}],"wp:attachment":[{"href":"https:\/\/www.pfadilandshut.ch\/wordpress\/index.php?rest_route=%2Fwp%2Fv2%2Fmedia&parent=1778"}],"wp:term":[{"taxonomy":"category","embeddable":true,"href":"https:\/\/www.pfadilandshut.ch\/wordpress\/index.php?rest_route=%2Fwp%2Fv2%2Fcategories&post=1778"},{"taxonomy":"post_tag","embeddable":true,"href":"https:\/\/www.pfadilandshut.ch\/wordpress\/index.php?rest_route=%2Fwp%2Fv2%2Ftags&post=1778"}],"curies":[{"name":"wp","href":"https:\/\/api.w.org\/{rel}","templated":true}]}}