{"id":1894,"date":"2024-03-25T13:22:31","date_gmt":"2024-03-25T12:22:31","guid":{"rendered":"https:\/\/www.pfadilandshut.ch\/wordpress\/?p=1894"},"modified":"2024-03-25T13:29:43","modified_gmt":"2024-03-25T12:29:43","slug":"fasnacht-2024","status":"publish","type":"post","link":"https:\/\/www.pfadilandshut.ch\/wordpress\/?p=1894","title":{"rendered":"Fasnacht 2024"},"content":{"rendered":"\n<p>Die Fasnacht ist nun schon l\u00e4nger her, die Erinnerungen bleiben jedoch!<br>Mit dem Thema Eisb\u00e4r konnten wir an der Fasnacht in B\u00e4tterkinden und Utzenstorf mitmachen.<br>In diesem Jahr hatten die Teilnehmer:innen im Rahmen einer Aktivit\u00e4t die M\u00f6glichkeit an unserem Pfadiwagen mitzuwirken, was richtig Spass gemacht hat!<br>Herzlichen Dank an alle Beteiligte und vor allem an unsere W\u00e4geler, die fleissig den Wagen gebaut haben!<\/p>\n\n\n\n<div class=\"wp-block-group is-layout-constrained wp-block-group-is-layout-constrained\"><div class=\"wp-block-group__inner-container\"><\/div><\/div>\n\n\n\n<figure class=\"wp-block-image size-large\"><a href=\"https:\/\/www.pfadilandshut.ch\/wordpress\/wp-content\/uploads\/2024\/03\/P1001523-1-scaled.jpg\" rel=\"lightbox[1894]\"><img loading=\"lazy\" decoding=\"async\" width=\"1024\" height=\"769\" src=\"https:\/\/www.pfadilandshut.ch\/wordpress\/wp-content\/uploads\/2024\/03\/P1001523-1-1024x769.jpg\" alt=\"\" class=\"wp-image-1902\" srcset=\"https:\/\/www.pfadilandshut.ch\/wordpress\/wp-content\/uploads\/2024\/03\/P1001523-1-1024x769.jpg 1024w, https:\/\/www.pfadilandshut.ch\/wordpress\/wp-content\/uploads\/2024\/03\/P1001523-1-300x225.jpg 300w, https:\/\/www.pfadilandshut.ch\/wordpress\/wp-content\/uploads\/2024\/03\/P1001523-1-768x577.jpg 768w, https:\/\/www.pfadilandshut.ch\/wordpress\/wp-content\/uploads\/2024\/03\/P1001523-1-1536x1153.jpg 1536w, https:\/\/www.pfadilandshut.ch\/wordpress\/wp-content\/uploads\/2024\/03\/P1001523-1-2048x1537.jpg 2048w, https:\/\/www.pfadilandshut.ch\/wordpress\/wp-content\/uploads\/2024\/03\/P1001523-1-619x465.jpg 619w\" sizes=\"(max-width: 1024px) 100vw, 1024px\" \/><\/a><\/figure>\n\n\n\n<figure class=\"wp-block-image size-large\"><a href=\"https:\/\/www.pfadilandshut.ch\/wordpress\/wp-content\/uploads\/2024\/03\/P1001438-1-scaled.jpg\" rel=\"lightbox[1894]\"><img loading=\"lazy\" decoding=\"async\" width=\"1024\" height=\"769\" src=\"https:\/\/www.pfadilandshut.ch\/wordpress\/wp-content\/uploads\/2024\/03\/P1001438-1-1024x769.jpg\" alt=\"\" class=\"wp-image-1903\" srcset=\"https:\/\/www.pfadilandshut.ch\/wordpress\/wp-content\/uploads\/2024\/03\/P1001438-1-1024x769.jpg 1024w, https:\/\/www.pfadilandshut.ch\/wordpress\/wp-content\/uploads\/2024\/03\/P1001438-1-300x225.jpg 300w, https:\/\/www.pfadilandshut.ch\/wordpress\/wp-content\/uploads\/2024\/03\/P1001438-1-768x577.jpg 768w, https:\/\/www.pfadilandshut.ch\/wordpress\/wp-content\/uploads\/2024\/03\/P1001438-1-1536x1153.jpg 1536w, https:\/\/www.pfadilandshut.ch\/wordpress\/wp-content\/uploads\/2024\/03\/P1001438-1-2048x1537.jpg 2048w, https:\/\/www.pfadilandshut.ch\/wordpress\/wp-content\/uploads\/2024\/03\/P1001438-1-619x465.jpg 619w\" sizes=\"(max-width: 1024px) 100vw, 1024px\" \/><\/a><\/figure>\n\n\n\n<figure class=\"wp-block-image size-large\"><a href=\"https:\/\/www.pfadilandshut.ch\/wordpress\/wp-content\/uploads\/2024\/03\/P1001562-1-scaled.jpg\" rel=\"lightbox[1894]\"><img loading=\"lazy\" decoding=\"async\" width=\"1024\" height=\"769\" src=\"https:\/\/www.pfadilandshut.ch\/wordpress\/wp-content\/uploads\/2024\/03\/P1001562-1-1024x769.jpg\" alt=\"\" class=\"wp-image-1904\" srcset=\"https:\/\/www.pfadilandshut.ch\/wordpress\/wp-content\/uploads\/2024\/03\/P1001562-1-1024x769.jpg 1024w, https:\/\/www.pfadilandshut.ch\/wordpress\/wp-content\/uploads\/2024\/03\/P1001562-1-300x225.jpg 300w, https:\/\/www.pfadilandshut.ch\/wordpress\/wp-content\/uploads\/2024\/03\/P1001562-1-768x577.jpg 768w, https:\/\/www.pfadilandshut.ch\/wordpress\/wp-content\/uploads\/2024\/03\/P1001562-1-1536x1153.jpg 1536w, https:\/\/www.pfadilandshut.ch\/wordpress\/wp-content\/uploads\/2024\/03\/P1001562-1-2048x1537.jpg 2048w, https:\/\/www.pfadilandshut.ch\/wordpress\/wp-content\/uploads\/2024\/03\/P1001562-1-619x465.jpg 619w\" sizes=\"(max-width: 1024px) 100vw, 1024px\" \/><\/a><\/figure>\n\n\n\n<figure class=\"wp-block-image size-large\"><a href=\"https:\/\/www.pfadilandshut.ch\/wordpress\/wp-content\/uploads\/2024\/03\/P1001593-1-scaled.jpg\" rel=\"lightbox[1894]\"><img loading=\"lazy\" decoding=\"async\" width=\"1024\" height=\"769\" src=\"https:\/\/www.pfadilandshut.ch\/wordpress\/wp-content\/uploads\/2024\/03\/P1001593-1-1024x769.jpg\" alt=\"\" class=\"wp-image-1905\" srcset=\"https:\/\/www.pfadilandshut.ch\/wordpress\/wp-content\/uploads\/2024\/03\/P1001593-1-1024x769.jpg 1024w, https:\/\/www.pfadilandshut.ch\/wordpress\/wp-content\/uploads\/2024\/03\/P1001593-1-300x225.jpg 300w, https:\/\/www.pfadilandshut.ch\/wordpress\/wp-content\/uploads\/2024\/03\/P1001593-1-768x577.jpg 768w, https:\/\/www.pfadilandshut.ch\/wordpress\/wp-content\/uploads\/2024\/03\/P1001593-1-1536x1153.jpg 1536w, https:\/\/www.pfadilandshut.ch\/wordpress\/wp-content\/uploads\/2024\/03\/P1001593-1-2048x1537.jpg 2048w, https:\/\/www.pfadilandshut.ch\/wordpress\/wp-content\/uploads\/2024\/03\/P1001593-1-619x465.jpg 619w\" sizes=\"(max-width: 1024px) 100vw, 1024px\" \/><\/a><\/figure>\n","protected":false},"excerpt":{"rendered":"<p>Die Fasnacht ist nun schon l\u00e4nger her, die Erinnerungen bleiben jedoch!Mit dem Thema Eisb\u00e4r konnten wir an der Fasnacht in B\u00e4tterkinden und Utzenstorf mitmachen.In diesem Jahr hatten die Teilnehmer:innen im Rahmen einer Aktivit\u00e4t die M\u00f6glichkeit an unserem Pfadiwagen mitzuwirken, was richtig Spass gemacht hat!Herzlichen Dank an alle Beteiligte und vor allem an unsere W\u00e4geler, die [&hellip;]<\/p>\n","protected":false},"author":1,"featured_media":0,"comment_status":"open","ping_status":"open","sticky":false,"template":"","format":"standard","meta":{"footnotes":""},"categories":[3],"tags":[14],"yoast_head":"<!-- This site is optimized with the Yoast SEO plugin v22.2 - https:\/\/yoast.com\/wordpress\/plugins\/seo\/ -->\n<title>Fasnacht 2024 - Pfadilandshut.ch<\/title>\n<meta name=\"robots\" content=\"index, follow, max-snippet:-1, max-image-preview:large, max-video-preview:-1\" \/>\n<link rel=\"canonical\" href=\"https:\/\/www.pfadilandshut.ch\/wordpress\/?p=1894\" \/>\n<meta property=\"og:locale\" content=\"de_DE\" \/>\n<meta property=\"og:type\" content=\"article\" \/>\n<meta property=\"og:title\" content=\"Fasnacht 2024 - Pfadilandshut.ch\" \/>\n<meta property=\"og:description\" content=\"Die Fasnacht ist nun schon l\u00e4nger her, die Erinnerungen bleiben jedoch!Mit dem Thema Eisb\u00e4r konnten wir an der Fasnacht in B\u00e4tterkinden und Utzenstorf mitmachen.In diesem Jahr hatten die Teilnehmer:innen im Rahmen einer Aktivit\u00e4t die M\u00f6glichkeit an unserem Pfadiwagen mitzuwirken, was richtig Spass gemacht hat!Herzlichen Dank an alle Beteiligte und vor allem an unsere W\u00e4geler, die [&hellip;]\" \/>\n<meta property=\"og:url\" content=\"https:\/\/www.pfadilandshut.ch\/wordpress\/?p=1894\" \/>\n<meta property=\"og:site_name\" content=\"Pfadilandshut.ch\" \/>\n<meta property=\"article:published_time\" content=\"2024-03-25T12:22:31+00:00\" \/>\n<meta property=\"article:modified_time\" content=\"2024-03-25T12:29:43+00:00\" \/>\n<meta property=\"og:image\" content=\"https:\/\/www.pfadilandshut.ch\/wordpress\/wp-content\/uploads\/2024\/03\/P1001523-1-1024x769.jpg\" \/>\n<meta name=\"author\" content=\"admin\" \/>\n<meta name=\"twitter:card\" content=\"summary_large_image\" \/>\n<meta name=\"twitter:label1\" content=\"Verfasst von\" \/>\n\t<meta name=\"twitter:data1\" content=\"admin\" \/>\n\t<meta name=\"twitter:label2\" content=\"Gesch\u00e4tzte Lesezeit\" \/>\n\t<meta name=\"twitter:data2\" content=\"2\u00a0Minuten\" \/>\n<script type=\"application\/ld+json\" class=\"yoast-schema-graph\">{\"@context\":\"https:\/\/schema.org\",\"@graph\":[{\"@type\":\"WebPage\",\"@id\":\"https:\/\/www.pfadilandshut.ch\/wordpress\/?p=1894\",\"url\":\"https:\/\/www.pfadilandshut.ch\/wordpress\/?p=1894\",\"name\":\"Fasnacht 2024 - Pfadilandshut.ch\",\"isPartOf\":{\"@id\":\"https:\/\/www.pfadilandshut.ch\/wordpress\/#website\"},\"primaryImageOfPage\":{\"@id\":\"https:\/\/www.pfadilandshut.ch\/wordpress\/?p=1894#primaryimage\"},\"image\":{\"@id\":\"https:\/\/www.pfadilandshut.ch\/wordpress\/?p=1894#primaryimage\"},\"thumbnailUrl\":\"https:\/\/www.pfadilandshut.ch\/wordpress\/wp-content\/uploads\/2024\/03\/P1001523-1-1024x769.jpg\",\"datePublished\":\"2024-03-25T12:22:31+00:00\",\"dateModified\":\"2024-03-25T12:29:43+00:00\",\"author\":{\"@id\":\"https:\/\/www.pfadilandshut.ch\/wordpress\/#\/schema\/person\/c3a832ae28aa2756a708a9cb00dc4d64\"},\"breadcrumb\":{\"@id\":\"https:\/\/www.pfadilandshut.ch\/wordpress\/?p=1894#breadcrumb\"},\"inLanguage\":\"de\",\"potentialAction\":[{\"@type\":\"ReadAction\",\"target\":[\"https:\/\/www.pfadilandshut.ch\/wordpress\/?p=1894\"]}]},{\"@type\":\"ImageObject\",\"inLanguage\":\"de\",\"@id\":\"https:\/\/www.pfadilandshut.ch\/wordpress\/?p=1894#primaryimage\",\"url\":\"https:\/\/www.pfadilandshut.ch\/wordpress\/wp-content\/uploads\/2024\/03\/P1001523-1-scaled.jpg\",\"contentUrl\":\"https:\/\/www.pfadilandshut.ch\/wordpress\/wp-content\/uploads\/2024\/03\/P1001523-1-scaled.jpg\",\"width\":2560,\"height\":1922},{\"@type\":\"BreadcrumbList\",\"@id\":\"https:\/\/www.pfadilandshut.ch\/wordpress\/?p=1894#breadcrumb\",\"itemListElement\":[{\"@type\":\"ListItem\",\"position\":1,\"name\":\"Startseite\",\"item\":\"https:\/\/www.pfadilandshut.ch\/wordpress\/\"},{\"@type\":\"ListItem\",\"position\":2,\"name\":\"Fasnacht 2024\"}]},{\"@type\":\"WebSite\",\"@id\":\"https:\/\/www.pfadilandshut.ch\/wordpress\/#website\",\"url\":\"https:\/\/www.pfadilandshut.ch\/wordpress\/\",\"name\":\"Pfadilandshut.ch\",\"description\":\"Pfadi Abteilung aus B\u00e4tterkinden BE\",\"potentialAction\":[{\"@type\":\"SearchAction\",\"target\":{\"@type\":\"EntryPoint\",\"urlTemplate\":\"https:\/\/www.pfadilandshut.ch\/wordpress\/?s={search_term_string}\"},\"query-input\":\"required name=search_term_string\"}],\"inLanguage\":\"de\"},{\"@type\":\"Person\",\"@id\":\"https:\/\/www.pfadilandshut.ch\/wordpress\/#\/schema\/person\/c3a832ae28aa2756a708a9cb00dc4d64\",\"name\":\"admin\",\"image\":{\"@type\":\"ImageObject\",\"inLanguage\":\"de\",\"@id\":\"https:\/\/www.pfadilandshut.ch\/wordpress\/#\/schema\/person\/image\/\",\"url\":\"https:\/\/secure.gravatar.com\/avatar\/c926e1a316976819cf7f47a3b62484c4?s=96&d=mm&r=g\",\"contentUrl\":\"https:\/\/secure.gravatar.com\/avatar\/c926e1a316976819cf7f47a3b62484c4?s=96&d=mm&r=g\",\"caption\":\"admin\"},\"url\":\"https:\/\/www.pfadilandshut.ch\/wordpress\/?author=1\"}]}<\/script>\n<!-- \/ Yoast SEO plugin. -->","yoast_head_json":{"title":"Fasnacht 2024 - Pfadilandshut.ch","robots":{"index":"index","follow":"follow","max-snippet":"max-snippet:-1","max-image-preview":"max-image-preview:large","max-video-preview":"max-video-preview:-1"},"canonical":"https:\/\/www.pfadilandshut.ch\/wordpress\/?p=1894","og_locale":"de_DE","og_type":"article","og_title":"Fasnacht 2024 - Pfadilandshut.ch","og_description":"Die Fasnacht ist nun schon l\u00e4nger her, die Erinnerungen bleiben jedoch!Mit dem Thema Eisb\u00e4r konnten wir an der Fasnacht in B\u00e4tterkinden und Utzenstorf mitmachen.In diesem Jahr hatten die Teilnehmer:innen im Rahmen einer Aktivit\u00e4t die M\u00f6glichkeit an unserem Pfadiwagen mitzuwirken, was richtig Spass gemacht hat!Herzlichen Dank an alle Beteiligte und vor allem an unsere W\u00e4geler, die [&hellip;]","og_url":"https:\/\/www.pfadilandshut.ch\/wordpress\/?p=1894","og_site_name":"Pfadilandshut.ch","article_published_time":"2024-03-25T12:22:31+00:00","article_modified_time":"2024-03-25T12:29:43+00:00","og_image":[{"url":"https:\/\/www.pfadilandshut.ch\/wordpress\/wp-content\/uploads\/2024\/03\/P1001523-1-1024x769.jpg"}],"author":"admin","twitter_card":"summary_large_image","twitter_misc":{"Verfasst von":"admin","Gesch\u00e4tzte Lesezeit":"2\u00a0Minuten"},"schema":{"@context":"https:\/\/schema.org","@graph":[{"@type":"WebPage","@id":"https:\/\/www.pfadilandshut.ch\/wordpress\/?p=1894","url":"https:\/\/www.pfadilandshut.ch\/wordpress\/?p=1894","name":"Fasnacht 2024 - Pfadilandshut.ch","isPartOf":{"@id":"https:\/\/www.pfadilandshut.ch\/wordpress\/#website"},"primaryImageOfPage":{"@id":"https:\/\/www.pfadilandshut.ch\/wordpress\/?p=1894#primaryimage"},"image":{"@id":"https:\/\/www.pfadilandshut.ch\/wordpress\/?p=1894#primaryimage"},"thumbnailUrl":"https:\/\/www.pfadilandshut.ch\/wordpress\/wp-content\/uploads\/2024\/03\/P1001523-1-1024x769.jpg","datePublished":"2024-03-25T12:22:31+00:00","dateModified":"2024-03-25T12:29:43+00:00","author":{"@id":"https:\/\/www.pfadilandshut.ch\/wordpress\/#\/schema\/person\/c3a832ae28aa2756a708a9cb00dc4d64"},"breadcrumb":{"@id":"https:\/\/www.pfadilandshut.ch\/wordpress\/?p=1894#breadcrumb"},"inLanguage":"de","potentialAction":[{"@type":"ReadAction","target":["https:\/\/www.pfadilandshut.ch\/wordpress\/?p=1894"]}]},{"@type":"ImageObject","inLanguage":"de","@id":"https:\/\/www.pfadilandshut.ch\/wordpress\/?p=1894#primaryimage","url":"https:\/\/www.pfadilandshut.ch\/wordpress\/wp-content\/uploads\/2024\/03\/P1001523-1-scaled.jpg","contentUrl":"https:\/\/www.pfadilandshut.ch\/wordpress\/wp-content\/uploads\/2024\/03\/P1001523-1-scaled.jpg","width":2560,"height":1922},{"@type":"BreadcrumbList","@id":"https:\/\/www.pfadilandshut.ch\/wordpress\/?p=1894#breadcrumb","itemListElement":[{"@type":"ListItem","position":1,"name":"Startseite","item":"https:\/\/www.pfadilandshut.ch\/wordpress\/"},{"@type":"ListItem","position":2,"name":"Fasnacht 2024"}]},{"@type":"WebSite","@id":"https:\/\/www.pfadilandshut.ch\/wordpress\/#website","url":"https:\/\/www.pfadilandshut.ch\/wordpress\/","name":"Pfadilandshut.ch","description":"Pfadi Abteilung aus B\u00e4tterkinden BE","potentialAction":[{"@type":"SearchAction","target":{"@type":"EntryPoint","urlTemplate":"https:\/\/www.pfadilandshut.ch\/wordpress\/?s={search_term_string}"},"query-input":"required name=search_term_string"}],"inLanguage":"de"},{"@type":"Person","@id":"https:\/\/www.pfadilandshut.ch\/wordpress\/#\/schema\/person\/c3a832ae28aa2756a708a9cb00dc4d64","name":"admin","image":{"@type":"ImageObject","inLanguage":"de","@id":"https:\/\/www.pfadilandshut.ch\/wordpress\/#\/schema\/person\/image\/","url":"https:\/\/secure.gravatar.com\/avatar\/c926e1a316976819cf7f47a3b62484c4?s=96&d=mm&r=g","contentUrl":"https:\/\/secure.gravatar.com\/avatar\/c926e1a316976819cf7f47a3b62484c4?s=96&d=mm&r=g","caption":"admin"},"url":"https:\/\/www.pfadilandshut.ch\/wordpress\/?author=1"}]}},"_links":{"self":[{"href":"https:\/\/www.pfadilandshut.ch\/wordpress\/index.php?rest_route=\/wp\/v2\/posts\/1894"}],"collection":[{"href":"https:\/\/www.pfadilandshut.ch\/wordpress\/index.php?rest_route=\/wp\/v2\/posts"}],"about":[{"href":"https:\/\/www.pfadilandshut.ch\/wordpress\/index.php?rest_route=\/wp\/v2\/types\/post"}],"author":[{"embeddable":true,"href":"https:\/\/www.pfadilandshut.ch\/wordpress\/index.php?rest_route=\/wp\/v2\/users\/1"}],"replies":[{"embeddable":true,"href":"https:\/\/www.pfadilandshut.ch\/wordpress\/index.php?rest_route=%2Fwp%2Fv2%2Fcomments&post=1894"}],"version-history":[{"count":6,"href":"https:\/\/www.pfadilandshut.ch\/wordpress\/index.php?rest_route=\/wp\/v2\/posts\/1894\/revisions"}],"predecessor-version":[{"id":1910,"href":"https:\/\/www.pfadilandshut.ch\/wordpress\/index.php?rest_route=\/wp\/v2\/posts\/1894\/revisions\/1910"}],"wp:attachment":[{"href":"https:\/\/www.pfadilandshut.ch\/wordpress\/index.php?rest_route=%2Fwp%2Fv2%2Fmedia&parent=1894"}],"wp:term":[{"taxonomy":"category","embeddable":true,"href":"https:\/\/www.pfadilandshut.ch\/wordpress\/index.php?rest_route=%2Fwp%2Fv2%2Fcategories&post=1894"},{"taxonomy":"post_tag","embeddable":true,"href":"https:\/\/www.pfadilandshut.ch\/wordpress\/index.php?rest_route=%2Fwp%2Fv2%2Ftags&post=1894"}],"curies":[{"name":"wp","href":"https:\/\/api.w.org\/{rel}","templated":true}]}}