{"id":1923,"date":"2024-05-04T06:45:55","date_gmt":"2024-05-04T05:45:55","guid":{"rendered":"https:\/\/www.pfadilandshut.ch\/wordpress\/?p=1923"},"modified":"2024-05-04T06:45:56","modified_gmt":"2024-05-04T05:45:56","slug":"abteilungstag-2024","status":"publish","type":"post","link":"https:\/\/www.pfadilandshut.ch\/wordpress\/?p=1923","title":{"rendered":"Abteilungstag 2024"},"content":{"rendered":"\n<p>Am Abteilungstag letzten Samstag konnte die ganze Pfadi Landshut gemeinsam eine Aktivit\u00e4t erleben. Gemeinsam haben die Biberli, W\u00f6lfli und Pfadis eine:n Partner:in f\u00fcr unsere:n Eisb\u00e4r:in gesucht und schliesslich auch gefunden. Am sp\u00e4teren Nachmittag kam das Highlight des Abteilungstages auf uns zu. Die \u00e4ltesten Biberli sind zu den W\u00f6lfli \u00fcbertreten, die \u00e4ltesten W\u00f6lfli zu den Pfadis und die \u00e4ltesten Pfadis zu den Raiders. Auch die Leitungsteams haben Zuwachs bekommen, da die \u00e4ltesten Raiders zu den Leitenden \u00fcbertreten sind.<\/p>\n\n\n\n<p>Unser neues Pfadijahr hat somit offiziell gestartet, wir sind gespannt auf all die Abenteuer, die uns nun erwarten!<\/p>\n\n\n\n<figure class=\"wp-block-gallery has-nested-images columns-default is-cropped wp-block-gallery-1 is-layout-flex wp-block-gallery-is-layout-flex\">\n<figure class=\"wp-block-image size-large\"><a href=\"https:\/\/www.pfadilandshut.ch\/wordpress\/wp-content\/uploads\/2024\/05\/DSC5471-scaled.jpg\" rel=\"lightbox[1923]\"><img loading=\"lazy\" decoding=\"async\" width=\"1024\" height=\"683\" data-id=\"1926\" src=\"https:\/\/www.pfadilandshut.ch\/wordpress\/wp-content\/uploads\/2024\/05\/DSC5471-1024x683.jpg\" alt=\"\" class=\"wp-image-1926\" srcset=\"https:\/\/www.pfadilandshut.ch\/wordpress\/wp-content\/uploads\/2024\/05\/DSC5471-1024x683.jpg 1024w, https:\/\/www.pfadilandshut.ch\/wordpress\/wp-content\/uploads\/2024\/05\/DSC5471-300x200.jpg 300w, https:\/\/www.pfadilandshut.ch\/wordpress\/wp-content\/uploads\/2024\/05\/DSC5471-768x512.jpg 768w, https:\/\/www.pfadilandshut.ch\/wordpress\/wp-content\/uploads\/2024\/05\/DSC5471-1536x1024.jpg 1536w, https:\/\/www.pfadilandshut.ch\/wordpress\/wp-content\/uploads\/2024\/05\/DSC5471-2048x1365.jpg 2048w, https:\/\/www.pfadilandshut.ch\/wordpress\/wp-content\/uploads\/2024\/05\/DSC5471-619x413.jpg 619w\" sizes=\"(max-width: 1024px) 100vw, 1024px\" \/><\/a><\/figure>\n\n\n\n<figure class=\"wp-block-image size-large\"><a href=\"https:\/\/www.pfadilandshut.ch\/wordpress\/wp-content\/uploads\/2024\/05\/DSC5503-scaled.jpg\" rel=\"lightbox[1923]\"><img loading=\"lazy\" decoding=\"async\" width=\"1024\" height=\"819\" data-id=\"1925\" src=\"https:\/\/www.pfadilandshut.ch\/wordpress\/wp-content\/uploads\/2024\/05\/DSC5503-1024x819.jpg\" alt=\"\" class=\"wp-image-1925\" srcset=\"https:\/\/www.pfadilandshut.ch\/wordpress\/wp-content\/uploads\/2024\/05\/DSC5503-1024x819.jpg 1024w, https:\/\/www.pfadilandshut.ch\/wordpress\/wp-content\/uploads\/2024\/05\/DSC5503-300x240.jpg 300w, https:\/\/www.pfadilandshut.ch\/wordpress\/wp-content\/uploads\/2024\/05\/DSC5503-768x614.jpg 768w, https:\/\/www.pfadilandshut.ch\/wordpress\/wp-content\/uploads\/2024\/05\/DSC5503-1536x1229.jpg 1536w, https:\/\/www.pfadilandshut.ch\/wordpress\/wp-content\/uploads\/2024\/05\/DSC5503-2048x1638.jpg 2048w, https:\/\/www.pfadilandshut.ch\/wordpress\/wp-content\/uploads\/2024\/05\/DSC5503-619x495.jpg 619w\" sizes=\"(max-width: 1024px) 100vw, 1024px\" \/><\/a><\/figure>\n\n\n\n<figure class=\"wp-block-image size-large\"><a href=\"https:\/\/www.pfadilandshut.ch\/wordpress\/wp-content\/uploads\/2024\/05\/DSC5527-scaled.jpg\" rel=\"lightbox[1923]\"><img loading=\"lazy\" decoding=\"async\" width=\"1024\" height=\"683\" data-id=\"1928\" src=\"https:\/\/www.pfadilandshut.ch\/wordpress\/wp-content\/uploads\/2024\/05\/DSC5527-1024x683.jpg\" alt=\"\" class=\"wp-image-1928\" srcset=\"https:\/\/www.pfadilandshut.ch\/wordpress\/wp-content\/uploads\/2024\/05\/DSC5527-1024x683.jpg 1024w, https:\/\/www.pfadilandshut.ch\/wordpress\/wp-content\/uploads\/2024\/05\/DSC5527-300x200.jpg 300w, https:\/\/www.pfadilandshut.ch\/wordpress\/wp-content\/uploads\/2024\/05\/DSC5527-768x512.jpg 768w, https:\/\/www.pfadilandshut.ch\/wordpress\/wp-content\/uploads\/2024\/05\/DSC5527-1536x1024.jpg 1536w, https:\/\/www.pfadilandshut.ch\/wordpress\/wp-content\/uploads\/2024\/05\/DSC5527-2048x1365.jpg 2048w, https:\/\/www.pfadilandshut.ch\/wordpress\/wp-content\/uploads\/2024\/05\/DSC5527-619x413.jpg 619w\" sizes=\"(max-width: 1024px) 100vw, 1024px\" \/><\/a><\/figure>\n\n\n\n<figure class=\"wp-block-image size-large\"><a href=\"https:\/\/www.pfadilandshut.ch\/wordpress\/wp-content\/uploads\/2024\/05\/DSC5544-1-scaled.jpg\" rel=\"lightbox[1923]\"><img loading=\"lazy\" decoding=\"async\" width=\"1024\" height=\"683\" data-id=\"1927\" src=\"https:\/\/www.pfadilandshut.ch\/wordpress\/wp-content\/uploads\/2024\/05\/DSC5544-1-1024x683.jpg\" alt=\"\" class=\"wp-image-1927\" srcset=\"https:\/\/www.pfadilandshut.ch\/wordpress\/wp-content\/uploads\/2024\/05\/DSC5544-1-1024x683.jpg 1024w, https:\/\/www.pfadilandshut.ch\/wordpress\/wp-content\/uploads\/2024\/05\/DSC5544-1-300x200.jpg 300w, https:\/\/www.pfadilandshut.ch\/wordpress\/wp-content\/uploads\/2024\/05\/DSC5544-1-768x512.jpg 768w, https:\/\/www.pfadilandshut.ch\/wordpress\/wp-content\/uploads\/2024\/05\/DSC5544-1-1536x1024.jpg 1536w, https:\/\/www.pfadilandshut.ch\/wordpress\/wp-content\/uploads\/2024\/05\/DSC5544-1-2048x1365.jpg 2048w, https:\/\/www.pfadilandshut.ch\/wordpress\/wp-content\/uploads\/2024\/05\/DSC5544-1-619x413.jpg 619w\" sizes=\"(max-width: 1024px) 100vw, 1024px\" \/><\/a><\/figure>\n<\/figure>\n","protected":false},"excerpt":{"rendered":"<p>Am Abteilungstag letzten Samstag konnte die ganze Pfadi Landshut gemeinsam eine Aktivit\u00e4t erleben. Gemeinsam haben die Biberli, W\u00f6lfli und Pfadis eine:n Partner:in f\u00fcr unsere:n Eisb\u00e4r:in gesucht und schliesslich auch gefunden. Am sp\u00e4teren Nachmittag kam das Highlight des Abteilungstages auf uns zu. Die \u00e4ltesten Biberli sind zu den W\u00f6lfli \u00fcbertreten, die \u00e4ltesten W\u00f6lfli zu den Pfadis [&hellip;]<\/p>\n","protected":false},"author":5,"featured_media":0,"comment_status":"open","ping_status":"open","sticky":false,"template":"","format":"standard","meta":{"footnotes":""},"categories":[3],"tags":[],"yoast_head":"<!-- This site is optimized with the Yoast SEO plugin v22.2 - https:\/\/yoast.com\/wordpress\/plugins\/seo\/ -->\n<title>Abteilungstag 2024 - Pfadilandshut.ch<\/title>\n<meta name=\"robots\" content=\"index, follow, max-snippet:-1, max-image-preview:large, max-video-preview:-1\" \/>\n<link rel=\"canonical\" href=\"https:\/\/www.pfadilandshut.ch\/wordpress\/?p=1923\" \/>\n<meta property=\"og:locale\" content=\"de_DE\" \/>\n<meta property=\"og:type\" content=\"article\" \/>\n<meta property=\"og:title\" content=\"Abteilungstag 2024 - Pfadilandshut.ch\" \/>\n<meta property=\"og:description\" content=\"Am Abteilungstag letzten Samstag konnte die ganze Pfadi Landshut gemeinsam eine Aktivit\u00e4t erleben. Gemeinsam haben die Biberli, W\u00f6lfli und Pfadis eine:n Partner:in f\u00fcr unsere:n Eisb\u00e4r:in gesucht und schliesslich auch gefunden. Am sp\u00e4teren Nachmittag kam das Highlight des Abteilungstages auf uns zu. Die \u00e4ltesten Biberli sind zu den W\u00f6lfli \u00fcbertreten, die \u00e4ltesten W\u00f6lfli zu den Pfadis [&hellip;]\" \/>\n<meta property=\"og:url\" content=\"https:\/\/www.pfadilandshut.ch\/wordpress\/?p=1923\" \/>\n<meta property=\"og:site_name\" content=\"Pfadilandshut.ch\" \/>\n<meta property=\"article:published_time\" content=\"2024-05-04T05:45:55+00:00\" \/>\n<meta property=\"article:modified_time\" content=\"2024-05-04T05:45:56+00:00\" \/>\n<meta property=\"og:image\" content=\"https:\/\/www.pfadilandshut.ch\/wordpress\/wp-content\/uploads\/2024\/05\/DSC5471-1024x683.jpg\" \/>\n<meta name=\"author\" content=\"Leiter\" \/>\n<meta name=\"twitter:card\" content=\"summary_large_image\" \/>\n<meta name=\"twitter:label1\" content=\"Verfasst von\" \/>\n\t<meta name=\"twitter:data1\" content=\"Leiter\" \/>\n\t<meta name=\"twitter:label2\" content=\"Gesch\u00e4tzte Lesezeit\" \/>\n\t<meta name=\"twitter:data2\" content=\"2\u00a0Minuten\" \/>\n<script type=\"application\/ld+json\" class=\"yoast-schema-graph\">{\"@context\":\"https:\/\/schema.org\",\"@graph\":[{\"@type\":\"WebPage\",\"@id\":\"https:\/\/www.pfadilandshut.ch\/wordpress\/?p=1923\",\"url\":\"https:\/\/www.pfadilandshut.ch\/wordpress\/?p=1923\",\"name\":\"Abteilungstag 2024 - Pfadilandshut.ch\",\"isPartOf\":{\"@id\":\"https:\/\/www.pfadilandshut.ch\/wordpress\/#website\"},\"primaryImageOfPage\":{\"@id\":\"https:\/\/www.pfadilandshut.ch\/wordpress\/?p=1923#primaryimage\"},\"image\":{\"@id\":\"https:\/\/www.pfadilandshut.ch\/wordpress\/?p=1923#primaryimage\"},\"thumbnailUrl\":\"https:\/\/www.pfadilandshut.ch\/wordpress\/wp-content\/uploads\/2024\/05\/DSC5471-1024x683.jpg\",\"datePublished\":\"2024-05-04T05:45:55+00:00\",\"dateModified\":\"2024-05-04T05:45:56+00:00\",\"author\":{\"@id\":\"https:\/\/www.pfadilandshut.ch\/wordpress\/#\/schema\/person\/73a04e42fdd26bf56614c5e4a983e2e4\"},\"breadcrumb\":{\"@id\":\"https:\/\/www.pfadilandshut.ch\/wordpress\/?p=1923#breadcrumb\"},\"inLanguage\":\"de\",\"potentialAction\":[{\"@type\":\"ReadAction\",\"target\":[\"https:\/\/www.pfadilandshut.ch\/wordpress\/?p=1923\"]}]},{\"@type\":\"ImageObject\",\"inLanguage\":\"de\",\"@id\":\"https:\/\/www.pfadilandshut.ch\/wordpress\/?p=1923#primaryimage\",\"url\":\"https:\/\/www.pfadilandshut.ch\/wordpress\/wp-content\/uploads\/2024\/05\/DSC5471-scaled.jpg\",\"contentUrl\":\"https:\/\/www.pfadilandshut.ch\/wordpress\/wp-content\/uploads\/2024\/05\/DSC5471-scaled.jpg\",\"width\":2560,\"height\":1707},{\"@type\":\"BreadcrumbList\",\"@id\":\"https:\/\/www.pfadilandshut.ch\/wordpress\/?p=1923#breadcrumb\",\"itemListElement\":[{\"@type\":\"ListItem\",\"position\":1,\"name\":\"Startseite\",\"item\":\"https:\/\/www.pfadilandshut.ch\/wordpress\/\"},{\"@type\":\"ListItem\",\"position\":2,\"name\":\"Abteilungstag 2024\"}]},{\"@type\":\"WebSite\",\"@id\":\"https:\/\/www.pfadilandshut.ch\/wordpress\/#website\",\"url\":\"https:\/\/www.pfadilandshut.ch\/wordpress\/\",\"name\":\"Pfadilandshut.ch\",\"description\":\"Pfadi Abteilung aus B\u00e4tterkinden BE\",\"potentialAction\":[{\"@type\":\"SearchAction\",\"target\":{\"@type\":\"EntryPoint\",\"urlTemplate\":\"https:\/\/www.pfadilandshut.ch\/wordpress\/?s={search_term_string}\"},\"query-input\":\"required name=search_term_string\"}],\"inLanguage\":\"de\"},{\"@type\":\"Person\",\"@id\":\"https:\/\/www.pfadilandshut.ch\/wordpress\/#\/schema\/person\/73a04e42fdd26bf56614c5e4a983e2e4\",\"name\":\"Leiter\",\"image\":{\"@type\":\"ImageObject\",\"inLanguage\":\"de\",\"@id\":\"https:\/\/www.pfadilandshut.ch\/wordpress\/#\/schema\/person\/image\/\",\"url\":\"https:\/\/secure.gravatar.com\/avatar\/a499af3e0a67c3e44221bee8544bf8b0?s=96&d=mm&r=g\",\"contentUrl\":\"https:\/\/secure.gravatar.com\/avatar\/a499af3e0a67c3e44221bee8544bf8b0?s=96&d=mm&r=g\",\"caption\":\"Leiter\"},\"sameAs\":[\"http:\/\/www.pfadilandshut.ch\"],\"url\":\"https:\/\/www.pfadilandshut.ch\/wordpress\/?author=5\"}]}<\/script>\n<!-- \/ Yoast SEO plugin. -->","yoast_head_json":{"title":"Abteilungstag 2024 - Pfadilandshut.ch","robots":{"index":"index","follow":"follow","max-snippet":"max-snippet:-1","max-image-preview":"max-image-preview:large","max-video-preview":"max-video-preview:-1"},"canonical":"https:\/\/www.pfadilandshut.ch\/wordpress\/?p=1923","og_locale":"de_DE","og_type":"article","og_title":"Abteilungstag 2024 - Pfadilandshut.ch","og_description":"Am Abteilungstag letzten Samstag konnte die ganze Pfadi Landshut gemeinsam eine Aktivit\u00e4t erleben. Gemeinsam haben die Biberli, W\u00f6lfli und Pfadis eine:n Partner:in f\u00fcr unsere:n Eisb\u00e4r:in gesucht und schliesslich auch gefunden. Am sp\u00e4teren Nachmittag kam das Highlight des Abteilungstages auf uns zu. Die \u00e4ltesten Biberli sind zu den W\u00f6lfli \u00fcbertreten, die \u00e4ltesten W\u00f6lfli zu den Pfadis [&hellip;]","og_url":"https:\/\/www.pfadilandshut.ch\/wordpress\/?p=1923","og_site_name":"Pfadilandshut.ch","article_published_time":"2024-05-04T05:45:55+00:00","article_modified_time":"2024-05-04T05:45:56+00:00","og_image":[{"url":"https:\/\/www.pfadilandshut.ch\/wordpress\/wp-content\/uploads\/2024\/05\/DSC5471-1024x683.jpg"}],"author":"Leiter","twitter_card":"summary_large_image","twitter_misc":{"Verfasst von":"Leiter","Gesch\u00e4tzte Lesezeit":"2\u00a0Minuten"},"schema":{"@context":"https:\/\/schema.org","@graph":[{"@type":"WebPage","@id":"https:\/\/www.pfadilandshut.ch\/wordpress\/?p=1923","url":"https:\/\/www.pfadilandshut.ch\/wordpress\/?p=1923","name":"Abteilungstag 2024 - Pfadilandshut.ch","isPartOf":{"@id":"https:\/\/www.pfadilandshut.ch\/wordpress\/#website"},"primaryImageOfPage":{"@id":"https:\/\/www.pfadilandshut.ch\/wordpress\/?p=1923#primaryimage"},"image":{"@id":"https:\/\/www.pfadilandshut.ch\/wordpress\/?p=1923#primaryimage"},"thumbnailUrl":"https:\/\/www.pfadilandshut.ch\/wordpress\/wp-content\/uploads\/2024\/05\/DSC5471-1024x683.jpg","datePublished":"2024-05-04T05:45:55+00:00","dateModified":"2024-05-04T05:45:56+00:00","author":{"@id":"https:\/\/www.pfadilandshut.ch\/wordpress\/#\/schema\/person\/73a04e42fdd26bf56614c5e4a983e2e4"},"breadcrumb":{"@id":"https:\/\/www.pfadilandshut.ch\/wordpress\/?p=1923#breadcrumb"},"inLanguage":"de","potentialAction":[{"@type":"ReadAction","target":["https:\/\/www.pfadilandshut.ch\/wordpress\/?p=1923"]}]},{"@type":"ImageObject","inLanguage":"de","@id":"https:\/\/www.pfadilandshut.ch\/wordpress\/?p=1923#primaryimage","url":"https:\/\/www.pfadilandshut.ch\/wordpress\/wp-content\/uploads\/2024\/05\/DSC5471-scaled.jpg","contentUrl":"https:\/\/www.pfadilandshut.ch\/wordpress\/wp-content\/uploads\/2024\/05\/DSC5471-scaled.jpg","width":2560,"height":1707},{"@type":"BreadcrumbList","@id":"https:\/\/www.pfadilandshut.ch\/wordpress\/?p=1923#breadcrumb","itemListElement":[{"@type":"ListItem","position":1,"name":"Startseite","item":"https:\/\/www.pfadilandshut.ch\/wordpress\/"},{"@type":"ListItem","position":2,"name":"Abteilungstag 2024"}]},{"@type":"WebSite","@id":"https:\/\/www.pfadilandshut.ch\/wordpress\/#website","url":"https:\/\/www.pfadilandshut.ch\/wordpress\/","name":"Pfadilandshut.ch","description":"Pfadi Abteilung aus B\u00e4tterkinden BE","potentialAction":[{"@type":"SearchAction","target":{"@type":"EntryPoint","urlTemplate":"https:\/\/www.pfadilandshut.ch\/wordpress\/?s={search_term_string}"},"query-input":"required name=search_term_string"}],"inLanguage":"de"},{"@type":"Person","@id":"https:\/\/www.pfadilandshut.ch\/wordpress\/#\/schema\/person\/73a04e42fdd26bf56614c5e4a983e2e4","name":"Leiter","image":{"@type":"ImageObject","inLanguage":"de","@id":"https:\/\/www.pfadilandshut.ch\/wordpress\/#\/schema\/person\/image\/","url":"https:\/\/secure.gravatar.com\/avatar\/a499af3e0a67c3e44221bee8544bf8b0?s=96&d=mm&r=g","contentUrl":"https:\/\/secure.gravatar.com\/avatar\/a499af3e0a67c3e44221bee8544bf8b0?s=96&d=mm&r=g","caption":"Leiter"},"sameAs":["http:\/\/www.pfadilandshut.ch"],"url":"https:\/\/www.pfadilandshut.ch\/wordpress\/?author=5"}]}},"_links":{"self":[{"href":"https:\/\/www.pfadilandshut.ch\/wordpress\/index.php?rest_route=\/wp\/v2\/posts\/1923"}],"collection":[{"href":"https:\/\/www.pfadilandshut.ch\/wordpress\/index.php?rest_route=\/wp\/v2\/posts"}],"about":[{"href":"https:\/\/www.pfadilandshut.ch\/wordpress\/index.php?rest_route=\/wp\/v2\/types\/post"}],"author":[{"embeddable":true,"href":"https:\/\/www.pfadilandshut.ch\/wordpress\/index.php?rest_route=\/wp\/v2\/users\/5"}],"replies":[{"embeddable":true,"href":"https:\/\/www.pfadilandshut.ch\/wordpress\/index.php?rest_route=%2Fwp%2Fv2%2Fcomments&post=1923"}],"version-history":[{"count":1,"href":"https:\/\/www.pfadilandshut.ch\/wordpress\/index.php?rest_route=\/wp\/v2\/posts\/1923\/revisions"}],"predecessor-version":[{"id":1929,"href":"https:\/\/www.pfadilandshut.ch\/wordpress\/index.php?rest_route=\/wp\/v2\/posts\/1923\/revisions\/1929"}],"wp:attachment":[{"href":"https:\/\/www.pfadilandshut.ch\/wordpress\/index.php?rest_route=%2Fwp%2Fv2%2Fmedia&parent=1923"}],"wp:term":[{"taxonomy":"category","embeddable":true,"href":"https:\/\/www.pfadilandshut.ch\/wordpress\/index.php?rest_route=%2Fwp%2Fv2%2Fcategories&post=1923"},{"taxonomy":"post_tag","embeddable":true,"href":"https:\/\/www.pfadilandshut.ch\/wordpress\/index.php?rest_route=%2Fwp%2Fv2%2Ftags&post=1923"}],"curies":[{"name":"wp","href":"https:\/\/api.w.org\/{rel}","templated":true}]}}