{"id":194,"date":"2009-06-15T08:23:54","date_gmt":"2009-06-15T07:23:54","guid":{"rendered":"http:\/\/www.pfadilandshut.ch\/wordpress\/?p=194"},"modified":"2009-11-12T17:12:34","modified_gmt":"2009-11-12T16:12:34","slug":"abschlussbrateln-biber-und-wolfe-zusammen-am-276","status":"publish","type":"post","link":"https:\/\/www.pfadilandshut.ch\/wordpress\/?p=194","title":{"rendered":"Abschlussbr\u00e4teln Biber und W\u00f6lfe: zusammen am 27.6."},"content":{"rendered":"<p>Aus organisatorischen Gr\u00fcnden und auf Wunsch vieler Eltern wurde das Abschlussbr\u00e4teln der Biber auf das selbe Datum wie das der W\u00f6lfe geschoben. Die beiden Stufen k\u00f6nnen nun gemeinsam das Quartal abschliessen. Das Br\u00e4teln findet statt am:<br \/>\n<strong><br \/>\n27.Juni<\/strong><\/p>\n<p>Die Biber werden noch telephonisch informiert.<\/p>\n","protected":false},"excerpt":{"rendered":"<p>Aus organisatorischen Gr\u00fcnden und auf Wunsch vieler Eltern wurde das Abschlussbr\u00e4teln der Biber auf das selbe Datum wie das der W\u00f6lfe geschoben. Die beiden Stufen k\u00f6nnen nun gemeinsam das Quartal abschliessen. Das Br\u00e4teln findet statt am: 27.Juni Die Biber werden noch telephonisch informiert.<\/p>\n","protected":false},"author":7,"featured_media":0,"comment_status":"open","ping_status":"open","sticky":false,"template":"","format":"standard","meta":{"footnotes":""},"categories":[4,3,6],"tags":[],"yoast_head":"<!-- This site is optimized with the Yoast SEO plugin v22.2 - https:\/\/yoast.com\/wordpress\/plugins\/seo\/ -->\n<title>Abschlussbr\u00e4teln Biber und W\u00f6lfe: zusammen am 27.6. - Pfadilandshut.ch<\/title>\n<meta name=\"robots\" content=\"index, follow, max-snippet:-1, max-image-preview:large, max-video-preview:-1\" \/>\n<link rel=\"canonical\" href=\"https:\/\/www.pfadilandshut.ch\/wordpress\/?p=194\" \/>\n<meta property=\"og:locale\" content=\"de_DE\" \/>\n<meta property=\"og:type\" content=\"article\" \/>\n<meta property=\"og:title\" content=\"Abschlussbr\u00e4teln Biber und W\u00f6lfe: zusammen am 27.6. - Pfadilandshut.ch\" \/>\n<meta property=\"og:description\" content=\"Aus organisatorischen Gr\u00fcnden und auf Wunsch vieler Eltern wurde das Abschlussbr\u00e4teln der Biber auf das selbe Datum wie das der W\u00f6lfe geschoben. Die beiden Stufen k\u00f6nnen nun gemeinsam das Quartal abschliessen. Das Br\u00e4teln findet statt am: 27.Juni Die Biber werden noch telephonisch informiert.\" \/>\n<meta property=\"og:url\" content=\"https:\/\/www.pfadilandshut.ch\/wordpress\/?p=194\" \/>\n<meta property=\"og:site_name\" content=\"Pfadilandshut.ch\" \/>\n<meta property=\"article:published_time\" content=\"2009-06-15T07:23:54+00:00\" \/>\n<meta property=\"article:modified_time\" content=\"2009-11-12T16:12:34+00:00\" \/>\n<meta name=\"author\" content=\"AL\" \/>\n<meta name=\"twitter:card\" content=\"summary_large_image\" \/>\n<meta name=\"twitter:label1\" content=\"Verfasst von\" \/>\n\t<meta name=\"twitter:data1\" content=\"AL\" \/>\n<script type=\"application\/ld+json\" class=\"yoast-schema-graph\">{\"@context\":\"https:\/\/schema.org\",\"@graph\":[{\"@type\":\"WebPage\",\"@id\":\"https:\/\/www.pfadilandshut.ch\/wordpress\/?p=194\",\"url\":\"https:\/\/www.pfadilandshut.ch\/wordpress\/?p=194\",\"name\":\"Abschlussbr\u00e4teln Biber und W\u00f6lfe: zusammen am 27.6. - Pfadilandshut.ch\",\"isPartOf\":{\"@id\":\"https:\/\/www.pfadilandshut.ch\/wordpress\/#website\"},\"datePublished\":\"2009-06-15T07:23:54+00:00\",\"dateModified\":\"2009-11-12T16:12:34+00:00\",\"author\":{\"@id\":\"https:\/\/www.pfadilandshut.ch\/wordpress\/#\/schema\/person\/df878e16d755d9e709d0cb043a95b136\"},\"breadcrumb\":{\"@id\":\"https:\/\/www.pfadilandshut.ch\/wordpress\/?p=194#breadcrumb\"},\"inLanguage\":\"de\",\"potentialAction\":[{\"@type\":\"ReadAction\",\"target\":[\"https:\/\/www.pfadilandshut.ch\/wordpress\/?p=194\"]}]},{\"@type\":\"BreadcrumbList\",\"@id\":\"https:\/\/www.pfadilandshut.ch\/wordpress\/?p=194#breadcrumb\",\"itemListElement\":[{\"@type\":\"ListItem\",\"position\":1,\"name\":\"Startseite\",\"item\":\"https:\/\/www.pfadilandshut.ch\/wordpress\/\"},{\"@type\":\"ListItem\",\"position\":2,\"name\":\"Abschlussbr\u00e4teln Biber und W\u00f6lfe: zusammen am 27.6.\"}]},{\"@type\":\"WebSite\",\"@id\":\"https:\/\/www.pfadilandshut.ch\/wordpress\/#website\",\"url\":\"https:\/\/www.pfadilandshut.ch\/wordpress\/\",\"name\":\"Pfadilandshut.ch\",\"description\":\"Pfadi Abteilung aus B\u00e4tterkinden BE\",\"potentialAction\":[{\"@type\":\"SearchAction\",\"target\":{\"@type\":\"EntryPoint\",\"urlTemplate\":\"https:\/\/www.pfadilandshut.ch\/wordpress\/?s={search_term_string}\"},\"query-input\":\"required name=search_term_string\"}],\"inLanguage\":\"de\"},{\"@type\":\"Person\",\"@id\":\"https:\/\/www.pfadilandshut.ch\/wordpress\/#\/schema\/person\/df878e16d755d9e709d0cb043a95b136\",\"name\":\"AL\",\"image\":{\"@type\":\"ImageObject\",\"inLanguage\":\"de\",\"@id\":\"https:\/\/www.pfadilandshut.ch\/wordpress\/#\/schema\/person\/image\/\",\"url\":\"https:\/\/secure.gravatar.com\/avatar\/a650de07f9ecc35ade5285766e4ec29f?s=96&d=mm&r=g\",\"contentUrl\":\"https:\/\/secure.gravatar.com\/avatar\/a650de07f9ecc35ade5285766e4ec29f?s=96&d=mm&r=g\",\"caption\":\"AL\"},\"url\":\"https:\/\/www.pfadilandshut.ch\/wordpress\/?author=7\"}]}<\/script>\n<!-- \/ Yoast SEO plugin. -->","yoast_head_json":{"title":"Abschlussbr\u00e4teln Biber und W\u00f6lfe: zusammen am 27.6. - Pfadilandshut.ch","robots":{"index":"index","follow":"follow","max-snippet":"max-snippet:-1","max-image-preview":"max-image-preview:large","max-video-preview":"max-video-preview:-1"},"canonical":"https:\/\/www.pfadilandshut.ch\/wordpress\/?p=194","og_locale":"de_DE","og_type":"article","og_title":"Abschlussbr\u00e4teln Biber und W\u00f6lfe: zusammen am 27.6. - Pfadilandshut.ch","og_description":"Aus organisatorischen Gr\u00fcnden und auf Wunsch vieler Eltern wurde das Abschlussbr\u00e4teln der Biber auf das selbe Datum wie das der W\u00f6lfe geschoben. Die beiden Stufen k\u00f6nnen nun gemeinsam das Quartal abschliessen. Das Br\u00e4teln findet statt am: 27.Juni Die Biber werden noch telephonisch informiert.","og_url":"https:\/\/www.pfadilandshut.ch\/wordpress\/?p=194","og_site_name":"Pfadilandshut.ch","article_published_time":"2009-06-15T07:23:54+00:00","article_modified_time":"2009-11-12T16:12:34+00:00","author":"AL","twitter_card":"summary_large_image","twitter_misc":{"Verfasst von":"AL"},"schema":{"@context":"https:\/\/schema.org","@graph":[{"@type":"WebPage","@id":"https:\/\/www.pfadilandshut.ch\/wordpress\/?p=194","url":"https:\/\/www.pfadilandshut.ch\/wordpress\/?p=194","name":"Abschlussbr\u00e4teln Biber und W\u00f6lfe: zusammen am 27.6. - Pfadilandshut.ch","isPartOf":{"@id":"https:\/\/www.pfadilandshut.ch\/wordpress\/#website"},"datePublished":"2009-06-15T07:23:54+00:00","dateModified":"2009-11-12T16:12:34+00:00","author":{"@id":"https:\/\/www.pfadilandshut.ch\/wordpress\/#\/schema\/person\/df878e16d755d9e709d0cb043a95b136"},"breadcrumb":{"@id":"https:\/\/www.pfadilandshut.ch\/wordpress\/?p=194#breadcrumb"},"inLanguage":"de","potentialAction":[{"@type":"ReadAction","target":["https:\/\/www.pfadilandshut.ch\/wordpress\/?p=194"]}]},{"@type":"BreadcrumbList","@id":"https:\/\/www.pfadilandshut.ch\/wordpress\/?p=194#breadcrumb","itemListElement":[{"@type":"ListItem","position":1,"name":"Startseite","item":"https:\/\/www.pfadilandshut.ch\/wordpress\/"},{"@type":"ListItem","position":2,"name":"Abschlussbr\u00e4teln Biber und W\u00f6lfe: zusammen am 27.6."}]},{"@type":"WebSite","@id":"https:\/\/www.pfadilandshut.ch\/wordpress\/#website","url":"https:\/\/www.pfadilandshut.ch\/wordpress\/","name":"Pfadilandshut.ch","description":"Pfadi Abteilung aus B\u00e4tterkinden BE","potentialAction":[{"@type":"SearchAction","target":{"@type":"EntryPoint","urlTemplate":"https:\/\/www.pfadilandshut.ch\/wordpress\/?s={search_term_string}"},"query-input":"required name=search_term_string"}],"inLanguage":"de"},{"@type":"Person","@id":"https:\/\/www.pfadilandshut.ch\/wordpress\/#\/schema\/person\/df878e16d755d9e709d0cb043a95b136","name":"AL","image":{"@type":"ImageObject","inLanguage":"de","@id":"https:\/\/www.pfadilandshut.ch\/wordpress\/#\/schema\/person\/image\/","url":"https:\/\/secure.gravatar.com\/avatar\/a650de07f9ecc35ade5285766e4ec29f?s=96&d=mm&r=g","contentUrl":"https:\/\/secure.gravatar.com\/avatar\/a650de07f9ecc35ade5285766e4ec29f?s=96&d=mm&r=g","caption":"AL"},"url":"https:\/\/www.pfadilandshut.ch\/wordpress\/?author=7"}]}},"_links":{"self":[{"href":"https:\/\/www.pfadilandshut.ch\/wordpress\/index.php?rest_route=\/wp\/v2\/posts\/194"}],"collection":[{"href":"https:\/\/www.pfadilandshut.ch\/wordpress\/index.php?rest_route=\/wp\/v2\/posts"}],"about":[{"href":"https:\/\/www.pfadilandshut.ch\/wordpress\/index.php?rest_route=\/wp\/v2\/types\/post"}],"author":[{"embeddable":true,"href":"https:\/\/www.pfadilandshut.ch\/wordpress\/index.php?rest_route=\/wp\/v2\/users\/7"}],"replies":[{"embeddable":true,"href":"https:\/\/www.pfadilandshut.ch\/wordpress\/index.php?rest_route=%2Fwp%2Fv2%2Fcomments&post=194"}],"version-history":[{"count":5,"href":"https:\/\/www.pfadilandshut.ch\/wordpress\/index.php?rest_route=\/wp\/v2\/posts\/194\/revisions"}],"predecessor-version":[{"id":292,"href":"https:\/\/www.pfadilandshut.ch\/wordpress\/index.php?rest_route=\/wp\/v2\/posts\/194\/revisions\/292"}],"wp:attachment":[{"href":"https:\/\/www.pfadilandshut.ch\/wordpress\/index.php?rest_route=%2Fwp%2Fv2%2Fmedia&parent=194"}],"wp:term":[{"taxonomy":"category","embeddable":true,"href":"https:\/\/www.pfadilandshut.ch\/wordpress\/index.php?rest_route=%2Fwp%2Fv2%2Fcategories&post=194"},{"taxonomy":"post_tag","embeddable":true,"href":"https:\/\/www.pfadilandshut.ch\/wordpress\/index.php?rest_route=%2Fwp%2Fv2%2Ftags&post=194"}],"curies":[{"name":"wp","href":"https:\/\/api.w.org\/{rel}","templated":true}]}}