{"id":2002,"date":"2024-12-19T14:59:17","date_gmt":"2024-12-19T13:59:17","guid":{"rendered":"https:\/\/www.pfadilandshut.ch\/wordpress\/?p=2002"},"modified":"2024-12-19T14:59:19","modified_gmt":"2024-12-19T13:59:19","slug":"waldweihnacht-2024","status":"publish","type":"post","link":"https:\/\/www.pfadilandshut.ch\/wordpress\/?p=2002","title":{"rendered":"Waldweihnacht 2024"},"content":{"rendered":"\n<p>Schon wieder ist es eine Weile her, dass wir unsere Waldweihnacht gefeiert haben.<\/p>\n\n\n\n<p>Am Morgen haben die Leitpf\u00e4dis und die Raiders ganz fleissig B\u00e4nze f\u00fcr den Abend gebacken. Als dann alles vorbereitet war, ist die Waldweihnacht schon bald los gegangen. Nach unserem gemeinsamen Spaziergang zum Weihnachtsbaum, einigen Reden der Abteilungsleitung und des Elternrates&nbsp; und einigen Weihnachtsliedern sind auch schon der Samichlous und der Schmutzli vorbeigekommen. Als diese wieder aufgebrochen sind, sind auch wir wieder zum Pfadiheim zur\u00fcckgekehrt und konnten dort die feinen B\u00e4nze mit einem Wienerli und etwas Tee geniessen, einen wunderbaren R\u00fcckblick auf das Pfadijahr anschauen und in der Kleiderb\u00f6rse neue Pfadikleider kaufen.<\/p>\n\n\n\n<p>Wir w\u00fcnschen euch eine sch\u00f6ne Weihnachtszeit und freuen uns schon darauf, im Januar wieder mit der Pfadi zu starten!<\/p>\n\n\n\n<figure class=\"wp-block-gallery has-nested-images columns-default is-cropped wp-block-gallery-1 is-layout-flex wp-block-gallery-is-layout-flex\">\n<figure class=\"wp-block-image size-large\"><a href=\"https:\/\/www.pfadilandshut.ch\/wordpress\/wp-content\/uploads\/2024\/12\/DSC08658-1-scaled.jpg\" rel=\"lightbox[2002]\"><img loading=\"lazy\" decoding=\"async\" width=\"683\" height=\"1024\" data-id=\"2008\" src=\"https:\/\/www.pfadilandshut.ch\/wordpress\/wp-content\/uploads\/2024\/12\/DSC08658-1-683x1024.jpg\" alt=\"\" class=\"wp-image-2008\" srcset=\"https:\/\/www.pfadilandshut.ch\/wordpress\/wp-content\/uploads\/2024\/12\/DSC08658-1-683x1024.jpg 683w, https:\/\/www.pfadilandshut.ch\/wordpress\/wp-content\/uploads\/2024\/12\/DSC08658-1-200x300.jpg 200w, https:\/\/www.pfadilandshut.ch\/wordpress\/wp-content\/uploads\/2024\/12\/DSC08658-1-768x1152.jpg 768w, https:\/\/www.pfadilandshut.ch\/wordpress\/wp-content\/uploads\/2024\/12\/DSC08658-1-1024x1536.jpg 1024w, https:\/\/www.pfadilandshut.ch\/wordpress\/wp-content\/uploads\/2024\/12\/DSC08658-1-1366x2048.jpg 1366w, https:\/\/www.pfadilandshut.ch\/wordpress\/wp-content\/uploads\/2024\/12\/DSC08658-1-619x928.jpg 619w, https:\/\/www.pfadilandshut.ch\/wordpress\/wp-content\/uploads\/2024\/12\/DSC08658-1-scaled.jpg 1707w\" sizes=\"(max-width: 683px) 100vw, 683px\" \/><\/a><\/figure>\n\n\n\n<figure class=\"wp-block-image size-large\"><a href=\"https:\/\/www.pfadilandshut.ch\/wordpress\/wp-content\/uploads\/2024\/12\/P1006489_DxO-1-scaled.jpg\" rel=\"lightbox[2002]\"><img loading=\"lazy\" decoding=\"async\" width=\"759\" height=\"1024\" data-id=\"2009\" src=\"https:\/\/www.pfadilandshut.ch\/wordpress\/wp-content\/uploads\/2024\/12\/P1006489_DxO-1-759x1024.jpg\" alt=\"\" class=\"wp-image-2009\" srcset=\"https:\/\/www.pfadilandshut.ch\/wordpress\/wp-content\/uploads\/2024\/12\/P1006489_DxO-1-759x1024.jpg 759w, https:\/\/www.pfadilandshut.ch\/wordpress\/wp-content\/uploads\/2024\/12\/P1006489_DxO-1-222x300.jpg 222w, https:\/\/www.pfadilandshut.ch\/wordpress\/wp-content\/uploads\/2024\/12\/P1006489_DxO-1-768x1037.jpg 768w, https:\/\/www.pfadilandshut.ch\/wordpress\/wp-content\/uploads\/2024\/12\/P1006489_DxO-1-1138x1536.jpg 1138w, https:\/\/www.pfadilandshut.ch\/wordpress\/wp-content\/uploads\/2024\/12\/P1006489_DxO-1-1517x2048.jpg 1517w, https:\/\/www.pfadilandshut.ch\/wordpress\/wp-content\/uploads\/2024\/12\/P1006489_DxO-1-619x836.jpg 619w, https:\/\/www.pfadilandshut.ch\/wordpress\/wp-content\/uploads\/2024\/12\/P1006489_DxO-1-scaled.jpg 1896w\" sizes=\"(max-width: 759px) 100vw, 759px\" \/><\/a><\/figure>\n\n\n\n<figure class=\"wp-block-image size-large\"><a href=\"https:\/\/www.pfadilandshut.ch\/wordpress\/wp-content\/uploads\/2024\/12\/P1006511_DxO-1-scaled.jpg\" rel=\"lightbox[2002]\"><img loading=\"lazy\" decoding=\"async\" width=\"759\" height=\"1024\" data-id=\"2010\" src=\"https:\/\/www.pfadilandshut.ch\/wordpress\/wp-content\/uploads\/2024\/12\/P1006511_DxO-1-759x1024.jpg\" alt=\"\" class=\"wp-image-2010\" srcset=\"https:\/\/www.pfadilandshut.ch\/wordpress\/wp-content\/uploads\/2024\/12\/P1006511_DxO-1-759x1024.jpg 759w, https:\/\/www.pfadilandshut.ch\/wordpress\/wp-content\/uploads\/2024\/12\/P1006511_DxO-1-222x300.jpg 222w, https:\/\/www.pfadilandshut.ch\/wordpress\/wp-content\/uploads\/2024\/12\/P1006511_DxO-1-768x1037.jpg 768w, https:\/\/www.pfadilandshut.ch\/wordpress\/wp-content\/uploads\/2024\/12\/P1006511_DxO-1-1138x1536.jpg 1138w, https:\/\/www.pfadilandshut.ch\/wordpress\/wp-content\/uploads\/2024\/12\/P1006511_DxO-1-1517x2048.jpg 1517w, https:\/\/www.pfadilandshut.ch\/wordpress\/wp-content\/uploads\/2024\/12\/P1006511_DxO-1-619x836.jpg 619w, https:\/\/www.pfadilandshut.ch\/wordpress\/wp-content\/uploads\/2024\/12\/P1006511_DxO-1-scaled.jpg 1896w\" sizes=\"(max-width: 759px) 100vw, 759px\" \/><\/a><\/figure>\n\n\n\n<figure class=\"wp-block-image size-large\"><a href=\"https:\/\/www.pfadilandshut.ch\/wordpress\/wp-content\/uploads\/2024\/12\/P1006515_DxO-1-scaled.jpg\" rel=\"lightbox[2002]\"><img loading=\"lazy\" decoding=\"async\" width=\"758\" height=\"1024\" data-id=\"2012\" src=\"https:\/\/www.pfadilandshut.ch\/wordpress\/wp-content\/uploads\/2024\/12\/P1006515_DxO-1-758x1024.jpg\" alt=\"\" class=\"wp-image-2012\" srcset=\"https:\/\/www.pfadilandshut.ch\/wordpress\/wp-content\/uploads\/2024\/12\/P1006515_DxO-1-758x1024.jpg 758w, https:\/\/www.pfadilandshut.ch\/wordpress\/wp-content\/uploads\/2024\/12\/P1006515_DxO-1-222x300.jpg 222w, https:\/\/www.pfadilandshut.ch\/wordpress\/wp-content\/uploads\/2024\/12\/P1006515_DxO-1-768x1037.jpg 768w, https:\/\/www.pfadilandshut.ch\/wordpress\/wp-content\/uploads\/2024\/12\/P1006515_DxO-1-1138x1536.jpg 1138w, https:\/\/www.pfadilandshut.ch\/wordpress\/wp-content\/uploads\/2024\/12\/P1006515_DxO-1-1517x2048.jpg 1517w, https:\/\/www.pfadilandshut.ch\/wordpress\/wp-content\/uploads\/2024\/12\/P1006515_DxO-1-619x836.jpg 619w, https:\/\/www.pfadilandshut.ch\/wordpress\/wp-content\/uploads\/2024\/12\/P1006515_DxO-1-scaled.jpg 1896w\" sizes=\"(max-width: 758px) 100vw, 758px\" \/><\/a><\/figure>\n\n\n\n<figure class=\"wp-block-image size-large\"><a href=\"https:\/\/www.pfadilandshut.ch\/wordpress\/wp-content\/uploads\/2024\/12\/P1006536_DxO-1-scaled.jpg\" rel=\"lightbox[2002]\"><img loading=\"lazy\" decoding=\"async\" width=\"757\" height=\"1024\" data-id=\"2011\" src=\"https:\/\/www.pfadilandshut.ch\/wordpress\/wp-content\/uploads\/2024\/12\/P1006536_DxO-1-757x1024.jpg\" alt=\"\" class=\"wp-image-2011\" srcset=\"https:\/\/www.pfadilandshut.ch\/wordpress\/wp-content\/uploads\/2024\/12\/P1006536_DxO-1-757x1024.jpg 757w, https:\/\/www.pfadilandshut.ch\/wordpress\/wp-content\/uploads\/2024\/12\/P1006536_DxO-1-222x300.jpg 222w, https:\/\/www.pfadilandshut.ch\/wordpress\/wp-content\/uploads\/2024\/12\/P1006536_DxO-1-768x1039.jpg 768w, https:\/\/www.pfadilandshut.ch\/wordpress\/wp-content\/uploads\/2024\/12\/P1006536_DxO-1-1135x1536.jpg 1135w, https:\/\/www.pfadilandshut.ch\/wordpress\/wp-content\/uploads\/2024\/12\/P1006536_DxO-1-1514x2048.jpg 1514w, https:\/\/www.pfadilandshut.ch\/wordpress\/wp-content\/uploads\/2024\/12\/P1006536_DxO-1-619x838.jpg 619w, https:\/\/www.pfadilandshut.ch\/wordpress\/wp-content\/uploads\/2024\/12\/P1006536_DxO-1-scaled.jpg 1892w\" sizes=\"(max-width: 757px) 100vw, 757px\" \/><\/a><\/figure>\n<\/figure>\n","protected":false},"excerpt":{"rendered":"<p>Schon wieder ist es eine Weile her, dass wir unsere Waldweihnacht gefeiert haben. Am Morgen haben die Leitpf\u00e4dis und die Raiders ganz fleissig B\u00e4nze f\u00fcr den Abend gebacken. Als dann alles vorbereitet war, ist die Waldweihnacht schon bald los gegangen. Nach unserem gemeinsamen Spaziergang zum Weihnachtsbaum, einigen Reden der Abteilungsleitung und des Elternrates&nbsp; und einigen [&hellip;]<\/p>\n","protected":false},"author":5,"featured_media":0,"comment_status":"open","ping_status":"open","sticky":false,"template":"","format":"standard","meta":{"footnotes":""},"categories":[3],"tags":[],"yoast_head":"<!-- This site is optimized with the Yoast SEO plugin v22.2 - https:\/\/yoast.com\/wordpress\/plugins\/seo\/ -->\n<title>Waldweihnacht 2024 - Pfadilandshut.ch<\/title>\n<meta name=\"robots\" content=\"index, follow, max-snippet:-1, max-image-preview:large, max-video-preview:-1\" \/>\n<link rel=\"canonical\" href=\"https:\/\/www.pfadilandshut.ch\/wordpress\/?p=2002\" \/>\n<meta property=\"og:locale\" content=\"de_DE\" \/>\n<meta property=\"og:type\" content=\"article\" \/>\n<meta property=\"og:title\" content=\"Waldweihnacht 2024 - Pfadilandshut.ch\" \/>\n<meta property=\"og:description\" content=\"Schon wieder ist es eine Weile her, dass wir unsere Waldweihnacht gefeiert haben. Am Morgen haben die Leitpf\u00e4dis und die Raiders ganz fleissig B\u00e4nze f\u00fcr den Abend gebacken. Als dann alles vorbereitet war, ist die Waldweihnacht schon bald los gegangen. Nach unserem gemeinsamen Spaziergang zum Weihnachtsbaum, einigen Reden der Abteilungsleitung und des Elternrates&nbsp; und einigen [&hellip;]\" \/>\n<meta property=\"og:url\" content=\"https:\/\/www.pfadilandshut.ch\/wordpress\/?p=2002\" \/>\n<meta property=\"og:site_name\" content=\"Pfadilandshut.ch\" \/>\n<meta property=\"article:published_time\" content=\"2024-12-19T13:59:17+00:00\" \/>\n<meta property=\"article:modified_time\" content=\"2024-12-19T13:59:19+00:00\" \/>\n<meta property=\"og:image\" content=\"https:\/\/www.pfadilandshut.ch\/wordpress\/wp-content\/uploads\/2024\/12\/DSC08658-1-683x1024.jpg\" \/>\n<meta name=\"author\" content=\"Leiter\" \/>\n<meta name=\"twitter:card\" content=\"summary_large_image\" \/>\n<meta name=\"twitter:label1\" content=\"Verfasst von\" \/>\n\t<meta name=\"twitter:data1\" content=\"Leiter\" \/>\n\t<meta name=\"twitter:label2\" content=\"Gesch\u00e4tzte Lesezeit\" \/>\n\t<meta name=\"twitter:data2\" content=\"2\u00a0Minuten\" \/>\n<script type=\"application\/ld+json\" class=\"yoast-schema-graph\">{\"@context\":\"https:\/\/schema.org\",\"@graph\":[{\"@type\":\"WebPage\",\"@id\":\"https:\/\/www.pfadilandshut.ch\/wordpress\/?p=2002\",\"url\":\"https:\/\/www.pfadilandshut.ch\/wordpress\/?p=2002\",\"name\":\"Waldweihnacht 2024 - Pfadilandshut.ch\",\"isPartOf\":{\"@id\":\"https:\/\/www.pfadilandshut.ch\/wordpress\/#website\"},\"primaryImageOfPage\":{\"@id\":\"https:\/\/www.pfadilandshut.ch\/wordpress\/?p=2002#primaryimage\"},\"image\":{\"@id\":\"https:\/\/www.pfadilandshut.ch\/wordpress\/?p=2002#primaryimage\"},\"thumbnailUrl\":\"https:\/\/www.pfadilandshut.ch\/wordpress\/wp-content\/uploads\/2024\/12\/DSC08658-1-683x1024.jpg\",\"datePublished\":\"2024-12-19T13:59:17+00:00\",\"dateModified\":\"2024-12-19T13:59:19+00:00\",\"author\":{\"@id\":\"https:\/\/www.pfadilandshut.ch\/wordpress\/#\/schema\/person\/73a04e42fdd26bf56614c5e4a983e2e4\"},\"breadcrumb\":{\"@id\":\"https:\/\/www.pfadilandshut.ch\/wordpress\/?p=2002#breadcrumb\"},\"inLanguage\":\"de\",\"potentialAction\":[{\"@type\":\"ReadAction\",\"target\":[\"https:\/\/www.pfadilandshut.ch\/wordpress\/?p=2002\"]}]},{\"@type\":\"ImageObject\",\"inLanguage\":\"de\",\"@id\":\"https:\/\/www.pfadilandshut.ch\/wordpress\/?p=2002#primaryimage\",\"url\":\"https:\/\/www.pfadilandshut.ch\/wordpress\/wp-content\/uploads\/2024\/12\/DSC08658-1-scaled.jpg\",\"contentUrl\":\"https:\/\/www.pfadilandshut.ch\/wordpress\/wp-content\/uploads\/2024\/12\/DSC08658-1-scaled.jpg\",\"width\":1707,\"height\":2560},{\"@type\":\"BreadcrumbList\",\"@id\":\"https:\/\/www.pfadilandshut.ch\/wordpress\/?p=2002#breadcrumb\",\"itemListElement\":[{\"@type\":\"ListItem\",\"position\":1,\"name\":\"Startseite\",\"item\":\"https:\/\/www.pfadilandshut.ch\/wordpress\/\"},{\"@type\":\"ListItem\",\"position\":2,\"name\":\"Waldweihnacht 2024\"}]},{\"@type\":\"WebSite\",\"@id\":\"https:\/\/www.pfadilandshut.ch\/wordpress\/#website\",\"url\":\"https:\/\/www.pfadilandshut.ch\/wordpress\/\",\"name\":\"Pfadilandshut.ch\",\"description\":\"Pfadi Abteilung aus B\u00e4tterkinden BE\",\"potentialAction\":[{\"@type\":\"SearchAction\",\"target\":{\"@type\":\"EntryPoint\",\"urlTemplate\":\"https:\/\/www.pfadilandshut.ch\/wordpress\/?s={search_term_string}\"},\"query-input\":\"required name=search_term_string\"}],\"inLanguage\":\"de\"},{\"@type\":\"Person\",\"@id\":\"https:\/\/www.pfadilandshut.ch\/wordpress\/#\/schema\/person\/73a04e42fdd26bf56614c5e4a983e2e4\",\"name\":\"Leiter\",\"image\":{\"@type\":\"ImageObject\",\"inLanguage\":\"de\",\"@id\":\"https:\/\/www.pfadilandshut.ch\/wordpress\/#\/schema\/person\/image\/\",\"url\":\"https:\/\/secure.gravatar.com\/avatar\/a499af3e0a67c3e44221bee8544bf8b0?s=96&d=mm&r=g\",\"contentUrl\":\"https:\/\/secure.gravatar.com\/avatar\/a499af3e0a67c3e44221bee8544bf8b0?s=96&d=mm&r=g\",\"caption\":\"Leiter\"},\"sameAs\":[\"http:\/\/www.pfadilandshut.ch\"],\"url\":\"https:\/\/www.pfadilandshut.ch\/wordpress\/?author=5\"}]}<\/script>\n<!-- \/ Yoast SEO plugin. -->","yoast_head_json":{"title":"Waldweihnacht 2024 - Pfadilandshut.ch","robots":{"index":"index","follow":"follow","max-snippet":"max-snippet:-1","max-image-preview":"max-image-preview:large","max-video-preview":"max-video-preview:-1"},"canonical":"https:\/\/www.pfadilandshut.ch\/wordpress\/?p=2002","og_locale":"de_DE","og_type":"article","og_title":"Waldweihnacht 2024 - Pfadilandshut.ch","og_description":"Schon wieder ist es eine Weile her, dass wir unsere Waldweihnacht gefeiert haben. Am Morgen haben die Leitpf\u00e4dis und die Raiders ganz fleissig B\u00e4nze f\u00fcr den Abend gebacken. Als dann alles vorbereitet war, ist die Waldweihnacht schon bald los gegangen. Nach unserem gemeinsamen Spaziergang zum Weihnachtsbaum, einigen Reden der Abteilungsleitung und des Elternrates&nbsp; und einigen [&hellip;]","og_url":"https:\/\/www.pfadilandshut.ch\/wordpress\/?p=2002","og_site_name":"Pfadilandshut.ch","article_published_time":"2024-12-19T13:59:17+00:00","article_modified_time":"2024-12-19T13:59:19+00:00","og_image":[{"url":"https:\/\/www.pfadilandshut.ch\/wordpress\/wp-content\/uploads\/2024\/12\/DSC08658-1-683x1024.jpg"}],"author":"Leiter","twitter_card":"summary_large_image","twitter_misc":{"Verfasst von":"Leiter","Gesch\u00e4tzte Lesezeit":"2\u00a0Minuten"},"schema":{"@context":"https:\/\/schema.org","@graph":[{"@type":"WebPage","@id":"https:\/\/www.pfadilandshut.ch\/wordpress\/?p=2002","url":"https:\/\/www.pfadilandshut.ch\/wordpress\/?p=2002","name":"Waldweihnacht 2024 - Pfadilandshut.ch","isPartOf":{"@id":"https:\/\/www.pfadilandshut.ch\/wordpress\/#website"},"primaryImageOfPage":{"@id":"https:\/\/www.pfadilandshut.ch\/wordpress\/?p=2002#primaryimage"},"image":{"@id":"https:\/\/www.pfadilandshut.ch\/wordpress\/?p=2002#primaryimage"},"thumbnailUrl":"https:\/\/www.pfadilandshut.ch\/wordpress\/wp-content\/uploads\/2024\/12\/DSC08658-1-683x1024.jpg","datePublished":"2024-12-19T13:59:17+00:00","dateModified":"2024-12-19T13:59:19+00:00","author":{"@id":"https:\/\/www.pfadilandshut.ch\/wordpress\/#\/schema\/person\/73a04e42fdd26bf56614c5e4a983e2e4"},"breadcrumb":{"@id":"https:\/\/www.pfadilandshut.ch\/wordpress\/?p=2002#breadcrumb"},"inLanguage":"de","potentialAction":[{"@type":"ReadAction","target":["https:\/\/www.pfadilandshut.ch\/wordpress\/?p=2002"]}]},{"@type":"ImageObject","inLanguage":"de","@id":"https:\/\/www.pfadilandshut.ch\/wordpress\/?p=2002#primaryimage","url":"https:\/\/www.pfadilandshut.ch\/wordpress\/wp-content\/uploads\/2024\/12\/DSC08658-1-scaled.jpg","contentUrl":"https:\/\/www.pfadilandshut.ch\/wordpress\/wp-content\/uploads\/2024\/12\/DSC08658-1-scaled.jpg","width":1707,"height":2560},{"@type":"BreadcrumbList","@id":"https:\/\/www.pfadilandshut.ch\/wordpress\/?p=2002#breadcrumb","itemListElement":[{"@type":"ListItem","position":1,"name":"Startseite","item":"https:\/\/www.pfadilandshut.ch\/wordpress\/"},{"@type":"ListItem","position":2,"name":"Waldweihnacht 2024"}]},{"@type":"WebSite","@id":"https:\/\/www.pfadilandshut.ch\/wordpress\/#website","url":"https:\/\/www.pfadilandshut.ch\/wordpress\/","name":"Pfadilandshut.ch","description":"Pfadi Abteilung aus B\u00e4tterkinden BE","potentialAction":[{"@type":"SearchAction","target":{"@type":"EntryPoint","urlTemplate":"https:\/\/www.pfadilandshut.ch\/wordpress\/?s={search_term_string}"},"query-input":"required name=search_term_string"}],"inLanguage":"de"},{"@type":"Person","@id":"https:\/\/www.pfadilandshut.ch\/wordpress\/#\/schema\/person\/73a04e42fdd26bf56614c5e4a983e2e4","name":"Leiter","image":{"@type":"ImageObject","inLanguage":"de","@id":"https:\/\/www.pfadilandshut.ch\/wordpress\/#\/schema\/person\/image\/","url":"https:\/\/secure.gravatar.com\/avatar\/a499af3e0a67c3e44221bee8544bf8b0?s=96&d=mm&r=g","contentUrl":"https:\/\/secure.gravatar.com\/avatar\/a499af3e0a67c3e44221bee8544bf8b0?s=96&d=mm&r=g","caption":"Leiter"},"sameAs":["http:\/\/www.pfadilandshut.ch"],"url":"https:\/\/www.pfadilandshut.ch\/wordpress\/?author=5"}]}},"_links":{"self":[{"href":"https:\/\/www.pfadilandshut.ch\/wordpress\/index.php?rest_route=\/wp\/v2\/posts\/2002"}],"collection":[{"href":"https:\/\/www.pfadilandshut.ch\/wordpress\/index.php?rest_route=\/wp\/v2\/posts"}],"about":[{"href":"https:\/\/www.pfadilandshut.ch\/wordpress\/index.php?rest_route=\/wp\/v2\/types\/post"}],"author":[{"embeddable":true,"href":"https:\/\/www.pfadilandshut.ch\/wordpress\/index.php?rest_route=\/wp\/v2\/users\/5"}],"replies":[{"embeddable":true,"href":"https:\/\/www.pfadilandshut.ch\/wordpress\/index.php?rest_route=%2Fwp%2Fv2%2Fcomments&post=2002"}],"version-history":[{"count":1,"href":"https:\/\/www.pfadilandshut.ch\/wordpress\/index.php?rest_route=\/wp\/v2\/posts\/2002\/revisions"}],"predecessor-version":[{"id":2013,"href":"https:\/\/www.pfadilandshut.ch\/wordpress\/index.php?rest_route=\/wp\/v2\/posts\/2002\/revisions\/2013"}],"wp:attachment":[{"href":"https:\/\/www.pfadilandshut.ch\/wordpress\/index.php?rest_route=%2Fwp%2Fv2%2Fmedia&parent=2002"}],"wp:term":[{"taxonomy":"category","embeddable":true,"href":"https:\/\/www.pfadilandshut.ch\/wordpress\/index.php?rest_route=%2Fwp%2Fv2%2Fcategories&post=2002"},{"taxonomy":"post_tag","embeddable":true,"href":"https:\/\/www.pfadilandshut.ch\/wordpress\/index.php?rest_route=%2Fwp%2Fv2%2Ftags&post=2002"}],"curies":[{"name":"wp","href":"https:\/\/api.w.org\/{rel}","templated":true}]}}