{"id":267,"date":"2009-11-02T19:06:03","date_gmt":"2009-11-02T18:06:03","guid":{"rendered":"http:\/\/www.pfadilandshut.ch\/wordpress\/?p=267"},"modified":"2009-11-18T14:48:01","modified_gmt":"2009-11-18T13:48:01","slug":"fotos-von-der-letzten-biberubung-24-10","status":"publish","type":"post","link":"https:\/\/www.pfadilandshut.ch\/wordpress\/?p=267","title":{"rendered":"Fotos von der letzten Biber\u00fcbung (24.10.)"},"content":{"rendered":"<p>Die gruselige Ch\u00fcrbis lampene wo me mit begeisterig usgh\u00f6ut het &#8230;<\/p>\n<p><img loading=\"lazy\" decoding=\"async\" class=\"alignnone size-medium wp-image-268\" src=\"http:\/\/www.pfadilandshut.ch\/wordpress\/wp-content\/uploads\/2009\/11\/Bild004-300x225.jpg\" alt=\"Bild004\" width=\"300\" height=\"225\" srcset=\"https:\/\/www.pfadilandshut.ch\/wordpress\/wp-content\/uploads\/2009\/11\/Bild004-300x225.jpg 300w, https:\/\/www.pfadilandshut.ch\/wordpress\/wp-content\/uploads\/2009\/11\/Bild004-1024x768.jpg 1024w, https:\/\/www.pfadilandshut.ch\/wordpress\/wp-content\/uploads\/2009\/11\/Bild004.jpg 2048w\" sizes=\"(max-width: 300px) 100vw, 300px\" \/><\/p>\n<p>Bim Spile \u00a0hei 2 Biber e igrabeni Isebahnschine gfunde u afa usgrabe.<\/p>\n<p>Wies so geit, hei alli afa mitmache &#8230;.<\/p>\n<p><img loading=\"lazy\" decoding=\"async\" class=\"alignnone size-medium wp-image-270\" src=\"http:\/\/www.pfadilandshut.ch\/wordpress\/wp-content\/uploads\/2009\/11\/Bild0051-300x225.jpg\" alt=\"Bild005\" width=\"300\" height=\"225\" srcset=\"https:\/\/www.pfadilandshut.ch\/wordpress\/wp-content\/uploads\/2009\/11\/Bild0051-300x225.jpg 300w, https:\/\/www.pfadilandshut.ch\/wordpress\/wp-content\/uploads\/2009\/11\/Bild0051-1024x768.jpg 1024w, https:\/\/www.pfadilandshut.ch\/wordpress\/wp-content\/uploads\/2009\/11\/Bild0051.jpg 2048w\" sizes=\"(max-width: 300px) 100vw, 300px\" \/><img loading=\"lazy\" decoding=\"async\" class=\"alignnone size-medium wp-image-271\" src=\"http:\/\/www.pfadilandshut.ch\/wordpress\/wp-content\/uploads\/2009\/11\/Bild007-300x225.jpg\" alt=\"Bild007\" width=\"300\" height=\"225\" srcset=\"https:\/\/www.pfadilandshut.ch\/wordpress\/wp-content\/uploads\/2009\/11\/Bild007-300x225.jpg 300w, https:\/\/www.pfadilandshut.ch\/wordpress\/wp-content\/uploads\/2009\/11\/Bild007-1024x768.jpg 1024w, https:\/\/www.pfadilandshut.ch\/wordpress\/wp-content\/uploads\/2009\/11\/Bild007.jpg 2048w\" sizes=\"(max-width: 300px) 100vw, 300px\" \/><\/p>\n","protected":false},"excerpt":{"rendered":"<p>Die gruselige Ch\u00fcrbis lampene wo me mit begeisterig usgh\u00f6ut het &#8230; Bim Spile \u00a0hei 2 Biber e igrabeni Isebahnschine gfunde u afa usgrabe. Wies so geit, hei alli afa mitmache &#8230;.<\/p>\n","protected":false},"author":5,"featured_media":0,"comment_status":"open","ping_status":"open","sticky":false,"template":"","format":"standard","meta":{"footnotes":""},"categories":[4,23,3],"tags":[],"yoast_head":"<!-- This site is optimized with the Yoast SEO plugin v22.2 - https:\/\/yoast.com\/wordpress\/plugins\/seo\/ -->\n<title>Fotos von der letzten Biber\u00fcbung (24.10.) - Pfadilandshut.ch<\/title>\n<meta name=\"robots\" content=\"index, follow, max-snippet:-1, max-image-preview:large, max-video-preview:-1\" \/>\n<link rel=\"canonical\" href=\"https:\/\/www.pfadilandshut.ch\/wordpress\/?p=267\" \/>\n<meta property=\"og:locale\" content=\"de_DE\" \/>\n<meta property=\"og:type\" content=\"article\" \/>\n<meta property=\"og:title\" content=\"Fotos von der letzten Biber\u00fcbung (24.10.) - Pfadilandshut.ch\" \/>\n<meta property=\"og:description\" content=\"Die gruselige Ch\u00fcrbis lampene wo me mit begeisterig usgh\u00f6ut het &#8230; Bim Spile \u00a0hei 2 Biber e igrabeni Isebahnschine gfunde u afa usgrabe. Wies so geit, hei alli afa mitmache &#8230;.\" \/>\n<meta property=\"og:url\" content=\"https:\/\/www.pfadilandshut.ch\/wordpress\/?p=267\" \/>\n<meta property=\"og:site_name\" content=\"Pfadilandshut.ch\" \/>\n<meta property=\"article:published_time\" content=\"2009-11-02T18:06:03+00:00\" \/>\n<meta property=\"article:modified_time\" content=\"2009-11-18T13:48:01+00:00\" \/>\n<meta property=\"og:image\" content=\"http:\/\/www.pfadilandshut.ch\/wordpress\/wp-content\/uploads\/2009\/11\/Bild004-300x225.jpg\" \/>\n<meta name=\"author\" content=\"Leiter\" \/>\n<meta name=\"twitter:card\" content=\"summary_large_image\" \/>\n<meta name=\"twitter:label1\" content=\"Verfasst von\" \/>\n\t<meta name=\"twitter:data1\" content=\"Leiter\" \/>\n<script type=\"application\/ld+json\" class=\"yoast-schema-graph\">{\"@context\":\"https:\/\/schema.org\",\"@graph\":[{\"@type\":\"WebPage\",\"@id\":\"https:\/\/www.pfadilandshut.ch\/wordpress\/?p=267\",\"url\":\"https:\/\/www.pfadilandshut.ch\/wordpress\/?p=267\",\"name\":\"Fotos von der letzten Biber\u00fcbung (24.10.) - Pfadilandshut.ch\",\"isPartOf\":{\"@id\":\"https:\/\/www.pfadilandshut.ch\/wordpress\/#website\"},\"primaryImageOfPage\":{\"@id\":\"https:\/\/www.pfadilandshut.ch\/wordpress\/?p=267#primaryimage\"},\"image\":{\"@id\":\"https:\/\/www.pfadilandshut.ch\/wordpress\/?p=267#primaryimage\"},\"thumbnailUrl\":\"http:\/\/www.pfadilandshut.ch\/wordpress\/wp-content\/uploads\/2009\/11\/Bild004-300x225.jpg\",\"datePublished\":\"2009-11-02T18:06:03+00:00\",\"dateModified\":\"2009-11-18T13:48:01+00:00\",\"author\":{\"@id\":\"https:\/\/www.pfadilandshut.ch\/wordpress\/#\/schema\/person\/73a04e42fdd26bf56614c5e4a983e2e4\"},\"breadcrumb\":{\"@id\":\"https:\/\/www.pfadilandshut.ch\/wordpress\/?p=267#breadcrumb\"},\"inLanguage\":\"de\",\"potentialAction\":[{\"@type\":\"ReadAction\",\"target\":[\"https:\/\/www.pfadilandshut.ch\/wordpress\/?p=267\"]}]},{\"@type\":\"ImageObject\",\"inLanguage\":\"de\",\"@id\":\"https:\/\/www.pfadilandshut.ch\/wordpress\/?p=267#primaryimage\",\"url\":\"http:\/\/www.pfadilandshut.ch\/wordpress\/wp-content\/uploads\/2009\/11\/Bild004-300x225.jpg\",\"contentUrl\":\"http:\/\/www.pfadilandshut.ch\/wordpress\/wp-content\/uploads\/2009\/11\/Bild004-300x225.jpg\"},{\"@type\":\"BreadcrumbList\",\"@id\":\"https:\/\/www.pfadilandshut.ch\/wordpress\/?p=267#breadcrumb\",\"itemListElement\":[{\"@type\":\"ListItem\",\"position\":1,\"name\":\"Startseite\",\"item\":\"https:\/\/www.pfadilandshut.ch\/wordpress\/\"},{\"@type\":\"ListItem\",\"position\":2,\"name\":\"Fotos von der letzten Biber\u00fcbung (24.10.)\"}]},{\"@type\":\"WebSite\",\"@id\":\"https:\/\/www.pfadilandshut.ch\/wordpress\/#website\",\"url\":\"https:\/\/www.pfadilandshut.ch\/wordpress\/\",\"name\":\"Pfadilandshut.ch\",\"description\":\"Pfadi Abteilung aus B\u00e4tterkinden BE\",\"potentialAction\":[{\"@type\":\"SearchAction\",\"target\":{\"@type\":\"EntryPoint\",\"urlTemplate\":\"https:\/\/www.pfadilandshut.ch\/wordpress\/?s={search_term_string}\"},\"query-input\":\"required name=search_term_string\"}],\"inLanguage\":\"de\"},{\"@type\":\"Person\",\"@id\":\"https:\/\/www.pfadilandshut.ch\/wordpress\/#\/schema\/person\/73a04e42fdd26bf56614c5e4a983e2e4\",\"name\":\"Leiter\",\"image\":{\"@type\":\"ImageObject\",\"inLanguage\":\"de\",\"@id\":\"https:\/\/www.pfadilandshut.ch\/wordpress\/#\/schema\/person\/image\/\",\"url\":\"https:\/\/secure.gravatar.com\/avatar\/a499af3e0a67c3e44221bee8544bf8b0?s=96&d=mm&r=g\",\"contentUrl\":\"https:\/\/secure.gravatar.com\/avatar\/a499af3e0a67c3e44221bee8544bf8b0?s=96&d=mm&r=g\",\"caption\":\"Leiter\"},\"sameAs\":[\"http:\/\/www.pfadilandshut.ch\"],\"url\":\"https:\/\/www.pfadilandshut.ch\/wordpress\/?author=5\"}]}<\/script>\n<!-- \/ Yoast SEO plugin. -->","yoast_head_json":{"title":"Fotos von der letzten Biber\u00fcbung (24.10.) - Pfadilandshut.ch","robots":{"index":"index","follow":"follow","max-snippet":"max-snippet:-1","max-image-preview":"max-image-preview:large","max-video-preview":"max-video-preview:-1"},"canonical":"https:\/\/www.pfadilandshut.ch\/wordpress\/?p=267","og_locale":"de_DE","og_type":"article","og_title":"Fotos von der letzten Biber\u00fcbung (24.10.) - Pfadilandshut.ch","og_description":"Die gruselige Ch\u00fcrbis lampene wo me mit begeisterig usgh\u00f6ut het &#8230; Bim Spile \u00a0hei 2 Biber e igrabeni Isebahnschine gfunde u afa usgrabe. Wies so geit, hei alli afa mitmache &#8230;.","og_url":"https:\/\/www.pfadilandshut.ch\/wordpress\/?p=267","og_site_name":"Pfadilandshut.ch","article_published_time":"2009-11-02T18:06:03+00:00","article_modified_time":"2009-11-18T13:48:01+00:00","og_image":[{"url":"http:\/\/www.pfadilandshut.ch\/wordpress\/wp-content\/uploads\/2009\/11\/Bild004-300x225.jpg"}],"author":"Leiter","twitter_card":"summary_large_image","twitter_misc":{"Verfasst von":"Leiter"},"schema":{"@context":"https:\/\/schema.org","@graph":[{"@type":"WebPage","@id":"https:\/\/www.pfadilandshut.ch\/wordpress\/?p=267","url":"https:\/\/www.pfadilandshut.ch\/wordpress\/?p=267","name":"Fotos von der letzten Biber\u00fcbung (24.10.) - Pfadilandshut.ch","isPartOf":{"@id":"https:\/\/www.pfadilandshut.ch\/wordpress\/#website"},"primaryImageOfPage":{"@id":"https:\/\/www.pfadilandshut.ch\/wordpress\/?p=267#primaryimage"},"image":{"@id":"https:\/\/www.pfadilandshut.ch\/wordpress\/?p=267#primaryimage"},"thumbnailUrl":"http:\/\/www.pfadilandshut.ch\/wordpress\/wp-content\/uploads\/2009\/11\/Bild004-300x225.jpg","datePublished":"2009-11-02T18:06:03+00:00","dateModified":"2009-11-18T13:48:01+00:00","author":{"@id":"https:\/\/www.pfadilandshut.ch\/wordpress\/#\/schema\/person\/73a04e42fdd26bf56614c5e4a983e2e4"},"breadcrumb":{"@id":"https:\/\/www.pfadilandshut.ch\/wordpress\/?p=267#breadcrumb"},"inLanguage":"de","potentialAction":[{"@type":"ReadAction","target":["https:\/\/www.pfadilandshut.ch\/wordpress\/?p=267"]}]},{"@type":"ImageObject","inLanguage":"de","@id":"https:\/\/www.pfadilandshut.ch\/wordpress\/?p=267#primaryimage","url":"http:\/\/www.pfadilandshut.ch\/wordpress\/wp-content\/uploads\/2009\/11\/Bild004-300x225.jpg","contentUrl":"http:\/\/www.pfadilandshut.ch\/wordpress\/wp-content\/uploads\/2009\/11\/Bild004-300x225.jpg"},{"@type":"BreadcrumbList","@id":"https:\/\/www.pfadilandshut.ch\/wordpress\/?p=267#breadcrumb","itemListElement":[{"@type":"ListItem","position":1,"name":"Startseite","item":"https:\/\/www.pfadilandshut.ch\/wordpress\/"},{"@type":"ListItem","position":2,"name":"Fotos von der letzten Biber\u00fcbung (24.10.)"}]},{"@type":"WebSite","@id":"https:\/\/www.pfadilandshut.ch\/wordpress\/#website","url":"https:\/\/www.pfadilandshut.ch\/wordpress\/","name":"Pfadilandshut.ch","description":"Pfadi Abteilung aus B\u00e4tterkinden BE","potentialAction":[{"@type":"SearchAction","target":{"@type":"EntryPoint","urlTemplate":"https:\/\/www.pfadilandshut.ch\/wordpress\/?s={search_term_string}"},"query-input":"required name=search_term_string"}],"inLanguage":"de"},{"@type":"Person","@id":"https:\/\/www.pfadilandshut.ch\/wordpress\/#\/schema\/person\/73a04e42fdd26bf56614c5e4a983e2e4","name":"Leiter","image":{"@type":"ImageObject","inLanguage":"de","@id":"https:\/\/www.pfadilandshut.ch\/wordpress\/#\/schema\/person\/image\/","url":"https:\/\/secure.gravatar.com\/avatar\/a499af3e0a67c3e44221bee8544bf8b0?s=96&d=mm&r=g","contentUrl":"https:\/\/secure.gravatar.com\/avatar\/a499af3e0a67c3e44221bee8544bf8b0?s=96&d=mm&r=g","caption":"Leiter"},"sameAs":["http:\/\/www.pfadilandshut.ch"],"url":"https:\/\/www.pfadilandshut.ch\/wordpress\/?author=5"}]}},"_links":{"self":[{"href":"https:\/\/www.pfadilandshut.ch\/wordpress\/index.php?rest_route=\/wp\/v2\/posts\/267"}],"collection":[{"href":"https:\/\/www.pfadilandshut.ch\/wordpress\/index.php?rest_route=\/wp\/v2\/posts"}],"about":[{"href":"https:\/\/www.pfadilandshut.ch\/wordpress\/index.php?rest_route=\/wp\/v2\/types\/post"}],"author":[{"embeddable":true,"href":"https:\/\/www.pfadilandshut.ch\/wordpress\/index.php?rest_route=\/wp\/v2\/users\/5"}],"replies":[{"embeddable":true,"href":"https:\/\/www.pfadilandshut.ch\/wordpress\/index.php?rest_route=%2Fwp%2Fv2%2Fcomments&post=267"}],"version-history":[{"count":7,"href":"https:\/\/www.pfadilandshut.ch\/wordpress\/index.php?rest_route=\/wp\/v2\/posts\/267\/revisions"}],"predecessor-version":[{"id":298,"href":"https:\/\/www.pfadilandshut.ch\/wordpress\/index.php?rest_route=\/wp\/v2\/posts\/267\/revisions\/298"}],"wp:attachment":[{"href":"https:\/\/www.pfadilandshut.ch\/wordpress\/index.php?rest_route=%2Fwp%2Fv2%2Fmedia&parent=267"}],"wp:term":[{"taxonomy":"category","embeddable":true,"href":"https:\/\/www.pfadilandshut.ch\/wordpress\/index.php?rest_route=%2Fwp%2Fv2%2Fcategories&post=267"},{"taxonomy":"post_tag","embeddable":true,"href":"https:\/\/www.pfadilandshut.ch\/wordpress\/index.php?rest_route=%2Fwp%2Fv2%2Ftags&post=267"}],"curies":[{"name":"wp","href":"https:\/\/api.w.org\/{rel}","templated":true}]}}