{"id":330,"date":"2010-02-08T20:21:38","date_gmt":"2010-02-08T19:21:38","guid":{"rendered":"http:\/\/www.pfadilandshut.ch\/wordpress\/?p=330"},"modified":"2010-02-08T20:22:16","modified_gmt":"2010-02-08T19:22:16","slug":"fasnacht-2010-wolfe","status":"publish","type":"post","link":"https:\/\/www.pfadilandshut.ch\/wordpress\/?p=330","title":{"rendered":"Fasnacht 2010 &#8211; W\u00f6lfe"},"content":{"rendered":"<p>Hallo liebe W\u00f6lfli-Eltern,<\/p>\n<p>Schon bald ist es wieder soweit und es ist Fasnacht. Wir werden mit den W\u00f6lfen als Clowns an die Fasnacht gehen. Bitte kleidet desshalb eure Kinder mit einem Clownkost\u00fcm ein. Clown-Nasen und &#8222;Schuhe-\u00dcberzug&#8220; haben wir an einer \u00dcbung gebastelt, diese erhalten die W\u00f6lfli dann beim Antreten.<\/p>\n<p>Danke und bis bald&#8230;<\/p>\n<p>Viva<\/p>\n","protected":false},"excerpt":{"rendered":"<p>Hallo liebe W\u00f6lfli-Eltern, Schon bald ist es wieder soweit und es ist Fasnacht. Wir werden mit den W\u00f6lfen als Clowns an die Fasnacht gehen. Bitte kleidet desshalb eure Kinder mit einem Clownkost\u00fcm ein. Clown-Nasen und &#8222;Schuhe-\u00dcberzug&#8220; haben wir an einer \u00dcbung gebastelt, diese erhalten die W\u00f6lfli dann beim Antreten. Danke und bis bald&#8230; Viva<\/p>\n","protected":false},"author":7,"featured_media":0,"comment_status":"open","ping_status":"open","sticky":false,"template":"","format":"standard","meta":{"footnotes":""},"categories":[3,6],"tags":[],"yoast_head":"<!-- This site is optimized with the Yoast SEO plugin v22.2 - https:\/\/yoast.com\/wordpress\/plugins\/seo\/ -->\n<title>Fasnacht 2010 - W\u00f6lfe - Pfadilandshut.ch<\/title>\n<meta name=\"robots\" content=\"index, follow, max-snippet:-1, max-image-preview:large, max-video-preview:-1\" \/>\n<link rel=\"canonical\" href=\"https:\/\/www.pfadilandshut.ch\/wordpress\/?p=330\" \/>\n<meta property=\"og:locale\" content=\"de_DE\" \/>\n<meta property=\"og:type\" content=\"article\" \/>\n<meta property=\"og:title\" content=\"Fasnacht 2010 - W\u00f6lfe - Pfadilandshut.ch\" \/>\n<meta property=\"og:description\" content=\"Hallo liebe W\u00f6lfli-Eltern, Schon bald ist es wieder soweit und es ist Fasnacht. Wir werden mit den W\u00f6lfen als Clowns an die Fasnacht gehen. Bitte kleidet desshalb eure Kinder mit einem Clownkost\u00fcm ein. Clown-Nasen und &#8222;Schuhe-\u00dcberzug&#8220; haben wir an einer \u00dcbung gebastelt, diese erhalten die W\u00f6lfli dann beim Antreten. Danke und bis bald&#8230; Viva\" \/>\n<meta property=\"og:url\" content=\"https:\/\/www.pfadilandshut.ch\/wordpress\/?p=330\" \/>\n<meta property=\"og:site_name\" content=\"Pfadilandshut.ch\" \/>\n<meta property=\"article:published_time\" content=\"2010-02-08T19:21:38+00:00\" \/>\n<meta property=\"article:modified_time\" content=\"2010-02-08T19:22:16+00:00\" \/>\n<meta name=\"author\" content=\"AL\" \/>\n<meta name=\"twitter:card\" content=\"summary_large_image\" \/>\n<meta name=\"twitter:label1\" content=\"Verfasst von\" \/>\n\t<meta name=\"twitter:data1\" content=\"AL\" \/>\n<script type=\"application\/ld+json\" class=\"yoast-schema-graph\">{\"@context\":\"https:\/\/schema.org\",\"@graph\":[{\"@type\":\"WebPage\",\"@id\":\"https:\/\/www.pfadilandshut.ch\/wordpress\/?p=330\",\"url\":\"https:\/\/www.pfadilandshut.ch\/wordpress\/?p=330\",\"name\":\"Fasnacht 2010 - W\u00f6lfe - Pfadilandshut.ch\",\"isPartOf\":{\"@id\":\"https:\/\/www.pfadilandshut.ch\/wordpress\/#website\"},\"datePublished\":\"2010-02-08T19:21:38+00:00\",\"dateModified\":\"2010-02-08T19:22:16+00:00\",\"author\":{\"@id\":\"https:\/\/www.pfadilandshut.ch\/wordpress\/#\/schema\/person\/df878e16d755d9e709d0cb043a95b136\"},\"breadcrumb\":{\"@id\":\"https:\/\/www.pfadilandshut.ch\/wordpress\/?p=330#breadcrumb\"},\"inLanguage\":\"de\",\"potentialAction\":[{\"@type\":\"ReadAction\",\"target\":[\"https:\/\/www.pfadilandshut.ch\/wordpress\/?p=330\"]}]},{\"@type\":\"BreadcrumbList\",\"@id\":\"https:\/\/www.pfadilandshut.ch\/wordpress\/?p=330#breadcrumb\",\"itemListElement\":[{\"@type\":\"ListItem\",\"position\":1,\"name\":\"Startseite\",\"item\":\"https:\/\/www.pfadilandshut.ch\/wordpress\/\"},{\"@type\":\"ListItem\",\"position\":2,\"name\":\"Fasnacht 2010 &#8211; W\u00f6lfe\"}]},{\"@type\":\"WebSite\",\"@id\":\"https:\/\/www.pfadilandshut.ch\/wordpress\/#website\",\"url\":\"https:\/\/www.pfadilandshut.ch\/wordpress\/\",\"name\":\"Pfadilandshut.ch\",\"description\":\"Pfadi Abteilung aus B\u00e4tterkinden BE\",\"potentialAction\":[{\"@type\":\"SearchAction\",\"target\":{\"@type\":\"EntryPoint\",\"urlTemplate\":\"https:\/\/www.pfadilandshut.ch\/wordpress\/?s={search_term_string}\"},\"query-input\":\"required name=search_term_string\"}],\"inLanguage\":\"de\"},{\"@type\":\"Person\",\"@id\":\"https:\/\/www.pfadilandshut.ch\/wordpress\/#\/schema\/person\/df878e16d755d9e709d0cb043a95b136\",\"name\":\"AL\",\"image\":{\"@type\":\"ImageObject\",\"inLanguage\":\"de\",\"@id\":\"https:\/\/www.pfadilandshut.ch\/wordpress\/#\/schema\/person\/image\/\",\"url\":\"https:\/\/secure.gravatar.com\/avatar\/a650de07f9ecc35ade5285766e4ec29f?s=96&d=mm&r=g\",\"contentUrl\":\"https:\/\/secure.gravatar.com\/avatar\/a650de07f9ecc35ade5285766e4ec29f?s=96&d=mm&r=g\",\"caption\":\"AL\"},\"url\":\"https:\/\/www.pfadilandshut.ch\/wordpress\/?author=7\"}]}<\/script>\n<!-- \/ Yoast SEO plugin. -->","yoast_head_json":{"title":"Fasnacht 2010 - W\u00f6lfe - Pfadilandshut.ch","robots":{"index":"index","follow":"follow","max-snippet":"max-snippet:-1","max-image-preview":"max-image-preview:large","max-video-preview":"max-video-preview:-1"},"canonical":"https:\/\/www.pfadilandshut.ch\/wordpress\/?p=330","og_locale":"de_DE","og_type":"article","og_title":"Fasnacht 2010 - W\u00f6lfe - Pfadilandshut.ch","og_description":"Hallo liebe W\u00f6lfli-Eltern, Schon bald ist es wieder soweit und es ist Fasnacht. Wir werden mit den W\u00f6lfen als Clowns an die Fasnacht gehen. Bitte kleidet desshalb eure Kinder mit einem Clownkost\u00fcm ein. Clown-Nasen und &#8222;Schuhe-\u00dcberzug&#8220; haben wir an einer \u00dcbung gebastelt, diese erhalten die W\u00f6lfli dann beim Antreten. Danke und bis bald&#8230; Viva","og_url":"https:\/\/www.pfadilandshut.ch\/wordpress\/?p=330","og_site_name":"Pfadilandshut.ch","article_published_time":"2010-02-08T19:21:38+00:00","article_modified_time":"2010-02-08T19:22:16+00:00","author":"AL","twitter_card":"summary_large_image","twitter_misc":{"Verfasst von":"AL"},"schema":{"@context":"https:\/\/schema.org","@graph":[{"@type":"WebPage","@id":"https:\/\/www.pfadilandshut.ch\/wordpress\/?p=330","url":"https:\/\/www.pfadilandshut.ch\/wordpress\/?p=330","name":"Fasnacht 2010 - W\u00f6lfe - Pfadilandshut.ch","isPartOf":{"@id":"https:\/\/www.pfadilandshut.ch\/wordpress\/#website"},"datePublished":"2010-02-08T19:21:38+00:00","dateModified":"2010-02-08T19:22:16+00:00","author":{"@id":"https:\/\/www.pfadilandshut.ch\/wordpress\/#\/schema\/person\/df878e16d755d9e709d0cb043a95b136"},"breadcrumb":{"@id":"https:\/\/www.pfadilandshut.ch\/wordpress\/?p=330#breadcrumb"},"inLanguage":"de","potentialAction":[{"@type":"ReadAction","target":["https:\/\/www.pfadilandshut.ch\/wordpress\/?p=330"]}]},{"@type":"BreadcrumbList","@id":"https:\/\/www.pfadilandshut.ch\/wordpress\/?p=330#breadcrumb","itemListElement":[{"@type":"ListItem","position":1,"name":"Startseite","item":"https:\/\/www.pfadilandshut.ch\/wordpress\/"},{"@type":"ListItem","position":2,"name":"Fasnacht 2010 &#8211; W\u00f6lfe"}]},{"@type":"WebSite","@id":"https:\/\/www.pfadilandshut.ch\/wordpress\/#website","url":"https:\/\/www.pfadilandshut.ch\/wordpress\/","name":"Pfadilandshut.ch","description":"Pfadi Abteilung aus B\u00e4tterkinden BE","potentialAction":[{"@type":"SearchAction","target":{"@type":"EntryPoint","urlTemplate":"https:\/\/www.pfadilandshut.ch\/wordpress\/?s={search_term_string}"},"query-input":"required name=search_term_string"}],"inLanguage":"de"},{"@type":"Person","@id":"https:\/\/www.pfadilandshut.ch\/wordpress\/#\/schema\/person\/df878e16d755d9e709d0cb043a95b136","name":"AL","image":{"@type":"ImageObject","inLanguage":"de","@id":"https:\/\/www.pfadilandshut.ch\/wordpress\/#\/schema\/person\/image\/","url":"https:\/\/secure.gravatar.com\/avatar\/a650de07f9ecc35ade5285766e4ec29f?s=96&d=mm&r=g","contentUrl":"https:\/\/secure.gravatar.com\/avatar\/a650de07f9ecc35ade5285766e4ec29f?s=96&d=mm&r=g","caption":"AL"},"url":"https:\/\/www.pfadilandshut.ch\/wordpress\/?author=7"}]}},"_links":{"self":[{"href":"https:\/\/www.pfadilandshut.ch\/wordpress\/index.php?rest_route=\/wp\/v2\/posts\/330"}],"collection":[{"href":"https:\/\/www.pfadilandshut.ch\/wordpress\/index.php?rest_route=\/wp\/v2\/posts"}],"about":[{"href":"https:\/\/www.pfadilandshut.ch\/wordpress\/index.php?rest_route=\/wp\/v2\/types\/post"}],"author":[{"embeddable":true,"href":"https:\/\/www.pfadilandshut.ch\/wordpress\/index.php?rest_route=\/wp\/v2\/users\/7"}],"replies":[{"embeddable":true,"href":"https:\/\/www.pfadilandshut.ch\/wordpress\/index.php?rest_route=%2Fwp%2Fv2%2Fcomments&post=330"}],"version-history":[{"count":2,"href":"https:\/\/www.pfadilandshut.ch\/wordpress\/index.php?rest_route=\/wp\/v2\/posts\/330\/revisions"}],"predecessor-version":[{"id":332,"href":"https:\/\/www.pfadilandshut.ch\/wordpress\/index.php?rest_route=\/wp\/v2\/posts\/330\/revisions\/332"}],"wp:attachment":[{"href":"https:\/\/www.pfadilandshut.ch\/wordpress\/index.php?rest_route=%2Fwp%2Fv2%2Fmedia&parent=330"}],"wp:term":[{"taxonomy":"category","embeddable":true,"href":"https:\/\/www.pfadilandshut.ch\/wordpress\/index.php?rest_route=%2Fwp%2Fv2%2Fcategories&post=330"},{"taxonomy":"post_tag","embeddable":true,"href":"https:\/\/www.pfadilandshut.ch\/wordpress\/index.php?rest_route=%2Fwp%2Fv2%2Ftags&post=330"}],"curies":[{"name":"wp","href":"https:\/\/api.w.org\/{rel}","templated":true}]}}