{"id":333,"date":"2010-03-01T22:36:34","date_gmt":"2010-03-01T21:36:34","guid":{"rendered":"http:\/\/www.pfadilandshut.ch\/wordpress\/?p=333"},"modified":"2010-03-03T23:32:56","modified_gmt":"2010-03-03T22:32:56","slug":"fotos-fasnacht-2010","status":"publish","type":"post","link":"https:\/\/www.pfadilandshut.ch\/wordpress\/?p=333","title":{"rendered":"Fotos Fasnacht 2010"},"content":{"rendered":"<p>Hoi z\u00e4me<\/p>\n<p>Meine Fotos von der Pfadi Landshut an der diesj\u00e4hrigen Fasnacht in B\u00e4tterkinden sind auf folgendem Link zu finden:<br \/>\n<a title=\"Fotos Fasnacht 2010\" href=\"http:\/\/picasaweb.google.ch\/mdicht\/Fasnacht2010_02_20?authkey=Gv1sRgCK6k966it6TiowE\" target=\"_blank\">http:\/\/picasaweb.google.ch\/mdicht\/Fasnacht2010_02_20?authkey=Gv1sRgCK6k966it6TiowE<\/a><\/p>\n<p>Alle meine Fotoalben der Pfadi Landshut seit 2002 findet Ihr auf:<br \/>\n<a title=\"Adagios Pfadi Fotos\" href=\"http:\/\/web81.jota.ibone.ch\/adagio\/fotos.htm\" target=\"_blank\">http:\/\/web81.jota.ibone.ch\/adagio\/fotos.htm<\/a><\/p>\n<p>Liebe Gr\u00fcsse<\/p>\n<p>Adagio<\/p>\n","protected":false},"excerpt":{"rendered":"<p>Hoi z\u00e4me Meine Fotos von der Pfadi Landshut an der diesj\u00e4hrigen Fasnacht in B\u00e4tterkinden sind auf folgendem Link zu finden: http:\/\/picasaweb.google.ch\/mdicht\/Fasnacht2010_02_20?authkey=Gv1sRgCK6k966it6TiowE Alle meine Fotoalben der Pfadi Landshut seit 2002 findet Ihr auf: http:\/\/web81.jota.ibone.ch\/adagio\/fotos.htm Liebe Gr\u00fcsse Adagio<\/p>\n","protected":false},"author":7,"featured_media":0,"comment_status":"open","ping_status":"open","sticky":false,"template":"","format":"standard","meta":{"footnotes":""},"categories":[4,23,3,5,7,8,6],"tags":[16,14,18],"yoast_head":"<!-- This site is optimized with the Yoast SEO plugin v22.2 - https:\/\/yoast.com\/wordpress\/plugins\/seo\/ -->\n<title>Fotos Fasnacht 2010 - Pfadilandshut.ch<\/title>\n<meta name=\"robots\" content=\"index, follow, max-snippet:-1, max-image-preview:large, max-video-preview:-1\" \/>\n<link rel=\"canonical\" href=\"https:\/\/www.pfadilandshut.ch\/wordpress\/?p=333\" \/>\n<meta property=\"og:locale\" content=\"de_DE\" \/>\n<meta property=\"og:type\" content=\"article\" \/>\n<meta property=\"og:title\" content=\"Fotos Fasnacht 2010 - Pfadilandshut.ch\" \/>\n<meta property=\"og:description\" content=\"Hoi z\u00e4me Meine Fotos von der Pfadi Landshut an der diesj\u00e4hrigen Fasnacht in B\u00e4tterkinden sind auf folgendem Link zu finden: http:\/\/picasaweb.google.ch\/mdicht\/Fasnacht2010_02_20?authkey=Gv1sRgCK6k966it6TiowE Alle meine Fotoalben der Pfadi Landshut seit 2002 findet Ihr auf: http:\/\/web81.jota.ibone.ch\/adagio\/fotos.htm Liebe Gr\u00fcsse Adagio\" \/>\n<meta property=\"og:url\" content=\"https:\/\/www.pfadilandshut.ch\/wordpress\/?p=333\" \/>\n<meta property=\"og:site_name\" content=\"Pfadilandshut.ch\" \/>\n<meta property=\"article:published_time\" content=\"2010-03-01T21:36:34+00:00\" \/>\n<meta property=\"article:modified_time\" content=\"2010-03-03T22:32:56+00:00\" \/>\n<meta name=\"author\" content=\"AL\" \/>\n<meta name=\"twitter:card\" content=\"summary_large_image\" \/>\n<meta name=\"twitter:label1\" content=\"Verfasst von\" \/>\n\t<meta name=\"twitter:data1\" content=\"AL\" \/>\n<script type=\"application\/ld+json\" class=\"yoast-schema-graph\">{\"@context\":\"https:\/\/schema.org\",\"@graph\":[{\"@type\":\"WebPage\",\"@id\":\"https:\/\/www.pfadilandshut.ch\/wordpress\/?p=333\",\"url\":\"https:\/\/www.pfadilandshut.ch\/wordpress\/?p=333\",\"name\":\"Fotos Fasnacht 2010 - Pfadilandshut.ch\",\"isPartOf\":{\"@id\":\"https:\/\/www.pfadilandshut.ch\/wordpress\/#website\"},\"datePublished\":\"2010-03-01T21:36:34+00:00\",\"dateModified\":\"2010-03-03T22:32:56+00:00\",\"author\":{\"@id\":\"https:\/\/www.pfadilandshut.ch\/wordpress\/#\/schema\/person\/df878e16d755d9e709d0cb043a95b136\"},\"breadcrumb\":{\"@id\":\"https:\/\/www.pfadilandshut.ch\/wordpress\/?p=333#breadcrumb\"},\"inLanguage\":\"de\",\"potentialAction\":[{\"@type\":\"ReadAction\",\"target\":[\"https:\/\/www.pfadilandshut.ch\/wordpress\/?p=333\"]}]},{\"@type\":\"BreadcrumbList\",\"@id\":\"https:\/\/www.pfadilandshut.ch\/wordpress\/?p=333#breadcrumb\",\"itemListElement\":[{\"@type\":\"ListItem\",\"position\":1,\"name\":\"Startseite\",\"item\":\"https:\/\/www.pfadilandshut.ch\/wordpress\/\"},{\"@type\":\"ListItem\",\"position\":2,\"name\":\"Fotos Fasnacht 2010\"}]},{\"@type\":\"WebSite\",\"@id\":\"https:\/\/www.pfadilandshut.ch\/wordpress\/#website\",\"url\":\"https:\/\/www.pfadilandshut.ch\/wordpress\/\",\"name\":\"Pfadilandshut.ch\",\"description\":\"Pfadi Abteilung aus B\u00e4tterkinden BE\",\"potentialAction\":[{\"@type\":\"SearchAction\",\"target\":{\"@type\":\"EntryPoint\",\"urlTemplate\":\"https:\/\/www.pfadilandshut.ch\/wordpress\/?s={search_term_string}\"},\"query-input\":\"required name=search_term_string\"}],\"inLanguage\":\"de\"},{\"@type\":\"Person\",\"@id\":\"https:\/\/www.pfadilandshut.ch\/wordpress\/#\/schema\/person\/df878e16d755d9e709d0cb043a95b136\",\"name\":\"AL\",\"image\":{\"@type\":\"ImageObject\",\"inLanguage\":\"de\",\"@id\":\"https:\/\/www.pfadilandshut.ch\/wordpress\/#\/schema\/person\/image\/\",\"url\":\"https:\/\/secure.gravatar.com\/avatar\/a650de07f9ecc35ade5285766e4ec29f?s=96&d=mm&r=g\",\"contentUrl\":\"https:\/\/secure.gravatar.com\/avatar\/a650de07f9ecc35ade5285766e4ec29f?s=96&d=mm&r=g\",\"caption\":\"AL\"},\"url\":\"https:\/\/www.pfadilandshut.ch\/wordpress\/?author=7\"}]}<\/script>\n<!-- \/ Yoast SEO plugin. -->","yoast_head_json":{"title":"Fotos Fasnacht 2010 - Pfadilandshut.ch","robots":{"index":"index","follow":"follow","max-snippet":"max-snippet:-1","max-image-preview":"max-image-preview:large","max-video-preview":"max-video-preview:-1"},"canonical":"https:\/\/www.pfadilandshut.ch\/wordpress\/?p=333","og_locale":"de_DE","og_type":"article","og_title":"Fotos Fasnacht 2010 - Pfadilandshut.ch","og_description":"Hoi z\u00e4me Meine Fotos von der Pfadi Landshut an der diesj\u00e4hrigen Fasnacht in B\u00e4tterkinden sind auf folgendem Link zu finden: http:\/\/picasaweb.google.ch\/mdicht\/Fasnacht2010_02_20?authkey=Gv1sRgCK6k966it6TiowE Alle meine Fotoalben der Pfadi Landshut seit 2002 findet Ihr auf: http:\/\/web81.jota.ibone.ch\/adagio\/fotos.htm Liebe Gr\u00fcsse Adagio","og_url":"https:\/\/www.pfadilandshut.ch\/wordpress\/?p=333","og_site_name":"Pfadilandshut.ch","article_published_time":"2010-03-01T21:36:34+00:00","article_modified_time":"2010-03-03T22:32:56+00:00","author":"AL","twitter_card":"summary_large_image","twitter_misc":{"Verfasst von":"AL"},"schema":{"@context":"https:\/\/schema.org","@graph":[{"@type":"WebPage","@id":"https:\/\/www.pfadilandshut.ch\/wordpress\/?p=333","url":"https:\/\/www.pfadilandshut.ch\/wordpress\/?p=333","name":"Fotos Fasnacht 2010 - Pfadilandshut.ch","isPartOf":{"@id":"https:\/\/www.pfadilandshut.ch\/wordpress\/#website"},"datePublished":"2010-03-01T21:36:34+00:00","dateModified":"2010-03-03T22:32:56+00:00","author":{"@id":"https:\/\/www.pfadilandshut.ch\/wordpress\/#\/schema\/person\/df878e16d755d9e709d0cb043a95b136"},"breadcrumb":{"@id":"https:\/\/www.pfadilandshut.ch\/wordpress\/?p=333#breadcrumb"},"inLanguage":"de","potentialAction":[{"@type":"ReadAction","target":["https:\/\/www.pfadilandshut.ch\/wordpress\/?p=333"]}]},{"@type":"BreadcrumbList","@id":"https:\/\/www.pfadilandshut.ch\/wordpress\/?p=333#breadcrumb","itemListElement":[{"@type":"ListItem","position":1,"name":"Startseite","item":"https:\/\/www.pfadilandshut.ch\/wordpress\/"},{"@type":"ListItem","position":2,"name":"Fotos Fasnacht 2010"}]},{"@type":"WebSite","@id":"https:\/\/www.pfadilandshut.ch\/wordpress\/#website","url":"https:\/\/www.pfadilandshut.ch\/wordpress\/","name":"Pfadilandshut.ch","description":"Pfadi Abteilung aus B\u00e4tterkinden BE","potentialAction":[{"@type":"SearchAction","target":{"@type":"EntryPoint","urlTemplate":"https:\/\/www.pfadilandshut.ch\/wordpress\/?s={search_term_string}"},"query-input":"required name=search_term_string"}],"inLanguage":"de"},{"@type":"Person","@id":"https:\/\/www.pfadilandshut.ch\/wordpress\/#\/schema\/person\/df878e16d755d9e709d0cb043a95b136","name":"AL","image":{"@type":"ImageObject","inLanguage":"de","@id":"https:\/\/www.pfadilandshut.ch\/wordpress\/#\/schema\/person\/image\/","url":"https:\/\/secure.gravatar.com\/avatar\/a650de07f9ecc35ade5285766e4ec29f?s=96&d=mm&r=g","contentUrl":"https:\/\/secure.gravatar.com\/avatar\/a650de07f9ecc35ade5285766e4ec29f?s=96&d=mm&r=g","caption":"AL"},"url":"https:\/\/www.pfadilandshut.ch\/wordpress\/?author=7"}]}},"_links":{"self":[{"href":"https:\/\/www.pfadilandshut.ch\/wordpress\/index.php?rest_route=\/wp\/v2\/posts\/333"}],"collection":[{"href":"https:\/\/www.pfadilandshut.ch\/wordpress\/index.php?rest_route=\/wp\/v2\/posts"}],"about":[{"href":"https:\/\/www.pfadilandshut.ch\/wordpress\/index.php?rest_route=\/wp\/v2\/types\/post"}],"author":[{"embeddable":true,"href":"https:\/\/www.pfadilandshut.ch\/wordpress\/index.php?rest_route=\/wp\/v2\/users\/7"}],"replies":[{"embeddable":true,"href":"https:\/\/www.pfadilandshut.ch\/wordpress\/index.php?rest_route=%2Fwp%2Fv2%2Fcomments&post=333"}],"version-history":[{"count":4,"href":"https:\/\/www.pfadilandshut.ch\/wordpress\/index.php?rest_route=\/wp\/v2\/posts\/333\/revisions"}],"predecessor-version":[{"id":336,"href":"https:\/\/www.pfadilandshut.ch\/wordpress\/index.php?rest_route=\/wp\/v2\/posts\/333\/revisions\/336"}],"wp:attachment":[{"href":"https:\/\/www.pfadilandshut.ch\/wordpress\/index.php?rest_route=%2Fwp%2Fv2%2Fmedia&parent=333"}],"wp:term":[{"taxonomy":"category","embeddable":true,"href":"https:\/\/www.pfadilandshut.ch\/wordpress\/index.php?rest_route=%2Fwp%2Fv2%2Fcategories&post=333"},{"taxonomy":"post_tag","embeddable":true,"href":"https:\/\/www.pfadilandshut.ch\/wordpress\/index.php?rest_route=%2Fwp%2Fv2%2Ftags&post=333"}],"curies":[{"name":"wp","href":"https:\/\/api.w.org\/{rel}","templated":true}]}}