{"id":356,"date":"2010-03-26T12:59:35","date_gmt":"2010-03-26T11:59:35","guid":{"rendered":"http:\/\/www.pfadilandshut.ch\/wordpress\/?p=356"},"modified":"2010-03-26T13:00:25","modified_gmt":"2010-03-26T12:00:25","slug":"auris-redaktionsschluss","status":"publish","type":"post","link":"https:\/\/www.pfadilandshut.ch\/wordpress\/?p=356","title":{"rendered":"AURIS-Redaktionsschluss"},"content":{"rendered":"<p>Bald ist es wieder soweit: Die Redaktion der gr\u00f6ssten Zeitung der Pfadi Landshut setzt sich an einen Tisch, um die Ausgabe Fr\u00fchling 2010 zusammenzustellen.<br \/>\nBis sp\u00e4testens 31. M\u00e4rz k\u00f6nnen noch Fotos, Texte, Ideen und andere Beitr\u00e4ge f\u00fcrs Auris an meine Email-Adresse adagio@vtxmail.ch geschickt werden.<\/p>\n<p>\u00dcbrigens: Wer Lust hat, bei der Auris-Redaktion mitzumachen, kann sich gerne ebenfalls bei mir melden!<\/p>\n<p>Pfadigruess<br \/>\nAdagio<\/p>\n","protected":false},"excerpt":{"rendered":"<p>Bald ist es wieder soweit: Die Redaktion der gr\u00f6ssten Zeitung der Pfadi Landshut setzt sich an einen Tisch, um die Ausgabe Fr\u00fchling 2010 zusammenzustellen. Bis sp\u00e4testens 31. M\u00e4rz k\u00f6nnen noch Fotos, Texte, Ideen und andere Beitr\u00e4ge f\u00fcrs Auris an meine Email-Adresse adagio@vtxmail.ch geschickt werden. \u00dcbrigens: Wer Lust hat, bei der Auris-Redaktion mitzumachen, kann sich gerne [&hellip;]<\/p>\n","protected":false},"author":7,"featured_media":0,"comment_status":"open","ping_status":"open","sticky":false,"template":"","format":"standard","meta":{"footnotes":""},"categories":[10,3],"tags":[24],"yoast_head":"<!-- This site is optimized with the Yoast SEO plugin v22.2 - https:\/\/yoast.com\/wordpress\/plugins\/seo\/ -->\n<title>AURIS-Redaktionsschluss - Pfadilandshut.ch<\/title>\n<meta name=\"robots\" content=\"index, follow, max-snippet:-1, max-image-preview:large, max-video-preview:-1\" \/>\n<link rel=\"canonical\" href=\"https:\/\/www.pfadilandshut.ch\/wordpress\/?p=356\" \/>\n<meta property=\"og:locale\" content=\"de_DE\" \/>\n<meta property=\"og:type\" content=\"article\" \/>\n<meta property=\"og:title\" content=\"AURIS-Redaktionsschluss - Pfadilandshut.ch\" \/>\n<meta property=\"og:description\" content=\"Bald ist es wieder soweit: Die Redaktion der gr\u00f6ssten Zeitung der Pfadi Landshut setzt sich an einen Tisch, um die Ausgabe Fr\u00fchling 2010 zusammenzustellen. Bis sp\u00e4testens 31. M\u00e4rz k\u00f6nnen noch Fotos, Texte, Ideen und andere Beitr\u00e4ge f\u00fcrs Auris an meine Email-Adresse adagio@vtxmail.ch geschickt werden. \u00dcbrigens: Wer Lust hat, bei der Auris-Redaktion mitzumachen, kann sich gerne [&hellip;]\" \/>\n<meta property=\"og:url\" content=\"https:\/\/www.pfadilandshut.ch\/wordpress\/?p=356\" \/>\n<meta property=\"og:site_name\" content=\"Pfadilandshut.ch\" \/>\n<meta property=\"article:published_time\" content=\"2010-03-26T11:59:35+00:00\" \/>\n<meta property=\"article:modified_time\" content=\"2010-03-26T12:00:25+00:00\" \/>\n<meta name=\"author\" content=\"AL\" \/>\n<meta name=\"twitter:card\" content=\"summary_large_image\" \/>\n<meta name=\"twitter:label1\" content=\"Verfasst von\" \/>\n\t<meta name=\"twitter:data1\" content=\"AL\" \/>\n<script type=\"application\/ld+json\" class=\"yoast-schema-graph\">{\"@context\":\"https:\/\/schema.org\",\"@graph\":[{\"@type\":\"WebPage\",\"@id\":\"https:\/\/www.pfadilandshut.ch\/wordpress\/?p=356\",\"url\":\"https:\/\/www.pfadilandshut.ch\/wordpress\/?p=356\",\"name\":\"AURIS-Redaktionsschluss - Pfadilandshut.ch\",\"isPartOf\":{\"@id\":\"https:\/\/www.pfadilandshut.ch\/wordpress\/#website\"},\"datePublished\":\"2010-03-26T11:59:35+00:00\",\"dateModified\":\"2010-03-26T12:00:25+00:00\",\"author\":{\"@id\":\"https:\/\/www.pfadilandshut.ch\/wordpress\/#\/schema\/person\/df878e16d755d9e709d0cb043a95b136\"},\"breadcrumb\":{\"@id\":\"https:\/\/www.pfadilandshut.ch\/wordpress\/?p=356#breadcrumb\"},\"inLanguage\":\"de\",\"potentialAction\":[{\"@type\":\"ReadAction\",\"target\":[\"https:\/\/www.pfadilandshut.ch\/wordpress\/?p=356\"]}]},{\"@type\":\"BreadcrumbList\",\"@id\":\"https:\/\/www.pfadilandshut.ch\/wordpress\/?p=356#breadcrumb\",\"itemListElement\":[{\"@type\":\"ListItem\",\"position\":1,\"name\":\"Startseite\",\"item\":\"https:\/\/www.pfadilandshut.ch\/wordpress\/\"},{\"@type\":\"ListItem\",\"position\":2,\"name\":\"AURIS-Redaktionsschluss\"}]},{\"@type\":\"WebSite\",\"@id\":\"https:\/\/www.pfadilandshut.ch\/wordpress\/#website\",\"url\":\"https:\/\/www.pfadilandshut.ch\/wordpress\/\",\"name\":\"Pfadilandshut.ch\",\"description\":\"Pfadi Abteilung aus B\u00e4tterkinden BE\",\"potentialAction\":[{\"@type\":\"SearchAction\",\"target\":{\"@type\":\"EntryPoint\",\"urlTemplate\":\"https:\/\/www.pfadilandshut.ch\/wordpress\/?s={search_term_string}\"},\"query-input\":\"required name=search_term_string\"}],\"inLanguage\":\"de\"},{\"@type\":\"Person\",\"@id\":\"https:\/\/www.pfadilandshut.ch\/wordpress\/#\/schema\/person\/df878e16d755d9e709d0cb043a95b136\",\"name\":\"AL\",\"image\":{\"@type\":\"ImageObject\",\"inLanguage\":\"de\",\"@id\":\"https:\/\/www.pfadilandshut.ch\/wordpress\/#\/schema\/person\/image\/\",\"url\":\"https:\/\/secure.gravatar.com\/avatar\/a650de07f9ecc35ade5285766e4ec29f?s=96&d=mm&r=g\",\"contentUrl\":\"https:\/\/secure.gravatar.com\/avatar\/a650de07f9ecc35ade5285766e4ec29f?s=96&d=mm&r=g\",\"caption\":\"AL\"},\"url\":\"https:\/\/www.pfadilandshut.ch\/wordpress\/?author=7\"}]}<\/script>\n<!-- \/ Yoast SEO plugin. -->","yoast_head_json":{"title":"AURIS-Redaktionsschluss - Pfadilandshut.ch","robots":{"index":"index","follow":"follow","max-snippet":"max-snippet:-1","max-image-preview":"max-image-preview:large","max-video-preview":"max-video-preview:-1"},"canonical":"https:\/\/www.pfadilandshut.ch\/wordpress\/?p=356","og_locale":"de_DE","og_type":"article","og_title":"AURIS-Redaktionsschluss - Pfadilandshut.ch","og_description":"Bald ist es wieder soweit: Die Redaktion der gr\u00f6ssten Zeitung der Pfadi Landshut setzt sich an einen Tisch, um die Ausgabe Fr\u00fchling 2010 zusammenzustellen. Bis sp\u00e4testens 31. M\u00e4rz k\u00f6nnen noch Fotos, Texte, Ideen und andere Beitr\u00e4ge f\u00fcrs Auris an meine Email-Adresse adagio@vtxmail.ch geschickt werden. \u00dcbrigens: Wer Lust hat, bei der Auris-Redaktion mitzumachen, kann sich gerne [&hellip;]","og_url":"https:\/\/www.pfadilandshut.ch\/wordpress\/?p=356","og_site_name":"Pfadilandshut.ch","article_published_time":"2010-03-26T11:59:35+00:00","article_modified_time":"2010-03-26T12:00:25+00:00","author":"AL","twitter_card":"summary_large_image","twitter_misc":{"Verfasst von":"AL"},"schema":{"@context":"https:\/\/schema.org","@graph":[{"@type":"WebPage","@id":"https:\/\/www.pfadilandshut.ch\/wordpress\/?p=356","url":"https:\/\/www.pfadilandshut.ch\/wordpress\/?p=356","name":"AURIS-Redaktionsschluss - Pfadilandshut.ch","isPartOf":{"@id":"https:\/\/www.pfadilandshut.ch\/wordpress\/#website"},"datePublished":"2010-03-26T11:59:35+00:00","dateModified":"2010-03-26T12:00:25+00:00","author":{"@id":"https:\/\/www.pfadilandshut.ch\/wordpress\/#\/schema\/person\/df878e16d755d9e709d0cb043a95b136"},"breadcrumb":{"@id":"https:\/\/www.pfadilandshut.ch\/wordpress\/?p=356#breadcrumb"},"inLanguage":"de","potentialAction":[{"@type":"ReadAction","target":["https:\/\/www.pfadilandshut.ch\/wordpress\/?p=356"]}]},{"@type":"BreadcrumbList","@id":"https:\/\/www.pfadilandshut.ch\/wordpress\/?p=356#breadcrumb","itemListElement":[{"@type":"ListItem","position":1,"name":"Startseite","item":"https:\/\/www.pfadilandshut.ch\/wordpress\/"},{"@type":"ListItem","position":2,"name":"AURIS-Redaktionsschluss"}]},{"@type":"WebSite","@id":"https:\/\/www.pfadilandshut.ch\/wordpress\/#website","url":"https:\/\/www.pfadilandshut.ch\/wordpress\/","name":"Pfadilandshut.ch","description":"Pfadi Abteilung aus B\u00e4tterkinden BE","potentialAction":[{"@type":"SearchAction","target":{"@type":"EntryPoint","urlTemplate":"https:\/\/www.pfadilandshut.ch\/wordpress\/?s={search_term_string}"},"query-input":"required name=search_term_string"}],"inLanguage":"de"},{"@type":"Person","@id":"https:\/\/www.pfadilandshut.ch\/wordpress\/#\/schema\/person\/df878e16d755d9e709d0cb043a95b136","name":"AL","image":{"@type":"ImageObject","inLanguage":"de","@id":"https:\/\/www.pfadilandshut.ch\/wordpress\/#\/schema\/person\/image\/","url":"https:\/\/secure.gravatar.com\/avatar\/a650de07f9ecc35ade5285766e4ec29f?s=96&d=mm&r=g","contentUrl":"https:\/\/secure.gravatar.com\/avatar\/a650de07f9ecc35ade5285766e4ec29f?s=96&d=mm&r=g","caption":"AL"},"url":"https:\/\/www.pfadilandshut.ch\/wordpress\/?author=7"}]}},"_links":{"self":[{"href":"https:\/\/www.pfadilandshut.ch\/wordpress\/index.php?rest_route=\/wp\/v2\/posts\/356"}],"collection":[{"href":"https:\/\/www.pfadilandshut.ch\/wordpress\/index.php?rest_route=\/wp\/v2\/posts"}],"about":[{"href":"https:\/\/www.pfadilandshut.ch\/wordpress\/index.php?rest_route=\/wp\/v2\/types\/post"}],"author":[{"embeddable":true,"href":"https:\/\/www.pfadilandshut.ch\/wordpress\/index.php?rest_route=\/wp\/v2\/users\/7"}],"replies":[{"embeddable":true,"href":"https:\/\/www.pfadilandshut.ch\/wordpress\/index.php?rest_route=%2Fwp%2Fv2%2Fcomments&post=356"}],"version-history":[{"count":2,"href":"https:\/\/www.pfadilandshut.ch\/wordpress\/index.php?rest_route=\/wp\/v2\/posts\/356\/revisions"}],"predecessor-version":[{"id":358,"href":"https:\/\/www.pfadilandshut.ch\/wordpress\/index.php?rest_route=\/wp\/v2\/posts\/356\/revisions\/358"}],"wp:attachment":[{"href":"https:\/\/www.pfadilandshut.ch\/wordpress\/index.php?rest_route=%2Fwp%2Fv2%2Fmedia&parent=356"}],"wp:term":[{"taxonomy":"category","embeddable":true,"href":"https:\/\/www.pfadilandshut.ch\/wordpress\/index.php?rest_route=%2Fwp%2Fv2%2Fcategories&post=356"},{"taxonomy":"post_tag","embeddable":true,"href":"https:\/\/www.pfadilandshut.ch\/wordpress\/index.php?rest_route=%2Fwp%2Fv2%2Ftags&post=356"}],"curies":[{"name":"wp","href":"https:\/\/api.w.org\/{rel}","templated":true}]}}