{"id":359,"date":"2010-04-10T11:32:10","date_gmt":"2010-04-10T10:32:10","guid":{"rendered":"http:\/\/www.pfadilandshut.ch\/wordpress\/?p=359"},"modified":"2010-04-16T18:59:55","modified_gmt":"2010-04-16T17:59:55","slug":"abteilungs-tag-24-april-2010","status":"publish","type":"post","link":"https:\/\/www.pfadilandshut.ch\/wordpress\/?p=359","title":{"rendered":"Abteilungs-Tag 24. April 2010"},"content":{"rendered":"<p>Liebe Biber, W\u00f6lfe, Pfader, Jungvenner und Venner<\/p>\n<p>Am 24. April 2010 findet wieder der j\u00e4hrliche Abteilungstag statt&#8230;<\/p>\n<p><a href=\"http:\/\/www.pfadilandshut.ch\/wordpress\/wp-content\/uploads\/2010\/04\/Abteilungstag-Einladung-2010.pdf\">Abteilungstag-Einladung 2010<\/a><\/p>\n<p>Diesen Anlass d\u00fcrf ihr nicht verpassen&#8230; Warum? Das werder ihr an diesen Tag sehen \ud83d\ude42<\/p>\n<p>Bis Bald<\/p>\n","protected":false},"excerpt":{"rendered":"<p>Liebe Biber, W\u00f6lfe, Pfader, Jungvenner und Venner Am 24. April 2010 findet wieder der j\u00e4hrliche Abteilungstag statt&#8230; Abteilungstag-Einladung 2010 Diesen Anlass d\u00fcrf ihr nicht verpassen&#8230; Warum? Das werder ihr an diesen Tag sehen \ud83d\ude42 Bis Bald<\/p>\n","protected":false},"author":7,"featured_media":0,"comment_status":"open","ping_status":"open","sticky":false,"template":"","format":"standard","meta":{"footnotes":""},"categories":[4,5,6],"tags":[],"yoast_head":"<!-- This site is optimized with the Yoast SEO plugin v22.2 - https:\/\/yoast.com\/wordpress\/plugins\/seo\/ -->\n<title>Abteilungs-Tag 24. April 2010 - Pfadilandshut.ch<\/title>\n<meta name=\"robots\" content=\"index, follow, max-snippet:-1, max-image-preview:large, max-video-preview:-1\" \/>\n<link rel=\"canonical\" href=\"https:\/\/www.pfadilandshut.ch\/wordpress\/?p=359\" \/>\n<meta property=\"og:locale\" content=\"de_DE\" \/>\n<meta property=\"og:type\" content=\"article\" \/>\n<meta property=\"og:title\" content=\"Abteilungs-Tag 24. April 2010 - Pfadilandshut.ch\" \/>\n<meta property=\"og:description\" content=\"Liebe Biber, W\u00f6lfe, Pfader, Jungvenner und Venner Am 24. April 2010 findet wieder der j\u00e4hrliche Abteilungstag statt&#8230; Abteilungstag-Einladung 2010 Diesen Anlass d\u00fcrf ihr nicht verpassen&#8230; Warum? Das werder ihr an diesen Tag sehen \ud83d\ude42 Bis Bald\" \/>\n<meta property=\"og:url\" content=\"https:\/\/www.pfadilandshut.ch\/wordpress\/?p=359\" \/>\n<meta property=\"og:site_name\" content=\"Pfadilandshut.ch\" \/>\n<meta property=\"article:published_time\" content=\"2010-04-10T10:32:10+00:00\" \/>\n<meta property=\"article:modified_time\" content=\"2010-04-16T17:59:55+00:00\" \/>\n<meta name=\"author\" content=\"AL\" \/>\n<meta name=\"twitter:card\" content=\"summary_large_image\" \/>\n<meta name=\"twitter:label1\" content=\"Verfasst von\" \/>\n\t<meta name=\"twitter:data1\" content=\"AL\" \/>\n<script type=\"application\/ld+json\" class=\"yoast-schema-graph\">{\"@context\":\"https:\/\/schema.org\",\"@graph\":[{\"@type\":\"WebPage\",\"@id\":\"https:\/\/www.pfadilandshut.ch\/wordpress\/?p=359\",\"url\":\"https:\/\/www.pfadilandshut.ch\/wordpress\/?p=359\",\"name\":\"Abteilungs-Tag 24. April 2010 - Pfadilandshut.ch\",\"isPartOf\":{\"@id\":\"https:\/\/www.pfadilandshut.ch\/wordpress\/#website\"},\"datePublished\":\"2010-04-10T10:32:10+00:00\",\"dateModified\":\"2010-04-16T17:59:55+00:00\",\"author\":{\"@id\":\"https:\/\/www.pfadilandshut.ch\/wordpress\/#\/schema\/person\/df878e16d755d9e709d0cb043a95b136\"},\"breadcrumb\":{\"@id\":\"https:\/\/www.pfadilandshut.ch\/wordpress\/?p=359#breadcrumb\"},\"inLanguage\":\"de\",\"potentialAction\":[{\"@type\":\"ReadAction\",\"target\":[\"https:\/\/www.pfadilandshut.ch\/wordpress\/?p=359\"]}]},{\"@type\":\"BreadcrumbList\",\"@id\":\"https:\/\/www.pfadilandshut.ch\/wordpress\/?p=359#breadcrumb\",\"itemListElement\":[{\"@type\":\"ListItem\",\"position\":1,\"name\":\"Startseite\",\"item\":\"https:\/\/www.pfadilandshut.ch\/wordpress\/\"},{\"@type\":\"ListItem\",\"position\":2,\"name\":\"Abteilungs-Tag 24. April 2010\"}]},{\"@type\":\"WebSite\",\"@id\":\"https:\/\/www.pfadilandshut.ch\/wordpress\/#website\",\"url\":\"https:\/\/www.pfadilandshut.ch\/wordpress\/\",\"name\":\"Pfadilandshut.ch\",\"description\":\"Pfadi Abteilung aus B\u00e4tterkinden BE\",\"potentialAction\":[{\"@type\":\"SearchAction\",\"target\":{\"@type\":\"EntryPoint\",\"urlTemplate\":\"https:\/\/www.pfadilandshut.ch\/wordpress\/?s={search_term_string}\"},\"query-input\":\"required name=search_term_string\"}],\"inLanguage\":\"de\"},{\"@type\":\"Person\",\"@id\":\"https:\/\/www.pfadilandshut.ch\/wordpress\/#\/schema\/person\/df878e16d755d9e709d0cb043a95b136\",\"name\":\"AL\",\"image\":{\"@type\":\"ImageObject\",\"inLanguage\":\"de\",\"@id\":\"https:\/\/www.pfadilandshut.ch\/wordpress\/#\/schema\/person\/image\/\",\"url\":\"https:\/\/secure.gravatar.com\/avatar\/a650de07f9ecc35ade5285766e4ec29f?s=96&d=mm&r=g\",\"contentUrl\":\"https:\/\/secure.gravatar.com\/avatar\/a650de07f9ecc35ade5285766e4ec29f?s=96&d=mm&r=g\",\"caption\":\"AL\"},\"url\":\"https:\/\/www.pfadilandshut.ch\/wordpress\/?author=7\"}]}<\/script>\n<!-- \/ Yoast SEO plugin. -->","yoast_head_json":{"title":"Abteilungs-Tag 24. April 2010 - Pfadilandshut.ch","robots":{"index":"index","follow":"follow","max-snippet":"max-snippet:-1","max-image-preview":"max-image-preview:large","max-video-preview":"max-video-preview:-1"},"canonical":"https:\/\/www.pfadilandshut.ch\/wordpress\/?p=359","og_locale":"de_DE","og_type":"article","og_title":"Abteilungs-Tag 24. April 2010 - Pfadilandshut.ch","og_description":"Liebe Biber, W\u00f6lfe, Pfader, Jungvenner und Venner Am 24. April 2010 findet wieder der j\u00e4hrliche Abteilungstag statt&#8230; Abteilungstag-Einladung 2010 Diesen Anlass d\u00fcrf ihr nicht verpassen&#8230; Warum? Das werder ihr an diesen Tag sehen \ud83d\ude42 Bis Bald","og_url":"https:\/\/www.pfadilandshut.ch\/wordpress\/?p=359","og_site_name":"Pfadilandshut.ch","article_published_time":"2010-04-10T10:32:10+00:00","article_modified_time":"2010-04-16T17:59:55+00:00","author":"AL","twitter_card":"summary_large_image","twitter_misc":{"Verfasst von":"AL"},"schema":{"@context":"https:\/\/schema.org","@graph":[{"@type":"WebPage","@id":"https:\/\/www.pfadilandshut.ch\/wordpress\/?p=359","url":"https:\/\/www.pfadilandshut.ch\/wordpress\/?p=359","name":"Abteilungs-Tag 24. April 2010 - Pfadilandshut.ch","isPartOf":{"@id":"https:\/\/www.pfadilandshut.ch\/wordpress\/#website"},"datePublished":"2010-04-10T10:32:10+00:00","dateModified":"2010-04-16T17:59:55+00:00","author":{"@id":"https:\/\/www.pfadilandshut.ch\/wordpress\/#\/schema\/person\/df878e16d755d9e709d0cb043a95b136"},"breadcrumb":{"@id":"https:\/\/www.pfadilandshut.ch\/wordpress\/?p=359#breadcrumb"},"inLanguage":"de","potentialAction":[{"@type":"ReadAction","target":["https:\/\/www.pfadilandshut.ch\/wordpress\/?p=359"]}]},{"@type":"BreadcrumbList","@id":"https:\/\/www.pfadilandshut.ch\/wordpress\/?p=359#breadcrumb","itemListElement":[{"@type":"ListItem","position":1,"name":"Startseite","item":"https:\/\/www.pfadilandshut.ch\/wordpress\/"},{"@type":"ListItem","position":2,"name":"Abteilungs-Tag 24. April 2010"}]},{"@type":"WebSite","@id":"https:\/\/www.pfadilandshut.ch\/wordpress\/#website","url":"https:\/\/www.pfadilandshut.ch\/wordpress\/","name":"Pfadilandshut.ch","description":"Pfadi Abteilung aus B\u00e4tterkinden BE","potentialAction":[{"@type":"SearchAction","target":{"@type":"EntryPoint","urlTemplate":"https:\/\/www.pfadilandshut.ch\/wordpress\/?s={search_term_string}"},"query-input":"required name=search_term_string"}],"inLanguage":"de"},{"@type":"Person","@id":"https:\/\/www.pfadilandshut.ch\/wordpress\/#\/schema\/person\/df878e16d755d9e709d0cb043a95b136","name":"AL","image":{"@type":"ImageObject","inLanguage":"de","@id":"https:\/\/www.pfadilandshut.ch\/wordpress\/#\/schema\/person\/image\/","url":"https:\/\/secure.gravatar.com\/avatar\/a650de07f9ecc35ade5285766e4ec29f?s=96&d=mm&r=g","contentUrl":"https:\/\/secure.gravatar.com\/avatar\/a650de07f9ecc35ade5285766e4ec29f?s=96&d=mm&r=g","caption":"AL"},"url":"https:\/\/www.pfadilandshut.ch\/wordpress\/?author=7"}]}},"_links":{"self":[{"href":"https:\/\/www.pfadilandshut.ch\/wordpress\/index.php?rest_route=\/wp\/v2\/posts\/359"}],"collection":[{"href":"https:\/\/www.pfadilandshut.ch\/wordpress\/index.php?rest_route=\/wp\/v2\/posts"}],"about":[{"href":"https:\/\/www.pfadilandshut.ch\/wordpress\/index.php?rest_route=\/wp\/v2\/types\/post"}],"author":[{"embeddable":true,"href":"https:\/\/www.pfadilandshut.ch\/wordpress\/index.php?rest_route=\/wp\/v2\/users\/7"}],"replies":[{"embeddable":true,"href":"https:\/\/www.pfadilandshut.ch\/wordpress\/index.php?rest_route=%2Fwp%2Fv2%2Fcomments&post=359"}],"version-history":[{"count":3,"href":"https:\/\/www.pfadilandshut.ch\/wordpress\/index.php?rest_route=\/wp\/v2\/posts\/359\/revisions"}],"predecessor-version":[{"id":364,"href":"https:\/\/www.pfadilandshut.ch\/wordpress\/index.php?rest_route=\/wp\/v2\/posts\/359\/revisions\/364"}],"wp:attachment":[{"href":"https:\/\/www.pfadilandshut.ch\/wordpress\/index.php?rest_route=%2Fwp%2Fv2%2Fmedia&parent=359"}],"wp:term":[{"taxonomy":"category","embeddable":true,"href":"https:\/\/www.pfadilandshut.ch\/wordpress\/index.php?rest_route=%2Fwp%2Fv2%2Fcategories&post=359"},{"taxonomy":"post_tag","embeddable":true,"href":"https:\/\/www.pfadilandshut.ch\/wordpress\/index.php?rest_route=%2Fwp%2Fv2%2Ftags&post=359"}],"curies":[{"name":"wp","href":"https:\/\/api.w.org\/{rel}","templated":true}]}}