{"id":631,"date":"2013-09-01T10:41:45","date_gmt":"2013-09-01T09:41:45","guid":{"rendered":"http:\/\/www.pfadilandshut.ch\/wordpress\/?p=631"},"modified":"2013-09-01T10:41:45","modified_gmt":"2013-09-01T09:41:45","slug":"ubung-der-wolfe-vom-samstag-31-8-13","status":"publish","type":"post","link":"https:\/\/www.pfadilandshut.ch\/wordpress\/?p=631","title":{"rendered":"\u00dcbung der W\u00f6lfe vom Samstag 31.8.13"},"content":{"rendered":"<p>&nbsp;<\/p>\n<p>Am Samstagnachmittag trafen sich 10 W\u00f6lfe f\u00fcr die \u00dcbung. Den Nachmittag starteten wir mit einem amerikanischen Sitzball, bei dem sich die W\u00f6lfe und Leiter verausgabten. Sp\u00e4ter teilten wir die Kinder in Gruppen ein und sie starteten einen Postenlauf. An einem Posten legten die Kinder ein Waldmosaik (Siehe Fotos) an weiteren Posten konnten die Kinder basteln, ihr wissen \u00fcber erste Hilfe testen, ihre Geschicklichkeit testen und Gesellschaftsspiele spielen. Nach dem die Posten gemacht waren, liessen wir den Nachmittag mit einem Z&#8217;vieri ausklingen.<\/p>\n<p>Es war ein toller und abwechslungsreicher Nachmittag. (:<\/p>\n<p style=\"text-align: center\">\u00a0 \u00a0 \u00a0 \u00a0 \u00a0 \u00a0 \u00a0 \u00a0 \u00a0 \u00a0 \u00a0 \u00a0 \u00a0 \u00a0 \u00a0 \u00a0 \u00a0 \u00a0 \u00a0 \u00a0 \u00a0 \u00a0 \u00a0 \u00a0 \u00a0 \u00a0 \u00a0 \u00a0 \u00a0 \u00a0 \u00a0 \u00a0 \u00a0 \u00a0 \u00a0 \u00a0 \u00a0 \u00a0 \u00a0 \u00a0 \u00a0 \u00a0 \u00a0 \u00a0 \u00a0 \u00a0 \u00a0 \u00a0 \u00a0 \u00a0 \u00a0 \u00a0 \u00a0 \u00a0 \u00a0 \u00a0<a href=\"http:\/\/www.pfadilandshut.ch\/wordpress\/?attachment_id=632\" rel=\"attachment wp-att-632\"><img loading=\"lazy\" decoding=\"async\" class=\"alignnone size-medium wp-image-632\" alt=\"IMG-20130831-WA0000\" src=\"http:\/\/www.pfadilandshut.ch\/wordpress\/wp-content\/uploads\/2013\/09\/IMG-20130831-WA0000-168x300.jpg\" width=\"168\" height=\"300\" srcset=\"https:\/\/www.pfadilandshut.ch\/wordpress\/wp-content\/uploads\/2013\/09\/IMG-20130831-WA0000-168x300.jpg 168w, https:\/\/www.pfadilandshut.ch\/wordpress\/wp-content\/uploads\/2013\/09\/IMG-20130831-WA0000.jpg 450w\" sizes=\"(max-width: 168px) 100vw, 168px\" \/><\/a>\u00a0 \u00a0 \u00a0 \u00a0<a href=\"http:\/\/www.pfadilandshut.ch\/wordpress\/?attachment_id=633\" rel=\"attachment wp-att-633\"><img loading=\"lazy\" decoding=\"async\" class=\"alignnone size-medium wp-image-633\" alt=\"IMG-20130831-WA0002\" src=\"http:\/\/www.pfadilandshut.ch\/wordpress\/wp-content\/uploads\/2013\/09\/IMG-20130831-WA0002-168x300.jpg\" width=\"168\" height=\"300\" srcset=\"https:\/\/www.pfadilandshut.ch\/wordpress\/wp-content\/uploads\/2013\/09\/IMG-20130831-WA0002-168x300.jpg 168w, https:\/\/www.pfadilandshut.ch\/wordpress\/wp-content\/uploads\/2013\/09\/IMG-20130831-WA0002.jpg 450w\" sizes=\"(max-width: 168px) 100vw, 168px\" \/><\/a><\/p>\n<p>\u00a0 \u00a0 \u00a0 \u00a0 \u00a0 \u00a0 \u00a0 \u00a0 \u00a0 \u00a0 \u00a0 \u00a0 \u00a0 \u00a0 \u00a0 \u00a0 \u00a0 \u00a0<a href=\"http:\/\/www.pfadilandshut.ch\/wordpress\/?attachment_id=634\" rel=\"attachment wp-att-634\">\u00a0\u00a0 \u00a0\u00a0\u00a0<img loading=\"lazy\" decoding=\"async\" class=\"size-medium wp-image-634 aligncenter\" alt=\"IMG-20130831-WA0001\" src=\"http:\/\/www.pfadilandshut.ch\/wordpress\/wp-content\/uploads\/2013\/09\/IMG-20130831-WA0001-168x300.jpg\" width=\"168\" height=\"300\" srcset=\"https:\/\/www.pfadilandshut.ch\/wordpress\/wp-content\/uploads\/2013\/09\/IMG-20130831-WA0001-168x300.jpg 168w, https:\/\/www.pfadilandshut.ch\/wordpress\/wp-content\/uploads\/2013\/09\/IMG-20130831-WA0001.jpg 450w\" sizes=\"(max-width: 168px) 100vw, 168px\" \/><\/a><\/p>\n","protected":false},"excerpt":{"rendered":"<p>&nbsp; Am Samstagnachmittag trafen sich 10 W\u00f6lfe f\u00fcr die \u00dcbung. Den Nachmittag starteten wir mit einem amerikanischen Sitzball, bei dem sich die W\u00f6lfe und Leiter verausgabten. Sp\u00e4ter teilten wir die Kinder in Gruppen ein und sie starteten einen Postenlauf. An einem Posten legten die Kinder ein Waldmosaik (Siehe Fotos) an weiteren Posten konnten die Kinder [&hellip;]<\/p>\n","protected":false},"author":5,"featured_media":0,"comment_status":"open","ping_status":"open","sticky":false,"template":"","format":"standard","meta":{"footnotes":""},"categories":[6],"tags":[],"yoast_head":"<!-- This site is optimized with the Yoast SEO plugin v22.2 - https:\/\/yoast.com\/wordpress\/plugins\/seo\/ -->\n<title>\u00dcbung der W\u00f6lfe vom Samstag 31.8.13 - Pfadilandshut.ch<\/title>\n<meta name=\"robots\" content=\"index, follow, max-snippet:-1, max-image-preview:large, max-video-preview:-1\" \/>\n<link rel=\"canonical\" href=\"https:\/\/www.pfadilandshut.ch\/wordpress\/?p=631\" \/>\n<meta property=\"og:locale\" content=\"de_DE\" \/>\n<meta property=\"og:type\" content=\"article\" \/>\n<meta property=\"og:title\" content=\"\u00dcbung der W\u00f6lfe vom Samstag 31.8.13 - Pfadilandshut.ch\" \/>\n<meta property=\"og:description\" content=\"&nbsp; Am Samstagnachmittag trafen sich 10 W\u00f6lfe f\u00fcr die \u00dcbung. Den Nachmittag starteten wir mit einem amerikanischen Sitzball, bei dem sich die W\u00f6lfe und Leiter verausgabten. Sp\u00e4ter teilten wir die Kinder in Gruppen ein und sie starteten einen Postenlauf. An einem Posten legten die Kinder ein Waldmosaik (Siehe Fotos) an weiteren Posten konnten die Kinder [&hellip;]\" \/>\n<meta property=\"og:url\" content=\"https:\/\/www.pfadilandshut.ch\/wordpress\/?p=631\" \/>\n<meta property=\"og:site_name\" content=\"Pfadilandshut.ch\" \/>\n<meta property=\"article:published_time\" content=\"2013-09-01T09:41:45+00:00\" \/>\n<meta property=\"og:image\" content=\"http:\/\/www.pfadilandshut.ch\/wordpress\/wp-content\/uploads\/2013\/09\/IMG-20130831-WA0000-168x300.jpg\" \/>\n<meta name=\"author\" content=\"Leiter\" \/>\n<meta name=\"twitter:card\" content=\"summary_large_image\" \/>\n<meta name=\"twitter:label1\" content=\"Verfasst von\" \/>\n\t<meta name=\"twitter:data1\" content=\"Leiter\" \/>\n<script type=\"application\/ld+json\" class=\"yoast-schema-graph\">{\"@context\":\"https:\/\/schema.org\",\"@graph\":[{\"@type\":\"WebPage\",\"@id\":\"https:\/\/www.pfadilandshut.ch\/wordpress\/?p=631\",\"url\":\"https:\/\/www.pfadilandshut.ch\/wordpress\/?p=631\",\"name\":\"\u00dcbung der W\u00f6lfe vom Samstag 31.8.13 - Pfadilandshut.ch\",\"isPartOf\":{\"@id\":\"https:\/\/www.pfadilandshut.ch\/wordpress\/#website\"},\"primaryImageOfPage\":{\"@id\":\"https:\/\/www.pfadilandshut.ch\/wordpress\/?p=631#primaryimage\"},\"image\":{\"@id\":\"https:\/\/www.pfadilandshut.ch\/wordpress\/?p=631#primaryimage\"},\"thumbnailUrl\":\"http:\/\/www.pfadilandshut.ch\/wordpress\/wp-content\/uploads\/2013\/09\/IMG-20130831-WA0000-168x300.jpg\",\"datePublished\":\"2013-09-01T09:41:45+00:00\",\"dateModified\":\"2013-09-01T09:41:45+00:00\",\"author\":{\"@id\":\"https:\/\/www.pfadilandshut.ch\/wordpress\/#\/schema\/person\/73a04e42fdd26bf56614c5e4a983e2e4\"},\"breadcrumb\":{\"@id\":\"https:\/\/www.pfadilandshut.ch\/wordpress\/?p=631#breadcrumb\"},\"inLanguage\":\"de\",\"potentialAction\":[{\"@type\":\"ReadAction\",\"target\":[\"https:\/\/www.pfadilandshut.ch\/wordpress\/?p=631\"]}]},{\"@type\":\"ImageObject\",\"inLanguage\":\"de\",\"@id\":\"https:\/\/www.pfadilandshut.ch\/wordpress\/?p=631#primaryimage\",\"url\":\"http:\/\/www.pfadilandshut.ch\/wordpress\/wp-content\/uploads\/2013\/09\/IMG-20130831-WA0000-168x300.jpg\",\"contentUrl\":\"http:\/\/www.pfadilandshut.ch\/wordpress\/wp-content\/uploads\/2013\/09\/IMG-20130831-WA0000-168x300.jpg\"},{\"@type\":\"BreadcrumbList\",\"@id\":\"https:\/\/www.pfadilandshut.ch\/wordpress\/?p=631#breadcrumb\",\"itemListElement\":[{\"@type\":\"ListItem\",\"position\":1,\"name\":\"Startseite\",\"item\":\"https:\/\/www.pfadilandshut.ch\/wordpress\/\"},{\"@type\":\"ListItem\",\"position\":2,\"name\":\"\u00dcbung der W\u00f6lfe vom Samstag 31.8.13\"}]},{\"@type\":\"WebSite\",\"@id\":\"https:\/\/www.pfadilandshut.ch\/wordpress\/#website\",\"url\":\"https:\/\/www.pfadilandshut.ch\/wordpress\/\",\"name\":\"Pfadilandshut.ch\",\"description\":\"Pfadi Abteilung aus B\u00e4tterkinden BE\",\"potentialAction\":[{\"@type\":\"SearchAction\",\"target\":{\"@type\":\"EntryPoint\",\"urlTemplate\":\"https:\/\/www.pfadilandshut.ch\/wordpress\/?s={search_term_string}\"},\"query-input\":\"required name=search_term_string\"}],\"inLanguage\":\"de\"},{\"@type\":\"Person\",\"@id\":\"https:\/\/www.pfadilandshut.ch\/wordpress\/#\/schema\/person\/73a04e42fdd26bf56614c5e4a983e2e4\",\"name\":\"Leiter\",\"image\":{\"@type\":\"ImageObject\",\"inLanguage\":\"de\",\"@id\":\"https:\/\/www.pfadilandshut.ch\/wordpress\/#\/schema\/person\/image\/\",\"url\":\"https:\/\/secure.gravatar.com\/avatar\/a499af3e0a67c3e44221bee8544bf8b0?s=96&d=mm&r=g\",\"contentUrl\":\"https:\/\/secure.gravatar.com\/avatar\/a499af3e0a67c3e44221bee8544bf8b0?s=96&d=mm&r=g\",\"caption\":\"Leiter\"},\"sameAs\":[\"http:\/\/www.pfadilandshut.ch\"],\"url\":\"https:\/\/www.pfadilandshut.ch\/wordpress\/?author=5\"}]}<\/script>\n<!-- \/ Yoast SEO plugin. -->","yoast_head_json":{"title":"\u00dcbung der W\u00f6lfe vom Samstag 31.8.13 - Pfadilandshut.ch","robots":{"index":"index","follow":"follow","max-snippet":"max-snippet:-1","max-image-preview":"max-image-preview:large","max-video-preview":"max-video-preview:-1"},"canonical":"https:\/\/www.pfadilandshut.ch\/wordpress\/?p=631","og_locale":"de_DE","og_type":"article","og_title":"\u00dcbung der W\u00f6lfe vom Samstag 31.8.13 - Pfadilandshut.ch","og_description":"&nbsp; Am Samstagnachmittag trafen sich 10 W\u00f6lfe f\u00fcr die \u00dcbung. Den Nachmittag starteten wir mit einem amerikanischen Sitzball, bei dem sich die W\u00f6lfe und Leiter verausgabten. Sp\u00e4ter teilten wir die Kinder in Gruppen ein und sie starteten einen Postenlauf. An einem Posten legten die Kinder ein Waldmosaik (Siehe Fotos) an weiteren Posten konnten die Kinder [&hellip;]","og_url":"https:\/\/www.pfadilandshut.ch\/wordpress\/?p=631","og_site_name":"Pfadilandshut.ch","article_published_time":"2013-09-01T09:41:45+00:00","og_image":[{"url":"http:\/\/www.pfadilandshut.ch\/wordpress\/wp-content\/uploads\/2013\/09\/IMG-20130831-WA0000-168x300.jpg"}],"author":"Leiter","twitter_card":"summary_large_image","twitter_misc":{"Verfasst von":"Leiter"},"schema":{"@context":"https:\/\/schema.org","@graph":[{"@type":"WebPage","@id":"https:\/\/www.pfadilandshut.ch\/wordpress\/?p=631","url":"https:\/\/www.pfadilandshut.ch\/wordpress\/?p=631","name":"\u00dcbung der W\u00f6lfe vom Samstag 31.8.13 - Pfadilandshut.ch","isPartOf":{"@id":"https:\/\/www.pfadilandshut.ch\/wordpress\/#website"},"primaryImageOfPage":{"@id":"https:\/\/www.pfadilandshut.ch\/wordpress\/?p=631#primaryimage"},"image":{"@id":"https:\/\/www.pfadilandshut.ch\/wordpress\/?p=631#primaryimage"},"thumbnailUrl":"http:\/\/www.pfadilandshut.ch\/wordpress\/wp-content\/uploads\/2013\/09\/IMG-20130831-WA0000-168x300.jpg","datePublished":"2013-09-01T09:41:45+00:00","dateModified":"2013-09-01T09:41:45+00:00","author":{"@id":"https:\/\/www.pfadilandshut.ch\/wordpress\/#\/schema\/person\/73a04e42fdd26bf56614c5e4a983e2e4"},"breadcrumb":{"@id":"https:\/\/www.pfadilandshut.ch\/wordpress\/?p=631#breadcrumb"},"inLanguage":"de","potentialAction":[{"@type":"ReadAction","target":["https:\/\/www.pfadilandshut.ch\/wordpress\/?p=631"]}]},{"@type":"ImageObject","inLanguage":"de","@id":"https:\/\/www.pfadilandshut.ch\/wordpress\/?p=631#primaryimage","url":"http:\/\/www.pfadilandshut.ch\/wordpress\/wp-content\/uploads\/2013\/09\/IMG-20130831-WA0000-168x300.jpg","contentUrl":"http:\/\/www.pfadilandshut.ch\/wordpress\/wp-content\/uploads\/2013\/09\/IMG-20130831-WA0000-168x300.jpg"},{"@type":"BreadcrumbList","@id":"https:\/\/www.pfadilandshut.ch\/wordpress\/?p=631#breadcrumb","itemListElement":[{"@type":"ListItem","position":1,"name":"Startseite","item":"https:\/\/www.pfadilandshut.ch\/wordpress\/"},{"@type":"ListItem","position":2,"name":"\u00dcbung der W\u00f6lfe vom Samstag 31.8.13"}]},{"@type":"WebSite","@id":"https:\/\/www.pfadilandshut.ch\/wordpress\/#website","url":"https:\/\/www.pfadilandshut.ch\/wordpress\/","name":"Pfadilandshut.ch","description":"Pfadi Abteilung aus B\u00e4tterkinden BE","potentialAction":[{"@type":"SearchAction","target":{"@type":"EntryPoint","urlTemplate":"https:\/\/www.pfadilandshut.ch\/wordpress\/?s={search_term_string}"},"query-input":"required name=search_term_string"}],"inLanguage":"de"},{"@type":"Person","@id":"https:\/\/www.pfadilandshut.ch\/wordpress\/#\/schema\/person\/73a04e42fdd26bf56614c5e4a983e2e4","name":"Leiter","image":{"@type":"ImageObject","inLanguage":"de","@id":"https:\/\/www.pfadilandshut.ch\/wordpress\/#\/schema\/person\/image\/","url":"https:\/\/secure.gravatar.com\/avatar\/a499af3e0a67c3e44221bee8544bf8b0?s=96&d=mm&r=g","contentUrl":"https:\/\/secure.gravatar.com\/avatar\/a499af3e0a67c3e44221bee8544bf8b0?s=96&d=mm&r=g","caption":"Leiter"},"sameAs":["http:\/\/www.pfadilandshut.ch"],"url":"https:\/\/www.pfadilandshut.ch\/wordpress\/?author=5"}]}},"_links":{"self":[{"href":"https:\/\/www.pfadilandshut.ch\/wordpress\/index.php?rest_route=\/wp\/v2\/posts\/631"}],"collection":[{"href":"https:\/\/www.pfadilandshut.ch\/wordpress\/index.php?rest_route=\/wp\/v2\/posts"}],"about":[{"href":"https:\/\/www.pfadilandshut.ch\/wordpress\/index.php?rest_route=\/wp\/v2\/types\/post"}],"author":[{"embeddable":true,"href":"https:\/\/www.pfadilandshut.ch\/wordpress\/index.php?rest_route=\/wp\/v2\/users\/5"}],"replies":[{"embeddable":true,"href":"https:\/\/www.pfadilandshut.ch\/wordpress\/index.php?rest_route=%2Fwp%2Fv2%2Fcomments&post=631"}],"version-history":[{"count":4,"href":"https:\/\/www.pfadilandshut.ch\/wordpress\/index.php?rest_route=\/wp\/v2\/posts\/631\/revisions"}],"predecessor-version":[{"id":638,"href":"https:\/\/www.pfadilandshut.ch\/wordpress\/index.php?rest_route=\/wp\/v2\/posts\/631\/revisions\/638"}],"wp:attachment":[{"href":"https:\/\/www.pfadilandshut.ch\/wordpress\/index.php?rest_route=%2Fwp%2Fv2%2Fmedia&parent=631"}],"wp:term":[{"taxonomy":"category","embeddable":true,"href":"https:\/\/www.pfadilandshut.ch\/wordpress\/index.php?rest_route=%2Fwp%2Fv2%2Fcategories&post=631"},{"taxonomy":"post_tag","embeddable":true,"href":"https:\/\/www.pfadilandshut.ch\/wordpress\/index.php?rest_route=%2Fwp%2Fv2%2Ftags&post=631"}],"curies":[{"name":"wp","href":"https:\/\/api.w.org\/{rel}","templated":true}]}}