{"id":757,"date":"2016-03-02T17:33:53","date_gmt":"2016-03-02T16:33:53","guid":{"rendered":"http:\/\/www.pfadilandshut.ch\/wordpress\/?p=757"},"modified":"2016-03-02T17:33:53","modified_gmt":"2016-03-02T16:33:53","slug":"nationaler-pfadischnuppertag-am-12-maerz","status":"publish","type":"post","link":"https:\/\/www.pfadilandshut.ch\/wordpress\/?p=757","title":{"rendered":"Nationaler Pfadischnuppertag am 12.M\u00e4rz"},"content":{"rendered":"<p style=\"text-align: left\">Erlebst du gerne mit deinen Freunden Abenteuer? Bist du \u00e4lter als 5 Jahre?<\/p>\n<p style=\"text-align: left\">Dann n\u00fctze doch die Gelegenheit, denn bei uns ist immer was etwas los!<\/p>\n<p style=\"text-align: left\">Komm\u00a0vorbei\u00a0und schnuppere Pfadiluft!<\/p>\n<p style=\"text-align: left\">Bereits am Samstag, <b>12. M\u00e4rz 2016<\/b>,\u00a0hast du die M\u00f6glichkeit dazu.<\/p>\n<p style=\"text-align: left\">Wir treffen uns um <strong>13.30<\/strong> beim Pfadiheim B\u00e4tterkinden und sp\u00e4testens am Ende um <strong>16.30<\/strong> wirst du begeistert sein.<br \/>\n<b><\/b><\/p>\n<p style=\"text-align: left\"><b>Bei Fragen:<\/b>\u00a0Mammut, Tel.079 280 88 25<\/p>\n<p>Schau einfach unverbindlich vorbei!<\/p>\n<p style=\"text-align: left\">Das Leitungsteam freut sich, dich in der Pfadi Willkommen zu heissen!<br \/>\nFalls du an diesem Tag verhindert bist, kannst du nat\u00fcrlich gerne jederzeit vorbeikommen!<\/p>\n<p><a href=\"http:\/\/www.pfadilandshut.ch\/wordpress\/?attachment_id=760#main\" rel=\"attachment wp-att-760\"><img loading=\"lazy\" decoding=\"async\" class=\"wp-image-760 aligncenter\" src=\"http:\/\/www.pfadilandshut.ch\/wordpress\/wp-content\/uploads\/2016\/03\/Flyer_PKZ-560x621-271x300.jpg\" alt=\"Flyer_PKZ-560x621\" width=\"582\" height=\"645\" srcset=\"https:\/\/www.pfadilandshut.ch\/wordpress\/wp-content\/uploads\/2016\/03\/Flyer_PKZ-560x621-271x300.jpg 271w, https:\/\/www.pfadilandshut.ch\/wordpress\/wp-content\/uploads\/2016\/03\/Flyer_PKZ-560x621.jpg 560w\" sizes=\"(max-width: 582px) 100vw, 582px\" \/><\/a><\/p>\n","protected":false},"excerpt":{"rendered":"<p>Erlebst du gerne mit deinen Freunden Abenteuer? Bist du \u00e4lter als 5 Jahre? Dann n\u00fctze doch die Gelegenheit, denn bei uns ist immer was etwas los! Komm\u00a0vorbei\u00a0und schnuppere Pfadiluft! Bereits am Samstag, 12. M\u00e4rz 2016,\u00a0hast du die M\u00f6glichkeit dazu. Wir treffen uns um 13.30 beim Pfadiheim B\u00e4tterkinden und sp\u00e4testens am Ende um 16.30 wirst du [&hellip;]<\/p>\n","protected":false},"author":5,"featured_media":0,"comment_status":"open","ping_status":"open","sticky":false,"template":"","format":"standard","meta":{"footnotes":""},"categories":[4,3,5,6],"tags":[],"yoast_head":"<!-- This site is optimized with the Yoast SEO plugin v22.2 - https:\/\/yoast.com\/wordpress\/plugins\/seo\/ -->\n<title>Nationaler Pfadischnuppertag am 12.M\u00e4rz - Pfadilandshut.ch<\/title>\n<meta name=\"robots\" content=\"index, follow, max-snippet:-1, max-image-preview:large, max-video-preview:-1\" \/>\n<link rel=\"canonical\" href=\"https:\/\/www.pfadilandshut.ch\/wordpress\/?p=757\" \/>\n<meta property=\"og:locale\" content=\"de_DE\" \/>\n<meta property=\"og:type\" content=\"article\" \/>\n<meta property=\"og:title\" content=\"Nationaler Pfadischnuppertag am 12.M\u00e4rz - Pfadilandshut.ch\" \/>\n<meta property=\"og:description\" content=\"Erlebst du gerne mit deinen Freunden Abenteuer? Bist du \u00e4lter als 5 Jahre? Dann n\u00fctze doch die Gelegenheit, denn bei uns ist immer was etwas los! Komm\u00a0vorbei\u00a0und schnuppere Pfadiluft! Bereits am Samstag, 12. M\u00e4rz 2016,\u00a0hast du die M\u00f6glichkeit dazu. Wir treffen uns um 13.30 beim Pfadiheim B\u00e4tterkinden und sp\u00e4testens am Ende um 16.30 wirst du [&hellip;]\" \/>\n<meta property=\"og:url\" content=\"https:\/\/www.pfadilandshut.ch\/wordpress\/?p=757\" \/>\n<meta property=\"og:site_name\" content=\"Pfadilandshut.ch\" \/>\n<meta property=\"article:published_time\" content=\"2016-03-02T16:33:53+00:00\" \/>\n<meta property=\"og:image\" content=\"http:\/\/www.pfadilandshut.ch\/wordpress\/wp-content\/uploads\/2016\/03\/Flyer_PKZ-560x621-271x300.jpg\" \/>\n<meta name=\"author\" content=\"Leiter\" \/>\n<meta name=\"twitter:card\" content=\"summary_large_image\" \/>\n<meta name=\"twitter:label1\" content=\"Verfasst von\" \/>\n\t<meta name=\"twitter:data1\" content=\"Leiter\" \/>\n<script type=\"application\/ld+json\" class=\"yoast-schema-graph\">{\"@context\":\"https:\/\/schema.org\",\"@graph\":[{\"@type\":\"WebPage\",\"@id\":\"https:\/\/www.pfadilandshut.ch\/wordpress\/?p=757\",\"url\":\"https:\/\/www.pfadilandshut.ch\/wordpress\/?p=757\",\"name\":\"Nationaler Pfadischnuppertag am 12.M\u00e4rz - Pfadilandshut.ch\",\"isPartOf\":{\"@id\":\"https:\/\/www.pfadilandshut.ch\/wordpress\/#website\"},\"primaryImageOfPage\":{\"@id\":\"https:\/\/www.pfadilandshut.ch\/wordpress\/?p=757#primaryimage\"},\"image\":{\"@id\":\"https:\/\/www.pfadilandshut.ch\/wordpress\/?p=757#primaryimage\"},\"thumbnailUrl\":\"http:\/\/www.pfadilandshut.ch\/wordpress\/wp-content\/uploads\/2016\/03\/Flyer_PKZ-560x621-271x300.jpg\",\"datePublished\":\"2016-03-02T16:33:53+00:00\",\"dateModified\":\"2016-03-02T16:33:53+00:00\",\"author\":{\"@id\":\"https:\/\/www.pfadilandshut.ch\/wordpress\/#\/schema\/person\/73a04e42fdd26bf56614c5e4a983e2e4\"},\"breadcrumb\":{\"@id\":\"https:\/\/www.pfadilandshut.ch\/wordpress\/?p=757#breadcrumb\"},\"inLanguage\":\"de\",\"potentialAction\":[{\"@type\":\"ReadAction\",\"target\":[\"https:\/\/www.pfadilandshut.ch\/wordpress\/?p=757\"]}]},{\"@type\":\"ImageObject\",\"inLanguage\":\"de\",\"@id\":\"https:\/\/www.pfadilandshut.ch\/wordpress\/?p=757#primaryimage\",\"url\":\"http:\/\/www.pfadilandshut.ch\/wordpress\/wp-content\/uploads\/2016\/03\/Flyer_PKZ-560x621-271x300.jpg\",\"contentUrl\":\"http:\/\/www.pfadilandshut.ch\/wordpress\/wp-content\/uploads\/2016\/03\/Flyer_PKZ-560x621-271x300.jpg\"},{\"@type\":\"BreadcrumbList\",\"@id\":\"https:\/\/www.pfadilandshut.ch\/wordpress\/?p=757#breadcrumb\",\"itemListElement\":[{\"@type\":\"ListItem\",\"position\":1,\"name\":\"Startseite\",\"item\":\"https:\/\/www.pfadilandshut.ch\/wordpress\/\"},{\"@type\":\"ListItem\",\"position\":2,\"name\":\"Nationaler Pfadischnuppertag am 12.M\u00e4rz\"}]},{\"@type\":\"WebSite\",\"@id\":\"https:\/\/www.pfadilandshut.ch\/wordpress\/#website\",\"url\":\"https:\/\/www.pfadilandshut.ch\/wordpress\/\",\"name\":\"Pfadilandshut.ch\",\"description\":\"Pfadi Abteilung aus B\u00e4tterkinden BE\",\"potentialAction\":[{\"@type\":\"SearchAction\",\"target\":{\"@type\":\"EntryPoint\",\"urlTemplate\":\"https:\/\/www.pfadilandshut.ch\/wordpress\/?s={search_term_string}\"},\"query-input\":\"required name=search_term_string\"}],\"inLanguage\":\"de\"},{\"@type\":\"Person\",\"@id\":\"https:\/\/www.pfadilandshut.ch\/wordpress\/#\/schema\/person\/73a04e42fdd26bf56614c5e4a983e2e4\",\"name\":\"Leiter\",\"image\":{\"@type\":\"ImageObject\",\"inLanguage\":\"de\",\"@id\":\"https:\/\/www.pfadilandshut.ch\/wordpress\/#\/schema\/person\/image\/\",\"url\":\"https:\/\/secure.gravatar.com\/avatar\/a499af3e0a67c3e44221bee8544bf8b0?s=96&d=mm&r=g\",\"contentUrl\":\"https:\/\/secure.gravatar.com\/avatar\/a499af3e0a67c3e44221bee8544bf8b0?s=96&d=mm&r=g\",\"caption\":\"Leiter\"},\"sameAs\":[\"http:\/\/www.pfadilandshut.ch\"],\"url\":\"https:\/\/www.pfadilandshut.ch\/wordpress\/?author=5\"}]}<\/script>\n<!-- \/ Yoast SEO plugin. -->","yoast_head_json":{"title":"Nationaler Pfadischnuppertag am 12.M\u00e4rz - Pfadilandshut.ch","robots":{"index":"index","follow":"follow","max-snippet":"max-snippet:-1","max-image-preview":"max-image-preview:large","max-video-preview":"max-video-preview:-1"},"canonical":"https:\/\/www.pfadilandshut.ch\/wordpress\/?p=757","og_locale":"de_DE","og_type":"article","og_title":"Nationaler Pfadischnuppertag am 12.M\u00e4rz - Pfadilandshut.ch","og_description":"Erlebst du gerne mit deinen Freunden Abenteuer? Bist du \u00e4lter als 5 Jahre? Dann n\u00fctze doch die Gelegenheit, denn bei uns ist immer was etwas los! Komm\u00a0vorbei\u00a0und schnuppere Pfadiluft! Bereits am Samstag, 12. M\u00e4rz 2016,\u00a0hast du die M\u00f6glichkeit dazu. Wir treffen uns um 13.30 beim Pfadiheim B\u00e4tterkinden und sp\u00e4testens am Ende um 16.30 wirst du [&hellip;]","og_url":"https:\/\/www.pfadilandshut.ch\/wordpress\/?p=757","og_site_name":"Pfadilandshut.ch","article_published_time":"2016-03-02T16:33:53+00:00","og_image":[{"url":"http:\/\/www.pfadilandshut.ch\/wordpress\/wp-content\/uploads\/2016\/03\/Flyer_PKZ-560x621-271x300.jpg"}],"author":"Leiter","twitter_card":"summary_large_image","twitter_misc":{"Verfasst von":"Leiter"},"schema":{"@context":"https:\/\/schema.org","@graph":[{"@type":"WebPage","@id":"https:\/\/www.pfadilandshut.ch\/wordpress\/?p=757","url":"https:\/\/www.pfadilandshut.ch\/wordpress\/?p=757","name":"Nationaler Pfadischnuppertag am 12.M\u00e4rz - Pfadilandshut.ch","isPartOf":{"@id":"https:\/\/www.pfadilandshut.ch\/wordpress\/#website"},"primaryImageOfPage":{"@id":"https:\/\/www.pfadilandshut.ch\/wordpress\/?p=757#primaryimage"},"image":{"@id":"https:\/\/www.pfadilandshut.ch\/wordpress\/?p=757#primaryimage"},"thumbnailUrl":"http:\/\/www.pfadilandshut.ch\/wordpress\/wp-content\/uploads\/2016\/03\/Flyer_PKZ-560x621-271x300.jpg","datePublished":"2016-03-02T16:33:53+00:00","dateModified":"2016-03-02T16:33:53+00:00","author":{"@id":"https:\/\/www.pfadilandshut.ch\/wordpress\/#\/schema\/person\/73a04e42fdd26bf56614c5e4a983e2e4"},"breadcrumb":{"@id":"https:\/\/www.pfadilandshut.ch\/wordpress\/?p=757#breadcrumb"},"inLanguage":"de","potentialAction":[{"@type":"ReadAction","target":["https:\/\/www.pfadilandshut.ch\/wordpress\/?p=757"]}]},{"@type":"ImageObject","inLanguage":"de","@id":"https:\/\/www.pfadilandshut.ch\/wordpress\/?p=757#primaryimage","url":"http:\/\/www.pfadilandshut.ch\/wordpress\/wp-content\/uploads\/2016\/03\/Flyer_PKZ-560x621-271x300.jpg","contentUrl":"http:\/\/www.pfadilandshut.ch\/wordpress\/wp-content\/uploads\/2016\/03\/Flyer_PKZ-560x621-271x300.jpg"},{"@type":"BreadcrumbList","@id":"https:\/\/www.pfadilandshut.ch\/wordpress\/?p=757#breadcrumb","itemListElement":[{"@type":"ListItem","position":1,"name":"Startseite","item":"https:\/\/www.pfadilandshut.ch\/wordpress\/"},{"@type":"ListItem","position":2,"name":"Nationaler Pfadischnuppertag am 12.M\u00e4rz"}]},{"@type":"WebSite","@id":"https:\/\/www.pfadilandshut.ch\/wordpress\/#website","url":"https:\/\/www.pfadilandshut.ch\/wordpress\/","name":"Pfadilandshut.ch","description":"Pfadi Abteilung aus B\u00e4tterkinden BE","potentialAction":[{"@type":"SearchAction","target":{"@type":"EntryPoint","urlTemplate":"https:\/\/www.pfadilandshut.ch\/wordpress\/?s={search_term_string}"},"query-input":"required name=search_term_string"}],"inLanguage":"de"},{"@type":"Person","@id":"https:\/\/www.pfadilandshut.ch\/wordpress\/#\/schema\/person\/73a04e42fdd26bf56614c5e4a983e2e4","name":"Leiter","image":{"@type":"ImageObject","inLanguage":"de","@id":"https:\/\/www.pfadilandshut.ch\/wordpress\/#\/schema\/person\/image\/","url":"https:\/\/secure.gravatar.com\/avatar\/a499af3e0a67c3e44221bee8544bf8b0?s=96&d=mm&r=g","contentUrl":"https:\/\/secure.gravatar.com\/avatar\/a499af3e0a67c3e44221bee8544bf8b0?s=96&d=mm&r=g","caption":"Leiter"},"sameAs":["http:\/\/www.pfadilandshut.ch"],"url":"https:\/\/www.pfadilandshut.ch\/wordpress\/?author=5"}]}},"_links":{"self":[{"href":"https:\/\/www.pfadilandshut.ch\/wordpress\/index.php?rest_route=\/wp\/v2\/posts\/757"}],"collection":[{"href":"https:\/\/www.pfadilandshut.ch\/wordpress\/index.php?rest_route=\/wp\/v2\/posts"}],"about":[{"href":"https:\/\/www.pfadilandshut.ch\/wordpress\/index.php?rest_route=\/wp\/v2\/types\/post"}],"author":[{"embeddable":true,"href":"https:\/\/www.pfadilandshut.ch\/wordpress\/index.php?rest_route=\/wp\/v2\/users\/5"}],"replies":[{"embeddable":true,"href":"https:\/\/www.pfadilandshut.ch\/wordpress\/index.php?rest_route=%2Fwp%2Fv2%2Fcomments&post=757"}],"version-history":[{"count":4,"href":"https:\/\/www.pfadilandshut.ch\/wordpress\/index.php?rest_route=\/wp\/v2\/posts\/757\/revisions"}],"predecessor-version":[{"id":763,"href":"https:\/\/www.pfadilandshut.ch\/wordpress\/index.php?rest_route=\/wp\/v2\/posts\/757\/revisions\/763"}],"wp:attachment":[{"href":"https:\/\/www.pfadilandshut.ch\/wordpress\/index.php?rest_route=%2Fwp%2Fv2%2Fmedia&parent=757"}],"wp:term":[{"taxonomy":"category","embeddable":true,"href":"https:\/\/www.pfadilandshut.ch\/wordpress\/index.php?rest_route=%2Fwp%2Fv2%2Fcategories&post=757"},{"taxonomy":"post_tag","embeddable":true,"href":"https:\/\/www.pfadilandshut.ch\/wordpress\/index.php?rest_route=%2Fwp%2Fv2%2Ftags&post=757"}],"curies":[{"name":"wp","href":"https:\/\/api.w.org\/{rel}","templated":true}]}}