{"id":830,"date":"2016-05-12T19:27:03","date_gmt":"2016-05-12T18:27:03","guid":{"rendered":"http:\/\/www.pfadilandshut.ch\/wordpress\/?p=830"},"modified":"2016-05-12T19:27:30","modified_gmt":"2016-05-12T18:27:30","slug":"pfila-letzte-infos","status":"publish","type":"post","link":"https:\/\/www.pfadilandshut.ch\/wordpress\/?p=830","title":{"rendered":"Pfila- Letzte Infos"},"content":{"rendered":"<p>Es ist wieder so weit und unser geliebtes Pfila steht vor der T\u00fcr. \u00a0Leider f\u00e4llt es, zum ersten Mal seit f\u00fcnf Jahren, sprichw\u00f6rtlich ins Wasser! Wir erwarten allem voran am SAMSTAG teils starker Niederschlag und Temparaturen die nicht wirklich fr\u00fchlingshaft daher kommen.<\/p>\n<p>Deswegen bitten wir alle, sich mit gen\u00fcgend Ersatzw\u00e4sche, Regenschutzkleidung und teils w\u00e4rmeren Kleidung auf die Reise ins Pfila zu machen. Falls die Schuhe nicht wasserdicht sind, ist sicherlich \u00fcber ein Ersatzpaar nachzudenken.<\/p>\n<p>Trotzdem freuen wir uns auf ein hoffentlich unvergessliches Pfila<\/p>\n<p>Das Leitungsteam<\/p>\n<p><a href=\"http:\/\/www.pfadilandshut.ch\/wordpress\/?attachment_id=831#main\" rel=\"attachment wp-att-831\"><img loading=\"lazy\" decoding=\"async\" class=\"alignnone size-medium wp-image-831\" src=\"http:\/\/www.pfadilandshut.ch\/wordpress\/wp-content\/uploads\/2016\/05\/niederschlag-300x210.jpg\" alt=\"niederschlag\" width=\"300\" height=\"210\" srcset=\"https:\/\/www.pfadilandshut.ch\/wordpress\/wp-content\/uploads\/2016\/05\/niederschlag-300x210.jpg 300w, https:\/\/www.pfadilandshut.ch\/wordpress\/wp-content\/uploads\/2016\/05\/niederschlag-768x539.jpg 768w, https:\/\/www.pfadilandshut.ch\/wordpress\/wp-content\/uploads\/2016\/05\/niederschlag-619x434.jpg 619w, https:\/\/www.pfadilandshut.ch\/wordpress\/wp-content\/uploads\/2016\/05\/niederschlag.jpg 797w\" sizes=\"(max-width: 300px) 100vw, 300px\" \/><\/a><a href=\"http:\/\/www.pfadilandshut.ch\/wordpress\/?attachment_id=834#main\" rel=\"attachment wp-att-834\"><img loading=\"lazy\" decoding=\"async\" class=\"alignnone size-medium wp-image-834\" src=\"http:\/\/www.pfadilandshut.ch\/wordpress\/wp-content\/uploads\/2016\/05\/niederschlag2-300x207.jpg\" alt=\"niederschlag2\" width=\"300\" height=\"207\" srcset=\"https:\/\/www.pfadilandshut.ch\/wordpress\/wp-content\/uploads\/2016\/05\/niederschlag2-300x207.jpg 300w, https:\/\/www.pfadilandshut.ch\/wordpress\/wp-content\/uploads\/2016\/05\/niederschlag2-768x530.jpg 768w, https:\/\/www.pfadilandshut.ch\/wordpress\/wp-content\/uploads\/2016\/05\/niederschlag2-619x428.jpg 619w, https:\/\/www.pfadilandshut.ch\/wordpress\/wp-content\/uploads\/2016\/05\/niederschlag2.jpg 805w\" sizes=\"(max-width: 300px) 100vw, 300px\" \/><\/a><\/p>\n<p>Ps. nach aktuellem Niederschlagsforecast, bessert sich die Situation ab Samstagmittag kontinuierlich, ab Sonntag wird kaum mehr Niederschlag erwartet<\/p>\n","protected":false},"excerpt":{"rendered":"<p>Es ist wieder so weit und unser geliebtes Pfila steht vor der T\u00fcr. \u00a0Leider f\u00e4llt es, zum ersten Mal seit f\u00fcnf Jahren, sprichw\u00f6rtlich ins Wasser! Wir erwarten allem voran am SAMSTAG teils starker Niederschlag und Temparaturen die nicht wirklich fr\u00fchlingshaft daher kommen. Deswegen bitten wir alle, sich mit gen\u00fcgend Ersatzw\u00e4sche, Regenschutzkleidung und teils w\u00e4rmeren Kleidung [&hellip;]<\/p>\n","protected":false},"author":5,"featured_media":0,"comment_status":"open","ping_status":"open","sticky":false,"template":"","format":"standard","meta":{"footnotes":""},"categories":[9,3,5,7,6],"tags":[],"yoast_head":"<!-- This site is optimized with the Yoast SEO plugin v22.2 - https:\/\/yoast.com\/wordpress\/plugins\/seo\/ -->\n<title>Pfila- Letzte Infos - Pfadilandshut.ch<\/title>\n<meta name=\"robots\" content=\"index, follow, max-snippet:-1, max-image-preview:large, max-video-preview:-1\" \/>\n<link rel=\"canonical\" href=\"https:\/\/www.pfadilandshut.ch\/wordpress\/?p=830\" \/>\n<meta property=\"og:locale\" content=\"de_DE\" \/>\n<meta property=\"og:type\" content=\"article\" \/>\n<meta property=\"og:title\" content=\"Pfila- Letzte Infos - Pfadilandshut.ch\" \/>\n<meta property=\"og:description\" content=\"Es ist wieder so weit und unser geliebtes Pfila steht vor der T\u00fcr. \u00a0Leider f\u00e4llt es, zum ersten Mal seit f\u00fcnf Jahren, sprichw\u00f6rtlich ins Wasser! Wir erwarten allem voran am SAMSTAG teils starker Niederschlag und Temparaturen die nicht wirklich fr\u00fchlingshaft daher kommen. Deswegen bitten wir alle, sich mit gen\u00fcgend Ersatzw\u00e4sche, Regenschutzkleidung und teils w\u00e4rmeren Kleidung [&hellip;]\" \/>\n<meta property=\"og:url\" content=\"https:\/\/www.pfadilandshut.ch\/wordpress\/?p=830\" \/>\n<meta property=\"og:site_name\" content=\"Pfadilandshut.ch\" \/>\n<meta property=\"article:published_time\" content=\"2016-05-12T18:27:03+00:00\" \/>\n<meta property=\"article:modified_time\" content=\"2016-05-12T18:27:30+00:00\" \/>\n<meta property=\"og:image\" content=\"http:\/\/www.pfadilandshut.ch\/wordpress\/wp-content\/uploads\/2016\/05\/niederschlag-300x210.jpg\" \/>\n<meta name=\"author\" content=\"Leiter\" \/>\n<meta name=\"twitter:card\" content=\"summary_large_image\" \/>\n<meta name=\"twitter:label1\" content=\"Verfasst von\" \/>\n\t<meta name=\"twitter:data1\" content=\"Leiter\" \/>\n\t<meta name=\"twitter:label2\" content=\"Gesch\u00e4tzte Lesezeit\" \/>\n\t<meta name=\"twitter:data2\" content=\"1\u00a0Minute\" \/>\n<script type=\"application\/ld+json\" class=\"yoast-schema-graph\">{\"@context\":\"https:\/\/schema.org\",\"@graph\":[{\"@type\":\"WebPage\",\"@id\":\"https:\/\/www.pfadilandshut.ch\/wordpress\/?p=830\",\"url\":\"https:\/\/www.pfadilandshut.ch\/wordpress\/?p=830\",\"name\":\"Pfila- Letzte Infos - Pfadilandshut.ch\",\"isPartOf\":{\"@id\":\"https:\/\/www.pfadilandshut.ch\/wordpress\/#website\"},\"primaryImageOfPage\":{\"@id\":\"https:\/\/www.pfadilandshut.ch\/wordpress\/?p=830#primaryimage\"},\"image\":{\"@id\":\"https:\/\/www.pfadilandshut.ch\/wordpress\/?p=830#primaryimage\"},\"thumbnailUrl\":\"http:\/\/www.pfadilandshut.ch\/wordpress\/wp-content\/uploads\/2016\/05\/niederschlag-300x210.jpg\",\"datePublished\":\"2016-05-12T18:27:03+00:00\",\"dateModified\":\"2016-05-12T18:27:30+00:00\",\"author\":{\"@id\":\"https:\/\/www.pfadilandshut.ch\/wordpress\/#\/schema\/person\/73a04e42fdd26bf56614c5e4a983e2e4\"},\"breadcrumb\":{\"@id\":\"https:\/\/www.pfadilandshut.ch\/wordpress\/?p=830#breadcrumb\"},\"inLanguage\":\"de\",\"potentialAction\":[{\"@type\":\"ReadAction\",\"target\":[\"https:\/\/www.pfadilandshut.ch\/wordpress\/?p=830\"]}]},{\"@type\":\"ImageObject\",\"inLanguage\":\"de\",\"@id\":\"https:\/\/www.pfadilandshut.ch\/wordpress\/?p=830#primaryimage\",\"url\":\"http:\/\/www.pfadilandshut.ch\/wordpress\/wp-content\/uploads\/2016\/05\/niederschlag-300x210.jpg\",\"contentUrl\":\"http:\/\/www.pfadilandshut.ch\/wordpress\/wp-content\/uploads\/2016\/05\/niederschlag-300x210.jpg\"},{\"@type\":\"BreadcrumbList\",\"@id\":\"https:\/\/www.pfadilandshut.ch\/wordpress\/?p=830#breadcrumb\",\"itemListElement\":[{\"@type\":\"ListItem\",\"position\":1,\"name\":\"Startseite\",\"item\":\"https:\/\/www.pfadilandshut.ch\/wordpress\/\"},{\"@type\":\"ListItem\",\"position\":2,\"name\":\"Pfila- Letzte Infos\"}]},{\"@type\":\"WebSite\",\"@id\":\"https:\/\/www.pfadilandshut.ch\/wordpress\/#website\",\"url\":\"https:\/\/www.pfadilandshut.ch\/wordpress\/\",\"name\":\"Pfadilandshut.ch\",\"description\":\"Pfadi Abteilung aus B\u00e4tterkinden BE\",\"potentialAction\":[{\"@type\":\"SearchAction\",\"target\":{\"@type\":\"EntryPoint\",\"urlTemplate\":\"https:\/\/www.pfadilandshut.ch\/wordpress\/?s={search_term_string}\"},\"query-input\":\"required name=search_term_string\"}],\"inLanguage\":\"de\"},{\"@type\":\"Person\",\"@id\":\"https:\/\/www.pfadilandshut.ch\/wordpress\/#\/schema\/person\/73a04e42fdd26bf56614c5e4a983e2e4\",\"name\":\"Leiter\",\"image\":{\"@type\":\"ImageObject\",\"inLanguage\":\"de\",\"@id\":\"https:\/\/www.pfadilandshut.ch\/wordpress\/#\/schema\/person\/image\/\",\"url\":\"https:\/\/secure.gravatar.com\/avatar\/a499af3e0a67c3e44221bee8544bf8b0?s=96&d=mm&r=g\",\"contentUrl\":\"https:\/\/secure.gravatar.com\/avatar\/a499af3e0a67c3e44221bee8544bf8b0?s=96&d=mm&r=g\",\"caption\":\"Leiter\"},\"sameAs\":[\"http:\/\/www.pfadilandshut.ch\"],\"url\":\"https:\/\/www.pfadilandshut.ch\/wordpress\/?author=5\"}]}<\/script>\n<!-- \/ Yoast SEO plugin. -->","yoast_head_json":{"title":"Pfila- Letzte Infos - Pfadilandshut.ch","robots":{"index":"index","follow":"follow","max-snippet":"max-snippet:-1","max-image-preview":"max-image-preview:large","max-video-preview":"max-video-preview:-1"},"canonical":"https:\/\/www.pfadilandshut.ch\/wordpress\/?p=830","og_locale":"de_DE","og_type":"article","og_title":"Pfila- Letzte Infos - Pfadilandshut.ch","og_description":"Es ist wieder so weit und unser geliebtes Pfila steht vor der T\u00fcr. \u00a0Leider f\u00e4llt es, zum ersten Mal seit f\u00fcnf Jahren, sprichw\u00f6rtlich ins Wasser! Wir erwarten allem voran am SAMSTAG teils starker Niederschlag und Temparaturen die nicht wirklich fr\u00fchlingshaft daher kommen. Deswegen bitten wir alle, sich mit gen\u00fcgend Ersatzw\u00e4sche, Regenschutzkleidung und teils w\u00e4rmeren Kleidung [&hellip;]","og_url":"https:\/\/www.pfadilandshut.ch\/wordpress\/?p=830","og_site_name":"Pfadilandshut.ch","article_published_time":"2016-05-12T18:27:03+00:00","article_modified_time":"2016-05-12T18:27:30+00:00","og_image":[{"url":"http:\/\/www.pfadilandshut.ch\/wordpress\/wp-content\/uploads\/2016\/05\/niederschlag-300x210.jpg"}],"author":"Leiter","twitter_card":"summary_large_image","twitter_misc":{"Verfasst von":"Leiter","Gesch\u00e4tzte Lesezeit":"1\u00a0Minute"},"schema":{"@context":"https:\/\/schema.org","@graph":[{"@type":"WebPage","@id":"https:\/\/www.pfadilandshut.ch\/wordpress\/?p=830","url":"https:\/\/www.pfadilandshut.ch\/wordpress\/?p=830","name":"Pfila- Letzte Infos - Pfadilandshut.ch","isPartOf":{"@id":"https:\/\/www.pfadilandshut.ch\/wordpress\/#website"},"primaryImageOfPage":{"@id":"https:\/\/www.pfadilandshut.ch\/wordpress\/?p=830#primaryimage"},"image":{"@id":"https:\/\/www.pfadilandshut.ch\/wordpress\/?p=830#primaryimage"},"thumbnailUrl":"http:\/\/www.pfadilandshut.ch\/wordpress\/wp-content\/uploads\/2016\/05\/niederschlag-300x210.jpg","datePublished":"2016-05-12T18:27:03+00:00","dateModified":"2016-05-12T18:27:30+00:00","author":{"@id":"https:\/\/www.pfadilandshut.ch\/wordpress\/#\/schema\/person\/73a04e42fdd26bf56614c5e4a983e2e4"},"breadcrumb":{"@id":"https:\/\/www.pfadilandshut.ch\/wordpress\/?p=830#breadcrumb"},"inLanguage":"de","potentialAction":[{"@type":"ReadAction","target":["https:\/\/www.pfadilandshut.ch\/wordpress\/?p=830"]}]},{"@type":"ImageObject","inLanguage":"de","@id":"https:\/\/www.pfadilandshut.ch\/wordpress\/?p=830#primaryimage","url":"http:\/\/www.pfadilandshut.ch\/wordpress\/wp-content\/uploads\/2016\/05\/niederschlag-300x210.jpg","contentUrl":"http:\/\/www.pfadilandshut.ch\/wordpress\/wp-content\/uploads\/2016\/05\/niederschlag-300x210.jpg"},{"@type":"BreadcrumbList","@id":"https:\/\/www.pfadilandshut.ch\/wordpress\/?p=830#breadcrumb","itemListElement":[{"@type":"ListItem","position":1,"name":"Startseite","item":"https:\/\/www.pfadilandshut.ch\/wordpress\/"},{"@type":"ListItem","position":2,"name":"Pfila- Letzte Infos"}]},{"@type":"WebSite","@id":"https:\/\/www.pfadilandshut.ch\/wordpress\/#website","url":"https:\/\/www.pfadilandshut.ch\/wordpress\/","name":"Pfadilandshut.ch","description":"Pfadi Abteilung aus B\u00e4tterkinden BE","potentialAction":[{"@type":"SearchAction","target":{"@type":"EntryPoint","urlTemplate":"https:\/\/www.pfadilandshut.ch\/wordpress\/?s={search_term_string}"},"query-input":"required name=search_term_string"}],"inLanguage":"de"},{"@type":"Person","@id":"https:\/\/www.pfadilandshut.ch\/wordpress\/#\/schema\/person\/73a04e42fdd26bf56614c5e4a983e2e4","name":"Leiter","image":{"@type":"ImageObject","inLanguage":"de","@id":"https:\/\/www.pfadilandshut.ch\/wordpress\/#\/schema\/person\/image\/","url":"https:\/\/secure.gravatar.com\/avatar\/a499af3e0a67c3e44221bee8544bf8b0?s=96&d=mm&r=g","contentUrl":"https:\/\/secure.gravatar.com\/avatar\/a499af3e0a67c3e44221bee8544bf8b0?s=96&d=mm&r=g","caption":"Leiter"},"sameAs":["http:\/\/www.pfadilandshut.ch"],"url":"https:\/\/www.pfadilandshut.ch\/wordpress\/?author=5"}]}},"_links":{"self":[{"href":"https:\/\/www.pfadilandshut.ch\/wordpress\/index.php?rest_route=\/wp\/v2\/posts\/830"}],"collection":[{"href":"https:\/\/www.pfadilandshut.ch\/wordpress\/index.php?rest_route=\/wp\/v2\/posts"}],"about":[{"href":"https:\/\/www.pfadilandshut.ch\/wordpress\/index.php?rest_route=\/wp\/v2\/types\/post"}],"author":[{"embeddable":true,"href":"https:\/\/www.pfadilandshut.ch\/wordpress\/index.php?rest_route=\/wp\/v2\/users\/5"}],"replies":[{"embeddable":true,"href":"https:\/\/www.pfadilandshut.ch\/wordpress\/index.php?rest_route=%2Fwp%2Fv2%2Fcomments&post=830"}],"version-history":[{"count":4,"href":"https:\/\/www.pfadilandshut.ch\/wordpress\/index.php?rest_route=\/wp\/v2\/posts\/830\/revisions"}],"predecessor-version":[{"id":836,"href":"https:\/\/www.pfadilandshut.ch\/wordpress\/index.php?rest_route=\/wp\/v2\/posts\/830\/revisions\/836"}],"wp:attachment":[{"href":"https:\/\/www.pfadilandshut.ch\/wordpress\/index.php?rest_route=%2Fwp%2Fv2%2Fmedia&parent=830"}],"wp:term":[{"taxonomy":"category","embeddable":true,"href":"https:\/\/www.pfadilandshut.ch\/wordpress\/index.php?rest_route=%2Fwp%2Fv2%2Fcategories&post=830"},{"taxonomy":"post_tag","embeddable":true,"href":"https:\/\/www.pfadilandshut.ch\/wordpress\/index.php?rest_route=%2Fwp%2Fv2%2Ftags&post=830"}],"curies":[{"name":"wp","href":"https:\/\/api.w.org\/{rel}","templated":true}]}}