{"id":897,"date":"2017-03-18T12:24:07","date_gmt":"2017-03-18T11:24:07","guid":{"rendered":"http:\/\/www.pfadilandshut.ch\/wordpress\/?p=897"},"modified":"2017-03-18T12:24:07","modified_gmt":"2017-03-18T11:24:07","slug":"fasnacht-2017","status":"publish","type":"post","link":"https:\/\/www.pfadilandshut.ch\/wordpress\/?p=897","title":{"rendered":"Fasnacht 2017"},"content":{"rendered":"<p>Die Fasnacht 2017 war ein richtig tolles Ereignis dieses Jahr.<\/p>\n<p style=\"text-align: left\">Ich m\u00f6chte mich bei allen Helfer und Helferinnen die dazu beigetragen haben recht herzlich f\u00fcr Ihren Einsatz bedanken, nat\u00fcrlich auch bei allen Kinder und Jugendlichen die am Samstag und Sonntag am Umzug waren.<\/p>\n<p style=\"text-align: left\">Der Einstieg ins Geburtstagsjahr ist gegl\u00fcckt mit einem super ersten Grossanlass im 2017. Jetzt k\u00f6nnen wir unser 50-Jahr-Jubil\u00e4um so richtig anfangen zu Feiern<\/p>\n<p style=\"text-align: left\">.<a href=\"http:\/\/www.pfadilandshut.ch\/wordpress\/?attachment_id=898#main\" rel=\"attachment wp-att-898\"><img loading=\"lazy\" decoding=\"async\" class=\"alignnone size-medium wp-image-898\" src=\"http:\/\/www.pfadilandshut.ch\/wordpress\/wp-content\/uploads\/2017\/03\/IMG_8168-300x200.jpg\" alt=\"\" width=\"300\" height=\"200\" srcset=\"https:\/\/www.pfadilandshut.ch\/wordpress\/wp-content\/uploads\/2017\/03\/IMG_8168-300x200.jpg 300w, https:\/\/www.pfadilandshut.ch\/wordpress\/wp-content\/uploads\/2017\/03\/IMG_8168-768x512.jpg 768w, https:\/\/www.pfadilandshut.ch\/wordpress\/wp-content\/uploads\/2017\/03\/IMG_8168-1024x683.jpg 1024w, https:\/\/www.pfadilandshut.ch\/wordpress\/wp-content\/uploads\/2017\/03\/IMG_8168-619x413.jpg 619w\" sizes=\"(max-width: 300px) 100vw, 300px\" \/><\/a> <a href=\"http:\/\/www.pfadilandshut.ch\/wordpress\/?attachment_id=899#main\" rel=\"attachment wp-att-899\"><img loading=\"lazy\" decoding=\"async\" class=\"alignnone size-medium wp-image-899\" src=\"http:\/\/www.pfadilandshut.ch\/wordpress\/wp-content\/uploads\/2017\/03\/IMG_8172-300x200.jpg\" alt=\"\" width=\"300\" height=\"200\" srcset=\"https:\/\/www.pfadilandshut.ch\/wordpress\/wp-content\/uploads\/2017\/03\/IMG_8172-300x200.jpg 300w, https:\/\/www.pfadilandshut.ch\/wordpress\/wp-content\/uploads\/2017\/03\/IMG_8172-768x512.jpg 768w, https:\/\/www.pfadilandshut.ch\/wordpress\/wp-content\/uploads\/2017\/03\/IMG_8172-1024x683.jpg 1024w, https:\/\/www.pfadilandshut.ch\/wordpress\/wp-content\/uploads\/2017\/03\/IMG_8172-619x413.jpg 619w\" sizes=\"(max-width: 300px) 100vw, 300px\" \/><\/a> \u00a0<a href=\"http:\/\/www.pfadilandshut.ch\/wordpress\/?attachment_id=901#main\" rel=\"attachment wp-att-901\"><img loading=\"lazy\" decoding=\"async\" class=\"alignnone wp-image-901 size-medium\" src=\"http:\/\/www.pfadilandshut.ch\/wordpress\/wp-content\/uploads\/2017\/03\/IMG_8183-e1489836220549-200x300.jpg\" width=\"200\" height=\"300\" srcset=\"https:\/\/www.pfadilandshut.ch\/wordpress\/wp-content\/uploads\/2017\/03\/IMG_8183-e1489836220549-200x300.jpg 200w, https:\/\/www.pfadilandshut.ch\/wordpress\/wp-content\/uploads\/2017\/03\/IMG_8183-e1489836220549-768x1152.jpg 768w, https:\/\/www.pfadilandshut.ch\/wordpress\/wp-content\/uploads\/2017\/03\/IMG_8183-e1489836220549-683x1024.jpg 683w, https:\/\/www.pfadilandshut.ch\/wordpress\/wp-content\/uploads\/2017\/03\/IMG_8183-e1489836220549-619x929.jpg 619w\" sizes=\"(max-width: 200px) 100vw, 200px\" \/><\/a> <a href=\"http:\/\/www.pfadilandshut.ch\/wordpress\/?attachment_id=902#main\" rel=\"attachment wp-att-902\"><img loading=\"lazy\" decoding=\"async\" class=\"alignnone size-medium wp-image-902\" src=\"http:\/\/www.pfadilandshut.ch\/wordpress\/wp-content\/uploads\/2017\/03\/IMG_8234-300x200.jpg\" alt=\"\" width=\"300\" height=\"200\" srcset=\"https:\/\/www.pfadilandshut.ch\/wordpress\/wp-content\/uploads\/2017\/03\/IMG_8234-300x200.jpg 300w, https:\/\/www.pfadilandshut.ch\/wordpress\/wp-content\/uploads\/2017\/03\/IMG_8234-768x512.jpg 768w, https:\/\/www.pfadilandshut.ch\/wordpress\/wp-content\/uploads\/2017\/03\/IMG_8234-1024x683.jpg 1024w, https:\/\/www.pfadilandshut.ch\/wordpress\/wp-content\/uploads\/2017\/03\/IMG_8234-619x413.jpg 619w\" sizes=\"(max-width: 300px) 100vw, 300px\" \/><\/a><\/p>\n","protected":false},"excerpt":{"rendered":"<p>Die Fasnacht 2017 war ein richtig tolles Ereignis dieses Jahr. Ich m\u00f6chte mich bei allen Helfer und Helferinnen die dazu beigetragen haben recht herzlich f\u00fcr Ihren Einsatz bedanken, nat\u00fcrlich auch bei allen Kinder und Jugendlichen die am Samstag und Sonntag am Umzug waren. Der Einstieg ins Geburtstagsjahr ist gegl\u00fcckt mit einem super ersten Grossanlass im [&hellip;]<\/p>\n","protected":false},"author":5,"featured_media":0,"comment_status":"open","ping_status":"open","sticky":false,"template":"","format":"standard","meta":{"footnotes":""},"categories":[3],"tags":[],"yoast_head":"<!-- This site is optimized with the Yoast SEO plugin v22.2 - https:\/\/yoast.com\/wordpress\/plugins\/seo\/ -->\n<title>Fasnacht 2017 - Pfadilandshut.ch<\/title>\n<meta name=\"robots\" content=\"index, follow, max-snippet:-1, max-image-preview:large, max-video-preview:-1\" \/>\n<link rel=\"canonical\" href=\"https:\/\/www.pfadilandshut.ch\/wordpress\/?p=897\" \/>\n<meta property=\"og:locale\" content=\"de_DE\" \/>\n<meta property=\"og:type\" content=\"article\" \/>\n<meta property=\"og:title\" content=\"Fasnacht 2017 - Pfadilandshut.ch\" \/>\n<meta property=\"og:description\" content=\"Die Fasnacht 2017 war ein richtig tolles Ereignis dieses Jahr. Ich m\u00f6chte mich bei allen Helfer und Helferinnen die dazu beigetragen haben recht herzlich f\u00fcr Ihren Einsatz bedanken, nat\u00fcrlich auch bei allen Kinder und Jugendlichen die am Samstag und Sonntag am Umzug waren. Der Einstieg ins Geburtstagsjahr ist gegl\u00fcckt mit einem super ersten Grossanlass im [&hellip;]\" \/>\n<meta property=\"og:url\" content=\"https:\/\/www.pfadilandshut.ch\/wordpress\/?p=897\" \/>\n<meta property=\"og:site_name\" content=\"Pfadilandshut.ch\" \/>\n<meta property=\"article:published_time\" content=\"2017-03-18T11:24:07+00:00\" \/>\n<meta property=\"og:image\" content=\"http:\/\/www.pfadilandshut.ch\/wordpress\/wp-content\/uploads\/2017\/03\/IMG_8168-300x200.jpg\" \/>\n<meta name=\"author\" content=\"Leiter\" \/>\n<meta name=\"twitter:card\" content=\"summary_large_image\" \/>\n<meta name=\"twitter:label1\" content=\"Verfasst von\" \/>\n\t<meta name=\"twitter:data1\" content=\"Leiter\" \/>\n<script type=\"application\/ld+json\" class=\"yoast-schema-graph\">{\"@context\":\"https:\/\/schema.org\",\"@graph\":[{\"@type\":\"WebPage\",\"@id\":\"https:\/\/www.pfadilandshut.ch\/wordpress\/?p=897\",\"url\":\"https:\/\/www.pfadilandshut.ch\/wordpress\/?p=897\",\"name\":\"Fasnacht 2017 - Pfadilandshut.ch\",\"isPartOf\":{\"@id\":\"https:\/\/www.pfadilandshut.ch\/wordpress\/#website\"},\"primaryImageOfPage\":{\"@id\":\"https:\/\/www.pfadilandshut.ch\/wordpress\/?p=897#primaryimage\"},\"image\":{\"@id\":\"https:\/\/www.pfadilandshut.ch\/wordpress\/?p=897#primaryimage\"},\"thumbnailUrl\":\"http:\/\/www.pfadilandshut.ch\/wordpress\/wp-content\/uploads\/2017\/03\/IMG_8168-300x200.jpg\",\"datePublished\":\"2017-03-18T11:24:07+00:00\",\"dateModified\":\"2017-03-18T11:24:07+00:00\",\"author\":{\"@id\":\"https:\/\/www.pfadilandshut.ch\/wordpress\/#\/schema\/person\/73a04e42fdd26bf56614c5e4a983e2e4\"},\"breadcrumb\":{\"@id\":\"https:\/\/www.pfadilandshut.ch\/wordpress\/?p=897#breadcrumb\"},\"inLanguage\":\"de\",\"potentialAction\":[{\"@type\":\"ReadAction\",\"target\":[\"https:\/\/www.pfadilandshut.ch\/wordpress\/?p=897\"]}]},{\"@type\":\"ImageObject\",\"inLanguage\":\"de\",\"@id\":\"https:\/\/www.pfadilandshut.ch\/wordpress\/?p=897#primaryimage\",\"url\":\"http:\/\/www.pfadilandshut.ch\/wordpress\/wp-content\/uploads\/2017\/03\/IMG_8168-300x200.jpg\",\"contentUrl\":\"http:\/\/www.pfadilandshut.ch\/wordpress\/wp-content\/uploads\/2017\/03\/IMG_8168-300x200.jpg\"},{\"@type\":\"BreadcrumbList\",\"@id\":\"https:\/\/www.pfadilandshut.ch\/wordpress\/?p=897#breadcrumb\",\"itemListElement\":[{\"@type\":\"ListItem\",\"position\":1,\"name\":\"Startseite\",\"item\":\"https:\/\/www.pfadilandshut.ch\/wordpress\/\"},{\"@type\":\"ListItem\",\"position\":2,\"name\":\"Fasnacht 2017\"}]},{\"@type\":\"WebSite\",\"@id\":\"https:\/\/www.pfadilandshut.ch\/wordpress\/#website\",\"url\":\"https:\/\/www.pfadilandshut.ch\/wordpress\/\",\"name\":\"Pfadilandshut.ch\",\"description\":\"Pfadi Abteilung aus B\u00e4tterkinden BE\",\"potentialAction\":[{\"@type\":\"SearchAction\",\"target\":{\"@type\":\"EntryPoint\",\"urlTemplate\":\"https:\/\/www.pfadilandshut.ch\/wordpress\/?s={search_term_string}\"},\"query-input\":\"required name=search_term_string\"}],\"inLanguage\":\"de\"},{\"@type\":\"Person\",\"@id\":\"https:\/\/www.pfadilandshut.ch\/wordpress\/#\/schema\/person\/73a04e42fdd26bf56614c5e4a983e2e4\",\"name\":\"Leiter\",\"image\":{\"@type\":\"ImageObject\",\"inLanguage\":\"de\",\"@id\":\"https:\/\/www.pfadilandshut.ch\/wordpress\/#\/schema\/person\/image\/\",\"url\":\"https:\/\/secure.gravatar.com\/avatar\/a499af3e0a67c3e44221bee8544bf8b0?s=96&d=mm&r=g\",\"contentUrl\":\"https:\/\/secure.gravatar.com\/avatar\/a499af3e0a67c3e44221bee8544bf8b0?s=96&d=mm&r=g\",\"caption\":\"Leiter\"},\"sameAs\":[\"http:\/\/www.pfadilandshut.ch\"],\"url\":\"https:\/\/www.pfadilandshut.ch\/wordpress\/?author=5\"}]}<\/script>\n<!-- \/ Yoast SEO plugin. -->","yoast_head_json":{"title":"Fasnacht 2017 - Pfadilandshut.ch","robots":{"index":"index","follow":"follow","max-snippet":"max-snippet:-1","max-image-preview":"max-image-preview:large","max-video-preview":"max-video-preview:-1"},"canonical":"https:\/\/www.pfadilandshut.ch\/wordpress\/?p=897","og_locale":"de_DE","og_type":"article","og_title":"Fasnacht 2017 - Pfadilandshut.ch","og_description":"Die Fasnacht 2017 war ein richtig tolles Ereignis dieses Jahr. Ich m\u00f6chte mich bei allen Helfer und Helferinnen die dazu beigetragen haben recht herzlich f\u00fcr Ihren Einsatz bedanken, nat\u00fcrlich auch bei allen Kinder und Jugendlichen die am Samstag und Sonntag am Umzug waren. Der Einstieg ins Geburtstagsjahr ist gegl\u00fcckt mit einem super ersten Grossanlass im [&hellip;]","og_url":"https:\/\/www.pfadilandshut.ch\/wordpress\/?p=897","og_site_name":"Pfadilandshut.ch","article_published_time":"2017-03-18T11:24:07+00:00","og_image":[{"url":"http:\/\/www.pfadilandshut.ch\/wordpress\/wp-content\/uploads\/2017\/03\/IMG_8168-300x200.jpg"}],"author":"Leiter","twitter_card":"summary_large_image","twitter_misc":{"Verfasst von":"Leiter"},"schema":{"@context":"https:\/\/schema.org","@graph":[{"@type":"WebPage","@id":"https:\/\/www.pfadilandshut.ch\/wordpress\/?p=897","url":"https:\/\/www.pfadilandshut.ch\/wordpress\/?p=897","name":"Fasnacht 2017 - Pfadilandshut.ch","isPartOf":{"@id":"https:\/\/www.pfadilandshut.ch\/wordpress\/#website"},"primaryImageOfPage":{"@id":"https:\/\/www.pfadilandshut.ch\/wordpress\/?p=897#primaryimage"},"image":{"@id":"https:\/\/www.pfadilandshut.ch\/wordpress\/?p=897#primaryimage"},"thumbnailUrl":"http:\/\/www.pfadilandshut.ch\/wordpress\/wp-content\/uploads\/2017\/03\/IMG_8168-300x200.jpg","datePublished":"2017-03-18T11:24:07+00:00","dateModified":"2017-03-18T11:24:07+00:00","author":{"@id":"https:\/\/www.pfadilandshut.ch\/wordpress\/#\/schema\/person\/73a04e42fdd26bf56614c5e4a983e2e4"},"breadcrumb":{"@id":"https:\/\/www.pfadilandshut.ch\/wordpress\/?p=897#breadcrumb"},"inLanguage":"de","potentialAction":[{"@type":"ReadAction","target":["https:\/\/www.pfadilandshut.ch\/wordpress\/?p=897"]}]},{"@type":"ImageObject","inLanguage":"de","@id":"https:\/\/www.pfadilandshut.ch\/wordpress\/?p=897#primaryimage","url":"http:\/\/www.pfadilandshut.ch\/wordpress\/wp-content\/uploads\/2017\/03\/IMG_8168-300x200.jpg","contentUrl":"http:\/\/www.pfadilandshut.ch\/wordpress\/wp-content\/uploads\/2017\/03\/IMG_8168-300x200.jpg"},{"@type":"BreadcrumbList","@id":"https:\/\/www.pfadilandshut.ch\/wordpress\/?p=897#breadcrumb","itemListElement":[{"@type":"ListItem","position":1,"name":"Startseite","item":"https:\/\/www.pfadilandshut.ch\/wordpress\/"},{"@type":"ListItem","position":2,"name":"Fasnacht 2017"}]},{"@type":"WebSite","@id":"https:\/\/www.pfadilandshut.ch\/wordpress\/#website","url":"https:\/\/www.pfadilandshut.ch\/wordpress\/","name":"Pfadilandshut.ch","description":"Pfadi Abteilung aus B\u00e4tterkinden BE","potentialAction":[{"@type":"SearchAction","target":{"@type":"EntryPoint","urlTemplate":"https:\/\/www.pfadilandshut.ch\/wordpress\/?s={search_term_string}"},"query-input":"required name=search_term_string"}],"inLanguage":"de"},{"@type":"Person","@id":"https:\/\/www.pfadilandshut.ch\/wordpress\/#\/schema\/person\/73a04e42fdd26bf56614c5e4a983e2e4","name":"Leiter","image":{"@type":"ImageObject","inLanguage":"de","@id":"https:\/\/www.pfadilandshut.ch\/wordpress\/#\/schema\/person\/image\/","url":"https:\/\/secure.gravatar.com\/avatar\/a499af3e0a67c3e44221bee8544bf8b0?s=96&d=mm&r=g","contentUrl":"https:\/\/secure.gravatar.com\/avatar\/a499af3e0a67c3e44221bee8544bf8b0?s=96&d=mm&r=g","caption":"Leiter"},"sameAs":["http:\/\/www.pfadilandshut.ch"],"url":"https:\/\/www.pfadilandshut.ch\/wordpress\/?author=5"}]}},"_links":{"self":[{"href":"https:\/\/www.pfadilandshut.ch\/wordpress\/index.php?rest_route=\/wp\/v2\/posts\/897"}],"collection":[{"href":"https:\/\/www.pfadilandshut.ch\/wordpress\/index.php?rest_route=\/wp\/v2\/posts"}],"about":[{"href":"https:\/\/www.pfadilandshut.ch\/wordpress\/index.php?rest_route=\/wp\/v2\/types\/post"}],"author":[{"embeddable":true,"href":"https:\/\/www.pfadilandshut.ch\/wordpress\/index.php?rest_route=\/wp\/v2\/users\/5"}],"replies":[{"embeddable":true,"href":"https:\/\/www.pfadilandshut.ch\/wordpress\/index.php?rest_route=%2Fwp%2Fv2%2Fcomments&post=897"}],"version-history":[{"count":2,"href":"https:\/\/www.pfadilandshut.ch\/wordpress\/index.php?rest_route=\/wp\/v2\/posts\/897\/revisions"}],"predecessor-version":[{"id":904,"href":"https:\/\/www.pfadilandshut.ch\/wordpress\/index.php?rest_route=\/wp\/v2\/posts\/897\/revisions\/904"}],"wp:attachment":[{"href":"https:\/\/www.pfadilandshut.ch\/wordpress\/index.php?rest_route=%2Fwp%2Fv2%2Fmedia&parent=897"}],"wp:term":[{"taxonomy":"category","embeddable":true,"href":"https:\/\/www.pfadilandshut.ch\/wordpress\/index.php?rest_route=%2Fwp%2Fv2%2Fcategories&post=897"},{"taxonomy":"post_tag","embeddable":true,"href":"https:\/\/www.pfadilandshut.ch\/wordpress\/index.php?rest_route=%2Fwp%2Fv2%2Ftags&post=897"}],"curies":[{"name":"wp","href":"https:\/\/api.w.org\/{rel}","templated":true}]}}