{"id":905,"date":"2017-03-18T12:25:41","date_gmt":"2017-03-18T11:25:41","guid":{"rendered":"http:\/\/www.pfadilandshut.ch\/wordpress\/?p=905"},"modified":"2017-03-18T12:25:41","modified_gmt":"2017-03-18T11:25:41","slug":"nationaler-pfadischnuppertag-am-25-03-2017","status":"publish","type":"post","link":"https:\/\/www.pfadilandshut.ch\/wordpress\/?p=905","title":{"rendered":"Nationaler Pfadischnuppertag am 25.03.2017"},"content":{"rendered":"<p>Der nationale Pfadischnuppertag steht vor der T\u00fcr.<\/p>\n<p>Hast du vom letzten Sola nach den Sommerferien viel davon erz\u00e4hlt wie cool es gewesen ist? Deine Schulkameraden haben dir begeistert zugeh\u00f6rt und wollen auch so etwas erleben? Dann ist dies die perfekte Gelegenheit dazu! Bringe sie mit&#8230;<\/p>\n<p>Jeder der Lust und Zeit hat kann am 25.M\u00e4rz etwas Pfadiluft schnuppern kommen. \u00a0Der Treffpunkt ist wie immer um 13.30 beim Pfadiheim hinter dem Saalbau B\u00e4tterkinden (SAB).<\/p>\n<p>Das ganze Leitungsteam freut sich viele neue Gesichter begr\u00fcssen zu \u00a0d\u00fcrfen. Bis dann!<\/p>\n<p><a href=\"http:\/\/www.pfadilandshut.ch\/wordpress\/?attachment_id=894#main\" rel=\"attachment wp-att-894\"><img loading=\"lazy\" decoding=\"async\" class=\"alignnone wp-image-894\" src=\"http:\/\/www.pfadilandshut.ch\/wordpress\/wp-content\/uploads\/2017\/03\/image-300x215.jpg\" alt=\"\" width=\"522\" height=\"374\" srcset=\"https:\/\/www.pfadilandshut.ch\/wordpress\/wp-content\/uploads\/2017\/03\/image-300x215.jpg 300w, https:\/\/www.pfadilandshut.ch\/wordpress\/wp-content\/uploads\/2017\/03\/image.jpg 309w\" sizes=\"(max-width: 522px) 100vw, 522px\" \/><\/a><\/p>\n","protected":false},"excerpt":{"rendered":"<p>Der nationale Pfadischnuppertag steht vor der T\u00fcr. Hast du vom letzten Sola nach den Sommerferien viel davon erz\u00e4hlt wie cool es gewesen ist? Deine Schulkameraden haben dir begeistert zugeh\u00f6rt und wollen auch so etwas erleben? Dann ist dies die perfekte Gelegenheit dazu! Bringe sie mit&#8230; Jeder der Lust und Zeit hat kann am 25.M\u00e4rz etwas [&hellip;]<\/p>\n","protected":false},"author":5,"featured_media":0,"comment_status":"open","ping_status":"open","sticky":false,"template":"","format":"standard","meta":{"footnotes":""},"categories":[3],"tags":[],"yoast_head":"<!-- This site is optimized with the Yoast SEO plugin v22.2 - https:\/\/yoast.com\/wordpress\/plugins\/seo\/ -->\n<title>Nationaler Pfadischnuppertag am 25.03.2017 - Pfadilandshut.ch<\/title>\n<meta name=\"robots\" content=\"index, follow, max-snippet:-1, max-image-preview:large, max-video-preview:-1\" \/>\n<link rel=\"canonical\" href=\"https:\/\/www.pfadilandshut.ch\/wordpress\/?p=905\" \/>\n<meta property=\"og:locale\" content=\"de_DE\" \/>\n<meta property=\"og:type\" content=\"article\" \/>\n<meta property=\"og:title\" content=\"Nationaler Pfadischnuppertag am 25.03.2017 - Pfadilandshut.ch\" \/>\n<meta property=\"og:description\" content=\"Der nationale Pfadischnuppertag steht vor der T\u00fcr. Hast du vom letzten Sola nach den Sommerferien viel davon erz\u00e4hlt wie cool es gewesen ist? Deine Schulkameraden haben dir begeistert zugeh\u00f6rt und wollen auch so etwas erleben? Dann ist dies die perfekte Gelegenheit dazu! Bringe sie mit&#8230; Jeder der Lust und Zeit hat kann am 25.M\u00e4rz etwas [&hellip;]\" \/>\n<meta property=\"og:url\" content=\"https:\/\/www.pfadilandshut.ch\/wordpress\/?p=905\" \/>\n<meta property=\"og:site_name\" content=\"Pfadilandshut.ch\" \/>\n<meta property=\"article:published_time\" content=\"2017-03-18T11:25:41+00:00\" \/>\n<meta property=\"og:image\" content=\"http:\/\/www.pfadilandshut.ch\/wordpress\/wp-content\/uploads\/2017\/03\/image-300x215.jpg\" \/>\n<meta name=\"author\" content=\"Leiter\" \/>\n<meta name=\"twitter:card\" content=\"summary_large_image\" \/>\n<meta name=\"twitter:label1\" content=\"Verfasst von\" \/>\n\t<meta name=\"twitter:data1\" content=\"Leiter\" \/>\n<script type=\"application\/ld+json\" class=\"yoast-schema-graph\">{\"@context\":\"https:\/\/schema.org\",\"@graph\":[{\"@type\":\"WebPage\",\"@id\":\"https:\/\/www.pfadilandshut.ch\/wordpress\/?p=905\",\"url\":\"https:\/\/www.pfadilandshut.ch\/wordpress\/?p=905\",\"name\":\"Nationaler Pfadischnuppertag am 25.03.2017 - Pfadilandshut.ch\",\"isPartOf\":{\"@id\":\"https:\/\/www.pfadilandshut.ch\/wordpress\/#website\"},\"primaryImageOfPage\":{\"@id\":\"https:\/\/www.pfadilandshut.ch\/wordpress\/?p=905#primaryimage\"},\"image\":{\"@id\":\"https:\/\/www.pfadilandshut.ch\/wordpress\/?p=905#primaryimage\"},\"thumbnailUrl\":\"http:\/\/www.pfadilandshut.ch\/wordpress\/wp-content\/uploads\/2017\/03\/image-300x215.jpg\",\"datePublished\":\"2017-03-18T11:25:41+00:00\",\"dateModified\":\"2017-03-18T11:25:41+00:00\",\"author\":{\"@id\":\"https:\/\/www.pfadilandshut.ch\/wordpress\/#\/schema\/person\/73a04e42fdd26bf56614c5e4a983e2e4\"},\"breadcrumb\":{\"@id\":\"https:\/\/www.pfadilandshut.ch\/wordpress\/?p=905#breadcrumb\"},\"inLanguage\":\"de\",\"potentialAction\":[{\"@type\":\"ReadAction\",\"target\":[\"https:\/\/www.pfadilandshut.ch\/wordpress\/?p=905\"]}]},{\"@type\":\"ImageObject\",\"inLanguage\":\"de\",\"@id\":\"https:\/\/www.pfadilandshut.ch\/wordpress\/?p=905#primaryimage\",\"url\":\"http:\/\/www.pfadilandshut.ch\/wordpress\/wp-content\/uploads\/2017\/03\/image-300x215.jpg\",\"contentUrl\":\"http:\/\/www.pfadilandshut.ch\/wordpress\/wp-content\/uploads\/2017\/03\/image-300x215.jpg\"},{\"@type\":\"BreadcrumbList\",\"@id\":\"https:\/\/www.pfadilandshut.ch\/wordpress\/?p=905#breadcrumb\",\"itemListElement\":[{\"@type\":\"ListItem\",\"position\":1,\"name\":\"Startseite\",\"item\":\"https:\/\/www.pfadilandshut.ch\/wordpress\/\"},{\"@type\":\"ListItem\",\"position\":2,\"name\":\"Nationaler Pfadischnuppertag am 25.03.2017\"}]},{\"@type\":\"WebSite\",\"@id\":\"https:\/\/www.pfadilandshut.ch\/wordpress\/#website\",\"url\":\"https:\/\/www.pfadilandshut.ch\/wordpress\/\",\"name\":\"Pfadilandshut.ch\",\"description\":\"Pfadi Abteilung aus B\u00e4tterkinden BE\",\"potentialAction\":[{\"@type\":\"SearchAction\",\"target\":{\"@type\":\"EntryPoint\",\"urlTemplate\":\"https:\/\/www.pfadilandshut.ch\/wordpress\/?s={search_term_string}\"},\"query-input\":\"required name=search_term_string\"}],\"inLanguage\":\"de\"},{\"@type\":\"Person\",\"@id\":\"https:\/\/www.pfadilandshut.ch\/wordpress\/#\/schema\/person\/73a04e42fdd26bf56614c5e4a983e2e4\",\"name\":\"Leiter\",\"image\":{\"@type\":\"ImageObject\",\"inLanguage\":\"de\",\"@id\":\"https:\/\/www.pfadilandshut.ch\/wordpress\/#\/schema\/person\/image\/\",\"url\":\"https:\/\/secure.gravatar.com\/avatar\/a499af3e0a67c3e44221bee8544bf8b0?s=96&d=mm&r=g\",\"contentUrl\":\"https:\/\/secure.gravatar.com\/avatar\/a499af3e0a67c3e44221bee8544bf8b0?s=96&d=mm&r=g\",\"caption\":\"Leiter\"},\"sameAs\":[\"http:\/\/www.pfadilandshut.ch\"],\"url\":\"https:\/\/www.pfadilandshut.ch\/wordpress\/?author=5\"}]}<\/script>\n<!-- \/ Yoast SEO plugin. -->","yoast_head_json":{"title":"Nationaler Pfadischnuppertag am 25.03.2017 - Pfadilandshut.ch","robots":{"index":"index","follow":"follow","max-snippet":"max-snippet:-1","max-image-preview":"max-image-preview:large","max-video-preview":"max-video-preview:-1"},"canonical":"https:\/\/www.pfadilandshut.ch\/wordpress\/?p=905","og_locale":"de_DE","og_type":"article","og_title":"Nationaler Pfadischnuppertag am 25.03.2017 - Pfadilandshut.ch","og_description":"Der nationale Pfadischnuppertag steht vor der T\u00fcr. Hast du vom letzten Sola nach den Sommerferien viel davon erz\u00e4hlt wie cool es gewesen ist? Deine Schulkameraden haben dir begeistert zugeh\u00f6rt und wollen auch so etwas erleben? Dann ist dies die perfekte Gelegenheit dazu! Bringe sie mit&#8230; Jeder der Lust und Zeit hat kann am 25.M\u00e4rz etwas [&hellip;]","og_url":"https:\/\/www.pfadilandshut.ch\/wordpress\/?p=905","og_site_name":"Pfadilandshut.ch","article_published_time":"2017-03-18T11:25:41+00:00","og_image":[{"url":"http:\/\/www.pfadilandshut.ch\/wordpress\/wp-content\/uploads\/2017\/03\/image-300x215.jpg"}],"author":"Leiter","twitter_card":"summary_large_image","twitter_misc":{"Verfasst von":"Leiter"},"schema":{"@context":"https:\/\/schema.org","@graph":[{"@type":"WebPage","@id":"https:\/\/www.pfadilandshut.ch\/wordpress\/?p=905","url":"https:\/\/www.pfadilandshut.ch\/wordpress\/?p=905","name":"Nationaler Pfadischnuppertag am 25.03.2017 - Pfadilandshut.ch","isPartOf":{"@id":"https:\/\/www.pfadilandshut.ch\/wordpress\/#website"},"primaryImageOfPage":{"@id":"https:\/\/www.pfadilandshut.ch\/wordpress\/?p=905#primaryimage"},"image":{"@id":"https:\/\/www.pfadilandshut.ch\/wordpress\/?p=905#primaryimage"},"thumbnailUrl":"http:\/\/www.pfadilandshut.ch\/wordpress\/wp-content\/uploads\/2017\/03\/image-300x215.jpg","datePublished":"2017-03-18T11:25:41+00:00","dateModified":"2017-03-18T11:25:41+00:00","author":{"@id":"https:\/\/www.pfadilandshut.ch\/wordpress\/#\/schema\/person\/73a04e42fdd26bf56614c5e4a983e2e4"},"breadcrumb":{"@id":"https:\/\/www.pfadilandshut.ch\/wordpress\/?p=905#breadcrumb"},"inLanguage":"de","potentialAction":[{"@type":"ReadAction","target":["https:\/\/www.pfadilandshut.ch\/wordpress\/?p=905"]}]},{"@type":"ImageObject","inLanguage":"de","@id":"https:\/\/www.pfadilandshut.ch\/wordpress\/?p=905#primaryimage","url":"http:\/\/www.pfadilandshut.ch\/wordpress\/wp-content\/uploads\/2017\/03\/image-300x215.jpg","contentUrl":"http:\/\/www.pfadilandshut.ch\/wordpress\/wp-content\/uploads\/2017\/03\/image-300x215.jpg"},{"@type":"BreadcrumbList","@id":"https:\/\/www.pfadilandshut.ch\/wordpress\/?p=905#breadcrumb","itemListElement":[{"@type":"ListItem","position":1,"name":"Startseite","item":"https:\/\/www.pfadilandshut.ch\/wordpress\/"},{"@type":"ListItem","position":2,"name":"Nationaler Pfadischnuppertag am 25.03.2017"}]},{"@type":"WebSite","@id":"https:\/\/www.pfadilandshut.ch\/wordpress\/#website","url":"https:\/\/www.pfadilandshut.ch\/wordpress\/","name":"Pfadilandshut.ch","description":"Pfadi Abteilung aus B\u00e4tterkinden BE","potentialAction":[{"@type":"SearchAction","target":{"@type":"EntryPoint","urlTemplate":"https:\/\/www.pfadilandshut.ch\/wordpress\/?s={search_term_string}"},"query-input":"required name=search_term_string"}],"inLanguage":"de"},{"@type":"Person","@id":"https:\/\/www.pfadilandshut.ch\/wordpress\/#\/schema\/person\/73a04e42fdd26bf56614c5e4a983e2e4","name":"Leiter","image":{"@type":"ImageObject","inLanguage":"de","@id":"https:\/\/www.pfadilandshut.ch\/wordpress\/#\/schema\/person\/image\/","url":"https:\/\/secure.gravatar.com\/avatar\/a499af3e0a67c3e44221bee8544bf8b0?s=96&d=mm&r=g","contentUrl":"https:\/\/secure.gravatar.com\/avatar\/a499af3e0a67c3e44221bee8544bf8b0?s=96&d=mm&r=g","caption":"Leiter"},"sameAs":["http:\/\/www.pfadilandshut.ch"],"url":"https:\/\/www.pfadilandshut.ch\/wordpress\/?author=5"}]}},"_links":{"self":[{"href":"https:\/\/www.pfadilandshut.ch\/wordpress\/index.php?rest_route=\/wp\/v2\/posts\/905"}],"collection":[{"href":"https:\/\/www.pfadilandshut.ch\/wordpress\/index.php?rest_route=\/wp\/v2\/posts"}],"about":[{"href":"https:\/\/www.pfadilandshut.ch\/wordpress\/index.php?rest_route=\/wp\/v2\/types\/post"}],"author":[{"embeddable":true,"href":"https:\/\/www.pfadilandshut.ch\/wordpress\/index.php?rest_route=\/wp\/v2\/users\/5"}],"replies":[{"embeddable":true,"href":"https:\/\/www.pfadilandshut.ch\/wordpress\/index.php?rest_route=%2Fwp%2Fv2%2Fcomments&post=905"}],"version-history":[{"count":1,"href":"https:\/\/www.pfadilandshut.ch\/wordpress\/index.php?rest_route=\/wp\/v2\/posts\/905\/revisions"}],"predecessor-version":[{"id":906,"href":"https:\/\/www.pfadilandshut.ch\/wordpress\/index.php?rest_route=\/wp\/v2\/posts\/905\/revisions\/906"}],"wp:attachment":[{"href":"https:\/\/www.pfadilandshut.ch\/wordpress\/index.php?rest_route=%2Fwp%2Fv2%2Fmedia&parent=905"}],"wp:term":[{"taxonomy":"category","embeddable":true,"href":"https:\/\/www.pfadilandshut.ch\/wordpress\/index.php?rest_route=%2Fwp%2Fv2%2Fcategories&post=905"},{"taxonomy":"post_tag","embeddable":true,"href":"https:\/\/www.pfadilandshut.ch\/wordpress\/index.php?rest_route=%2Fwp%2Fv2%2Ftags&post=905"}],"curies":[{"name":"wp","href":"https:\/\/api.w.org\/{rel}","templated":true}]}}