{"id":908,"date":"2017-03-28T18:43:29","date_gmt":"2017-03-28T17:43:29","guid":{"rendered":"http:\/\/www.pfadilandshut.ch\/wordpress\/?p=908"},"modified":"2017-03-28T18:43:29","modified_gmt":"2017-03-28T17:43:29","slug":"pfaditag-review","status":"publish","type":"post","link":"https:\/\/www.pfadilandshut.ch\/wordpress\/?p=908","title":{"rendered":"Pfaditag- Review"},"content":{"rendered":"<p>Der Pfaditag vom 25. M\u00e4rz war unglaublich. So viele neue Gesichter durften wir begr\u00fcssen und dazu einladen Pfadiluft zu schnuppern. Wir freuen uns bereits, m\u00f6glichst viele der neuen 47(!!) Kinder und Jugendlichen nach der Fr\u00fchlingspause, wieder begr\u00fcssen zu d\u00fcrfen! Die insgesamt 96 Teilnehmer an diesem Nachmittag genossen nicht nur das sch\u00f6ne Wetter sondern lernten, h\u00f6rten oder spielten viel zu viel um hier alles aufzuf\u00fchren. Sie erz\u00e4hlen es bestimmt mit Freude&#8230;<\/p>\n<p>Einfach Wow, doch seht selbst:<\/p>\n<p><a href=\"http:\/\/www.pfadilandshut.ch\/wordpress\/?attachment_id=909#main\" rel=\"attachment wp-att-909\"><img loading=\"lazy\" decoding=\"async\" class=\"alignnone size-medium wp-image-909\" src=\"http:\/\/www.pfadilandshut.ch\/wordpress\/wp-content\/uploads\/2017\/03\/P1070625-300x225.jpg\" alt=\"\" width=\"300\" height=\"225\" srcset=\"https:\/\/www.pfadilandshut.ch\/wordpress\/wp-content\/uploads\/2017\/03\/P1070625-300x225.jpg 300w, https:\/\/www.pfadilandshut.ch\/wordpress\/wp-content\/uploads\/2017\/03\/P1070625-768x577.jpg 768w, https:\/\/www.pfadilandshut.ch\/wordpress\/wp-content\/uploads\/2017\/03\/P1070625-1024x769.jpg 1024w, https:\/\/www.pfadilandshut.ch\/wordpress\/wp-content\/uploads\/2017\/03\/P1070625-619x465.jpg 619w\" sizes=\"(max-width: 300px) 100vw, 300px\" \/><\/a> <a href=\"http:\/\/www.pfadilandshut.ch\/wordpress\/?attachment_id=910#main\" rel=\"attachment wp-att-910\"><img loading=\"lazy\" decoding=\"async\" class=\"alignnone size-medium wp-image-910\" src=\"http:\/\/www.pfadilandshut.ch\/wordpress\/wp-content\/uploads\/2017\/03\/P1070643-300x225.jpg\" alt=\"\" width=\"300\" height=\"225\" srcset=\"https:\/\/www.pfadilandshut.ch\/wordpress\/wp-content\/uploads\/2017\/03\/P1070643-300x225.jpg 300w, https:\/\/www.pfadilandshut.ch\/wordpress\/wp-content\/uploads\/2017\/03\/P1070643-768x577.jpg 768w, https:\/\/www.pfadilandshut.ch\/wordpress\/wp-content\/uploads\/2017\/03\/P1070643-1024x769.jpg 1024w, https:\/\/www.pfadilandshut.ch\/wordpress\/wp-content\/uploads\/2017\/03\/P1070643-619x465.jpg 619w\" sizes=\"(max-width: 300px) 100vw, 300px\" \/><\/a> <a href=\"http:\/\/www.pfadilandshut.ch\/wordpress\/?attachment_id=911#main\" rel=\"attachment wp-att-911\"><img loading=\"lazy\" decoding=\"async\" class=\"alignnone size-medium wp-image-911\" src=\"http:\/\/www.pfadilandshut.ch\/wordpress\/wp-content\/uploads\/2017\/03\/P1070889-300x225.jpg\" alt=\"\" width=\"300\" height=\"225\" srcset=\"https:\/\/www.pfadilandshut.ch\/wordpress\/wp-content\/uploads\/2017\/03\/P1070889-300x225.jpg 300w, https:\/\/www.pfadilandshut.ch\/wordpress\/wp-content\/uploads\/2017\/03\/P1070889-768x577.jpg 768w, https:\/\/www.pfadilandshut.ch\/wordpress\/wp-content\/uploads\/2017\/03\/P1070889-1024x769.jpg 1024w, https:\/\/www.pfadilandshut.ch\/wordpress\/wp-content\/uploads\/2017\/03\/P1070889-619x465.jpg 619w\" sizes=\"(max-width: 300px) 100vw, 300px\" \/><\/a> <a href=\"http:\/\/www.pfadilandshut.ch\/wordpress\/?attachment_id=912#main\" rel=\"attachment wp-att-912\"><img loading=\"lazy\" decoding=\"async\" class=\"alignnone wp-image-912\" src=\"http:\/\/www.pfadilandshut.ch\/wordpress\/wp-content\/uploads\/2017\/03\/P1070974-300x225.jpg\" alt=\"\" width=\"298\" height=\"224\" srcset=\"https:\/\/www.pfadilandshut.ch\/wordpress\/wp-content\/uploads\/2017\/03\/P1070974-300x225.jpg 300w, https:\/\/www.pfadilandshut.ch\/wordpress\/wp-content\/uploads\/2017\/03\/P1070974-768x577.jpg 768w, https:\/\/www.pfadilandshut.ch\/wordpress\/wp-content\/uploads\/2017\/03\/P1070974-1024x769.jpg 1024w, https:\/\/www.pfadilandshut.ch\/wordpress\/wp-content\/uploads\/2017\/03\/P1070974-619x465.jpg 619w\" sizes=\"(max-width: 298px) 100vw, 298px\" \/><\/a><\/p>\n","protected":false},"excerpt":{"rendered":"<p>Der Pfaditag vom 25. M\u00e4rz war unglaublich. So viele neue Gesichter durften wir begr\u00fcssen und dazu einladen Pfadiluft zu schnuppern. Wir freuen uns bereits, m\u00f6glichst viele der neuen 47(!!) Kinder und Jugendlichen nach der Fr\u00fchlingspause, wieder begr\u00fcssen zu d\u00fcrfen! Die insgesamt 96 Teilnehmer an diesem Nachmittag genossen nicht nur das sch\u00f6ne Wetter sondern lernten, h\u00f6rten [&hellip;]<\/p>\n","protected":false},"author":5,"featured_media":0,"comment_status":"open","ping_status":"open","sticky":false,"template":"","format":"standard","meta":{"footnotes":""},"categories":[3],"tags":[],"yoast_head":"<!-- This site is optimized with the Yoast SEO plugin v22.2 - https:\/\/yoast.com\/wordpress\/plugins\/seo\/ -->\n<title>Pfaditag- Review - Pfadilandshut.ch<\/title>\n<meta name=\"robots\" content=\"index, follow, max-snippet:-1, max-image-preview:large, max-video-preview:-1\" \/>\n<link rel=\"canonical\" href=\"https:\/\/www.pfadilandshut.ch\/wordpress\/?p=908\" \/>\n<meta property=\"og:locale\" content=\"de_DE\" \/>\n<meta property=\"og:type\" content=\"article\" \/>\n<meta property=\"og:title\" content=\"Pfaditag- Review - Pfadilandshut.ch\" \/>\n<meta property=\"og:description\" content=\"Der Pfaditag vom 25. M\u00e4rz war unglaublich. So viele neue Gesichter durften wir begr\u00fcssen und dazu einladen Pfadiluft zu schnuppern. Wir freuen uns bereits, m\u00f6glichst viele der neuen 47(!!) Kinder und Jugendlichen nach der Fr\u00fchlingspause, wieder begr\u00fcssen zu d\u00fcrfen! Die insgesamt 96 Teilnehmer an diesem Nachmittag genossen nicht nur das sch\u00f6ne Wetter sondern lernten, h\u00f6rten [&hellip;]\" \/>\n<meta property=\"og:url\" content=\"https:\/\/www.pfadilandshut.ch\/wordpress\/?p=908\" \/>\n<meta property=\"og:site_name\" content=\"Pfadilandshut.ch\" \/>\n<meta property=\"article:published_time\" content=\"2017-03-28T17:43:29+00:00\" \/>\n<meta property=\"og:image\" content=\"http:\/\/www.pfadilandshut.ch\/wordpress\/wp-content\/uploads\/2017\/03\/P1070625-300x225.jpg\" \/>\n<meta name=\"author\" content=\"Leiter\" \/>\n<meta name=\"twitter:card\" content=\"summary_large_image\" \/>\n<meta name=\"twitter:label1\" content=\"Verfasst von\" \/>\n\t<meta name=\"twitter:data1\" content=\"Leiter\" \/>\n<script type=\"application\/ld+json\" class=\"yoast-schema-graph\">{\"@context\":\"https:\/\/schema.org\",\"@graph\":[{\"@type\":\"WebPage\",\"@id\":\"https:\/\/www.pfadilandshut.ch\/wordpress\/?p=908\",\"url\":\"https:\/\/www.pfadilandshut.ch\/wordpress\/?p=908\",\"name\":\"Pfaditag- Review - Pfadilandshut.ch\",\"isPartOf\":{\"@id\":\"https:\/\/www.pfadilandshut.ch\/wordpress\/#website\"},\"primaryImageOfPage\":{\"@id\":\"https:\/\/www.pfadilandshut.ch\/wordpress\/?p=908#primaryimage\"},\"image\":{\"@id\":\"https:\/\/www.pfadilandshut.ch\/wordpress\/?p=908#primaryimage\"},\"thumbnailUrl\":\"http:\/\/www.pfadilandshut.ch\/wordpress\/wp-content\/uploads\/2017\/03\/P1070625-300x225.jpg\",\"datePublished\":\"2017-03-28T17:43:29+00:00\",\"dateModified\":\"2017-03-28T17:43:29+00:00\",\"author\":{\"@id\":\"https:\/\/www.pfadilandshut.ch\/wordpress\/#\/schema\/person\/73a04e42fdd26bf56614c5e4a983e2e4\"},\"breadcrumb\":{\"@id\":\"https:\/\/www.pfadilandshut.ch\/wordpress\/?p=908#breadcrumb\"},\"inLanguage\":\"de\",\"potentialAction\":[{\"@type\":\"ReadAction\",\"target\":[\"https:\/\/www.pfadilandshut.ch\/wordpress\/?p=908\"]}]},{\"@type\":\"ImageObject\",\"inLanguage\":\"de\",\"@id\":\"https:\/\/www.pfadilandshut.ch\/wordpress\/?p=908#primaryimage\",\"url\":\"http:\/\/www.pfadilandshut.ch\/wordpress\/wp-content\/uploads\/2017\/03\/P1070625-300x225.jpg\",\"contentUrl\":\"http:\/\/www.pfadilandshut.ch\/wordpress\/wp-content\/uploads\/2017\/03\/P1070625-300x225.jpg\"},{\"@type\":\"BreadcrumbList\",\"@id\":\"https:\/\/www.pfadilandshut.ch\/wordpress\/?p=908#breadcrumb\",\"itemListElement\":[{\"@type\":\"ListItem\",\"position\":1,\"name\":\"Startseite\",\"item\":\"https:\/\/www.pfadilandshut.ch\/wordpress\/\"},{\"@type\":\"ListItem\",\"position\":2,\"name\":\"Pfaditag- Review\"}]},{\"@type\":\"WebSite\",\"@id\":\"https:\/\/www.pfadilandshut.ch\/wordpress\/#website\",\"url\":\"https:\/\/www.pfadilandshut.ch\/wordpress\/\",\"name\":\"Pfadilandshut.ch\",\"description\":\"Pfadi Abteilung aus B\u00e4tterkinden BE\",\"potentialAction\":[{\"@type\":\"SearchAction\",\"target\":{\"@type\":\"EntryPoint\",\"urlTemplate\":\"https:\/\/www.pfadilandshut.ch\/wordpress\/?s={search_term_string}\"},\"query-input\":\"required name=search_term_string\"}],\"inLanguage\":\"de\"},{\"@type\":\"Person\",\"@id\":\"https:\/\/www.pfadilandshut.ch\/wordpress\/#\/schema\/person\/73a04e42fdd26bf56614c5e4a983e2e4\",\"name\":\"Leiter\",\"image\":{\"@type\":\"ImageObject\",\"inLanguage\":\"de\",\"@id\":\"https:\/\/www.pfadilandshut.ch\/wordpress\/#\/schema\/person\/image\/\",\"url\":\"https:\/\/secure.gravatar.com\/avatar\/a499af3e0a67c3e44221bee8544bf8b0?s=96&d=mm&r=g\",\"contentUrl\":\"https:\/\/secure.gravatar.com\/avatar\/a499af3e0a67c3e44221bee8544bf8b0?s=96&d=mm&r=g\",\"caption\":\"Leiter\"},\"sameAs\":[\"http:\/\/www.pfadilandshut.ch\"],\"url\":\"https:\/\/www.pfadilandshut.ch\/wordpress\/?author=5\"}]}<\/script>\n<!-- \/ Yoast SEO plugin. -->","yoast_head_json":{"title":"Pfaditag- Review - Pfadilandshut.ch","robots":{"index":"index","follow":"follow","max-snippet":"max-snippet:-1","max-image-preview":"max-image-preview:large","max-video-preview":"max-video-preview:-1"},"canonical":"https:\/\/www.pfadilandshut.ch\/wordpress\/?p=908","og_locale":"de_DE","og_type":"article","og_title":"Pfaditag- Review - Pfadilandshut.ch","og_description":"Der Pfaditag vom 25. M\u00e4rz war unglaublich. So viele neue Gesichter durften wir begr\u00fcssen und dazu einladen Pfadiluft zu schnuppern. Wir freuen uns bereits, m\u00f6glichst viele der neuen 47(!!) Kinder und Jugendlichen nach der Fr\u00fchlingspause, wieder begr\u00fcssen zu d\u00fcrfen! Die insgesamt 96 Teilnehmer an diesem Nachmittag genossen nicht nur das sch\u00f6ne Wetter sondern lernten, h\u00f6rten [&hellip;]","og_url":"https:\/\/www.pfadilandshut.ch\/wordpress\/?p=908","og_site_name":"Pfadilandshut.ch","article_published_time":"2017-03-28T17:43:29+00:00","og_image":[{"url":"http:\/\/www.pfadilandshut.ch\/wordpress\/wp-content\/uploads\/2017\/03\/P1070625-300x225.jpg"}],"author":"Leiter","twitter_card":"summary_large_image","twitter_misc":{"Verfasst von":"Leiter"},"schema":{"@context":"https:\/\/schema.org","@graph":[{"@type":"WebPage","@id":"https:\/\/www.pfadilandshut.ch\/wordpress\/?p=908","url":"https:\/\/www.pfadilandshut.ch\/wordpress\/?p=908","name":"Pfaditag- Review - Pfadilandshut.ch","isPartOf":{"@id":"https:\/\/www.pfadilandshut.ch\/wordpress\/#website"},"primaryImageOfPage":{"@id":"https:\/\/www.pfadilandshut.ch\/wordpress\/?p=908#primaryimage"},"image":{"@id":"https:\/\/www.pfadilandshut.ch\/wordpress\/?p=908#primaryimage"},"thumbnailUrl":"http:\/\/www.pfadilandshut.ch\/wordpress\/wp-content\/uploads\/2017\/03\/P1070625-300x225.jpg","datePublished":"2017-03-28T17:43:29+00:00","dateModified":"2017-03-28T17:43:29+00:00","author":{"@id":"https:\/\/www.pfadilandshut.ch\/wordpress\/#\/schema\/person\/73a04e42fdd26bf56614c5e4a983e2e4"},"breadcrumb":{"@id":"https:\/\/www.pfadilandshut.ch\/wordpress\/?p=908#breadcrumb"},"inLanguage":"de","potentialAction":[{"@type":"ReadAction","target":["https:\/\/www.pfadilandshut.ch\/wordpress\/?p=908"]}]},{"@type":"ImageObject","inLanguage":"de","@id":"https:\/\/www.pfadilandshut.ch\/wordpress\/?p=908#primaryimage","url":"http:\/\/www.pfadilandshut.ch\/wordpress\/wp-content\/uploads\/2017\/03\/P1070625-300x225.jpg","contentUrl":"http:\/\/www.pfadilandshut.ch\/wordpress\/wp-content\/uploads\/2017\/03\/P1070625-300x225.jpg"},{"@type":"BreadcrumbList","@id":"https:\/\/www.pfadilandshut.ch\/wordpress\/?p=908#breadcrumb","itemListElement":[{"@type":"ListItem","position":1,"name":"Startseite","item":"https:\/\/www.pfadilandshut.ch\/wordpress\/"},{"@type":"ListItem","position":2,"name":"Pfaditag- Review"}]},{"@type":"WebSite","@id":"https:\/\/www.pfadilandshut.ch\/wordpress\/#website","url":"https:\/\/www.pfadilandshut.ch\/wordpress\/","name":"Pfadilandshut.ch","description":"Pfadi Abteilung aus B\u00e4tterkinden BE","potentialAction":[{"@type":"SearchAction","target":{"@type":"EntryPoint","urlTemplate":"https:\/\/www.pfadilandshut.ch\/wordpress\/?s={search_term_string}"},"query-input":"required name=search_term_string"}],"inLanguage":"de"},{"@type":"Person","@id":"https:\/\/www.pfadilandshut.ch\/wordpress\/#\/schema\/person\/73a04e42fdd26bf56614c5e4a983e2e4","name":"Leiter","image":{"@type":"ImageObject","inLanguage":"de","@id":"https:\/\/www.pfadilandshut.ch\/wordpress\/#\/schema\/person\/image\/","url":"https:\/\/secure.gravatar.com\/avatar\/a499af3e0a67c3e44221bee8544bf8b0?s=96&d=mm&r=g","contentUrl":"https:\/\/secure.gravatar.com\/avatar\/a499af3e0a67c3e44221bee8544bf8b0?s=96&d=mm&r=g","caption":"Leiter"},"sameAs":["http:\/\/www.pfadilandshut.ch"],"url":"https:\/\/www.pfadilandshut.ch\/wordpress\/?author=5"}]}},"_links":{"self":[{"href":"https:\/\/www.pfadilandshut.ch\/wordpress\/index.php?rest_route=\/wp\/v2\/posts\/908"}],"collection":[{"href":"https:\/\/www.pfadilandshut.ch\/wordpress\/index.php?rest_route=\/wp\/v2\/posts"}],"about":[{"href":"https:\/\/www.pfadilandshut.ch\/wordpress\/index.php?rest_route=\/wp\/v2\/types\/post"}],"author":[{"embeddable":true,"href":"https:\/\/www.pfadilandshut.ch\/wordpress\/index.php?rest_route=\/wp\/v2\/users\/5"}],"replies":[{"embeddable":true,"href":"https:\/\/www.pfadilandshut.ch\/wordpress\/index.php?rest_route=%2Fwp%2Fv2%2Fcomments&post=908"}],"version-history":[{"count":2,"href":"https:\/\/www.pfadilandshut.ch\/wordpress\/index.php?rest_route=\/wp\/v2\/posts\/908\/revisions"}],"predecessor-version":[{"id":914,"href":"https:\/\/www.pfadilandshut.ch\/wordpress\/index.php?rest_route=\/wp\/v2\/posts\/908\/revisions\/914"}],"wp:attachment":[{"href":"https:\/\/www.pfadilandshut.ch\/wordpress\/index.php?rest_route=%2Fwp%2Fv2%2Fmedia&parent=908"}],"wp:term":[{"taxonomy":"category","embeddable":true,"href":"https:\/\/www.pfadilandshut.ch\/wordpress\/index.php?rest_route=%2Fwp%2Fv2%2Fcategories&post=908"},{"taxonomy":"post_tag","embeddable":true,"href":"https:\/\/www.pfadilandshut.ch\/wordpress\/index.php?rest_route=%2Fwp%2Fv2%2Ftags&post=908"}],"curies":[{"name":"wp","href":"https:\/\/api.w.org\/{rel}","templated":true}]}}