{"id":916,"date":"2017-05-10T21:07:41","date_gmt":"2017-05-10T20:07:41","guid":{"rendered":"http:\/\/www.pfadilandshut.ch\/wordpress\/?p=916"},"modified":"2017-05-10T21:08:55","modified_gmt":"2017-05-10T20:08:55","slug":"abteilungstag","status":"publish","type":"post","link":"https:\/\/www.pfadilandshut.ch\/wordpress\/?p=916","title":{"rendered":"Abteilungstag"},"content":{"rendered":"<p>Nach dem Pfaditag konnten wir am Abteilungstag viele neue Gesichter wiedersehen. Wie es Tradition ist am Abteilungstag, wechseln jeweils die \u00c4ltesten der jeweiligen Stufen in die n\u00e4chst \u00c4ltere.\u00a0<a href=\"http:\/\/www.pfadilandshut.ch\/wordpress\/?attachment_id=918#main\" rel=\"attachment wp-att-918\"><img loading=\"lazy\" decoding=\"async\" class=\" wp-image-918 aligncenter\" src=\"http:\/\/www.pfadilandshut.ch\/wordpress\/wp-content\/uploads\/2017\/05\/IMG-20170510-WA0007-300x225.jpg\" alt=\"\" width=\"338\" height=\"253\" srcset=\"https:\/\/www.pfadilandshut.ch\/wordpress\/wp-content\/uploads\/2017\/05\/IMG-20170510-WA0007-300x225.jpg 300w, https:\/\/www.pfadilandshut.ch\/wordpress\/wp-content\/uploads\/2017\/05\/IMG-20170510-WA0007-768x576.jpg 768w, https:\/\/www.pfadilandshut.ch\/wordpress\/wp-content\/uploads\/2017\/05\/IMG-20170510-WA0007-1024x768.jpg 1024w, https:\/\/www.pfadilandshut.ch\/wordpress\/wp-content\/uploads\/2017\/05\/IMG-20170510-WA0007-619x464.jpg 619w, https:\/\/www.pfadilandshut.ch\/wordpress\/wp-content\/uploads\/2017\/05\/IMG-20170510-WA0007.jpg 1600w\" sizes=\"(max-width: 338px) 100vw, 338px\" \/><\/a><\/p>\n<p>Und so viele Wechsel von Biber zu Wolf und Wolf zu Pfader hat es schon lange nicht mehr gegeben. Es war ein \u00fcberaus gelungener Abteilungstag konnten wir uns doch erfolgreich gegen die Sioux verteidigen. Details wurden ja sicherlich zu Hause l\u00e4ngst erz\u00e4hlt&#8230; <a href=\"http:\/\/www.pfadilandshut.ch\/wordpress\/?attachment_id=919#main\" rel=\"attachment wp-att-919\"><img loading=\"lazy\" decoding=\"async\" class=\" wp-image-919 aligncenter\" src=\"http:\/\/www.pfadilandshut.ch\/wordpress\/wp-content\/uploads\/2017\/05\/IMG-20170510-WA0008-300x225.jpg\" alt=\"\" width=\"307\" height=\"230\" srcset=\"https:\/\/www.pfadilandshut.ch\/wordpress\/wp-content\/uploads\/2017\/05\/IMG-20170510-WA0008-300x225.jpg 300w, https:\/\/www.pfadilandshut.ch\/wordpress\/wp-content\/uploads\/2017\/05\/IMG-20170510-WA0008-768x576.jpg 768w, https:\/\/www.pfadilandshut.ch\/wordpress\/wp-content\/uploads\/2017\/05\/IMG-20170510-WA0008-1024x768.jpg 1024w, https:\/\/www.pfadilandshut.ch\/wordpress\/wp-content\/uploads\/2017\/05\/IMG-20170510-WA0008-619x464.jpg 619w, https:\/\/www.pfadilandshut.ch\/wordpress\/wp-content\/uploads\/2017\/05\/IMG-20170510-WA0008.jpg 1600w\" sizes=\"(max-width: 307px) 100vw, 307px\" \/><\/a><a href=\"http:\/\/www.pfadilandshut.ch\/wordpress\/?attachment_id=917#main\" rel=\"attachment wp-att-917\"><img loading=\"lazy\" decoding=\"async\" class=\"wp-image-917 aligncenter\" src=\"http:\/\/www.pfadilandshut.ch\/wordpress\/wp-content\/uploads\/2017\/05\/IMG-20170510-WA0006-e1494446746914-300x225.jpg\" alt=\"\" width=\"302\" height=\"227\" srcset=\"https:\/\/www.pfadilandshut.ch\/wordpress\/wp-content\/uploads\/2017\/05\/IMG-20170510-WA0006-e1494446746914-300x225.jpg 300w, https:\/\/www.pfadilandshut.ch\/wordpress\/wp-content\/uploads\/2017\/05\/IMG-20170510-WA0006-e1494446746914-768x576.jpg 768w, https:\/\/www.pfadilandshut.ch\/wordpress\/wp-content\/uploads\/2017\/05\/IMG-20170510-WA0006-e1494446746914-1024x768.jpg 1024w, https:\/\/www.pfadilandshut.ch\/wordpress\/wp-content\/uploads\/2017\/05\/IMG-20170510-WA0006-e1494446746914-619x464.jpg 619w, https:\/\/www.pfadilandshut.ch\/wordpress\/wp-content\/uploads\/2017\/05\/IMG-20170510-WA0006-e1494446746914.jpg 1600w\" sizes=\"(max-width: 302px) 100vw, 302px\" \/><\/a><\/p>\n","protected":false},"excerpt":{"rendered":"<p>Nach dem Pfaditag konnten wir am Abteilungstag viele neue Gesichter wiedersehen. Wie es Tradition ist am Abteilungstag, wechseln jeweils die \u00c4ltesten der jeweiligen Stufen in die n\u00e4chst \u00c4ltere.\u00a0 Und so viele Wechsel von Biber zu Wolf und Wolf zu Pfader hat es schon lange nicht mehr gegeben. Es war ein \u00fcberaus gelungener Abteilungstag konnten wir [&hellip;]<\/p>\n","protected":false},"author":5,"featured_media":0,"comment_status":"open","ping_status":"open","sticky":false,"template":"","format":"standard","meta":{"footnotes":""},"categories":[4,3,5,7,8,6],"tags":[],"yoast_head":"<!-- This site is optimized with the Yoast SEO plugin v22.2 - https:\/\/yoast.com\/wordpress\/plugins\/seo\/ -->\n<title>Abteilungstag - Pfadilandshut.ch<\/title>\n<meta name=\"robots\" content=\"index, follow, max-snippet:-1, max-image-preview:large, max-video-preview:-1\" \/>\n<link rel=\"canonical\" href=\"https:\/\/www.pfadilandshut.ch\/wordpress\/?p=916\" \/>\n<meta property=\"og:locale\" content=\"de_DE\" \/>\n<meta property=\"og:type\" content=\"article\" \/>\n<meta property=\"og:title\" content=\"Abteilungstag - Pfadilandshut.ch\" \/>\n<meta property=\"og:description\" content=\"Nach dem Pfaditag konnten wir am Abteilungstag viele neue Gesichter wiedersehen. Wie es Tradition ist am Abteilungstag, wechseln jeweils die \u00c4ltesten der jeweiligen Stufen in die n\u00e4chst \u00c4ltere.\u00a0 Und so viele Wechsel von Biber zu Wolf und Wolf zu Pfader hat es schon lange nicht mehr gegeben. Es war ein \u00fcberaus gelungener Abteilungstag konnten wir [&hellip;]\" \/>\n<meta property=\"og:url\" content=\"https:\/\/www.pfadilandshut.ch\/wordpress\/?p=916\" \/>\n<meta property=\"og:site_name\" content=\"Pfadilandshut.ch\" \/>\n<meta property=\"article:published_time\" content=\"2017-05-10T20:07:41+00:00\" \/>\n<meta property=\"article:modified_time\" content=\"2017-05-10T20:08:55+00:00\" \/>\n<meta property=\"og:image\" content=\"http:\/\/www.pfadilandshut.ch\/wordpress\/wp-content\/uploads\/2017\/05\/IMG-20170510-WA0007-300x225.jpg\" \/>\n<meta name=\"author\" content=\"Leiter\" \/>\n<meta name=\"twitter:card\" content=\"summary_large_image\" \/>\n<meta name=\"twitter:label1\" content=\"Verfasst von\" \/>\n\t<meta name=\"twitter:data1\" content=\"Leiter\" \/>\n<script type=\"application\/ld+json\" class=\"yoast-schema-graph\">{\"@context\":\"https:\/\/schema.org\",\"@graph\":[{\"@type\":\"WebPage\",\"@id\":\"https:\/\/www.pfadilandshut.ch\/wordpress\/?p=916\",\"url\":\"https:\/\/www.pfadilandshut.ch\/wordpress\/?p=916\",\"name\":\"Abteilungstag - Pfadilandshut.ch\",\"isPartOf\":{\"@id\":\"https:\/\/www.pfadilandshut.ch\/wordpress\/#website\"},\"primaryImageOfPage\":{\"@id\":\"https:\/\/www.pfadilandshut.ch\/wordpress\/?p=916#primaryimage\"},\"image\":{\"@id\":\"https:\/\/www.pfadilandshut.ch\/wordpress\/?p=916#primaryimage\"},\"thumbnailUrl\":\"http:\/\/www.pfadilandshut.ch\/wordpress\/wp-content\/uploads\/2017\/05\/IMG-20170510-WA0007-300x225.jpg\",\"datePublished\":\"2017-05-10T20:07:41+00:00\",\"dateModified\":\"2017-05-10T20:08:55+00:00\",\"author\":{\"@id\":\"https:\/\/www.pfadilandshut.ch\/wordpress\/#\/schema\/person\/73a04e42fdd26bf56614c5e4a983e2e4\"},\"breadcrumb\":{\"@id\":\"https:\/\/www.pfadilandshut.ch\/wordpress\/?p=916#breadcrumb\"},\"inLanguage\":\"de\",\"potentialAction\":[{\"@type\":\"ReadAction\",\"target\":[\"https:\/\/www.pfadilandshut.ch\/wordpress\/?p=916\"]}]},{\"@type\":\"ImageObject\",\"inLanguage\":\"de\",\"@id\":\"https:\/\/www.pfadilandshut.ch\/wordpress\/?p=916#primaryimage\",\"url\":\"http:\/\/www.pfadilandshut.ch\/wordpress\/wp-content\/uploads\/2017\/05\/IMG-20170510-WA0007-300x225.jpg\",\"contentUrl\":\"http:\/\/www.pfadilandshut.ch\/wordpress\/wp-content\/uploads\/2017\/05\/IMG-20170510-WA0007-300x225.jpg\"},{\"@type\":\"BreadcrumbList\",\"@id\":\"https:\/\/www.pfadilandshut.ch\/wordpress\/?p=916#breadcrumb\",\"itemListElement\":[{\"@type\":\"ListItem\",\"position\":1,\"name\":\"Startseite\",\"item\":\"https:\/\/www.pfadilandshut.ch\/wordpress\/\"},{\"@type\":\"ListItem\",\"position\":2,\"name\":\"Abteilungstag\"}]},{\"@type\":\"WebSite\",\"@id\":\"https:\/\/www.pfadilandshut.ch\/wordpress\/#website\",\"url\":\"https:\/\/www.pfadilandshut.ch\/wordpress\/\",\"name\":\"Pfadilandshut.ch\",\"description\":\"Pfadi Abteilung aus B\u00e4tterkinden BE\",\"potentialAction\":[{\"@type\":\"SearchAction\",\"target\":{\"@type\":\"EntryPoint\",\"urlTemplate\":\"https:\/\/www.pfadilandshut.ch\/wordpress\/?s={search_term_string}\"},\"query-input\":\"required name=search_term_string\"}],\"inLanguage\":\"de\"},{\"@type\":\"Person\",\"@id\":\"https:\/\/www.pfadilandshut.ch\/wordpress\/#\/schema\/person\/73a04e42fdd26bf56614c5e4a983e2e4\",\"name\":\"Leiter\",\"image\":{\"@type\":\"ImageObject\",\"inLanguage\":\"de\",\"@id\":\"https:\/\/www.pfadilandshut.ch\/wordpress\/#\/schema\/person\/image\/\",\"url\":\"https:\/\/secure.gravatar.com\/avatar\/a499af3e0a67c3e44221bee8544bf8b0?s=96&d=mm&r=g\",\"contentUrl\":\"https:\/\/secure.gravatar.com\/avatar\/a499af3e0a67c3e44221bee8544bf8b0?s=96&d=mm&r=g\",\"caption\":\"Leiter\"},\"sameAs\":[\"http:\/\/www.pfadilandshut.ch\"],\"url\":\"https:\/\/www.pfadilandshut.ch\/wordpress\/?author=5\"}]}<\/script>\n<!-- \/ Yoast SEO plugin. -->","yoast_head_json":{"title":"Abteilungstag - Pfadilandshut.ch","robots":{"index":"index","follow":"follow","max-snippet":"max-snippet:-1","max-image-preview":"max-image-preview:large","max-video-preview":"max-video-preview:-1"},"canonical":"https:\/\/www.pfadilandshut.ch\/wordpress\/?p=916","og_locale":"de_DE","og_type":"article","og_title":"Abteilungstag - Pfadilandshut.ch","og_description":"Nach dem Pfaditag konnten wir am Abteilungstag viele neue Gesichter wiedersehen. Wie es Tradition ist am Abteilungstag, wechseln jeweils die \u00c4ltesten der jeweiligen Stufen in die n\u00e4chst \u00c4ltere.\u00a0 Und so viele Wechsel von Biber zu Wolf und Wolf zu Pfader hat es schon lange nicht mehr gegeben. Es war ein \u00fcberaus gelungener Abteilungstag konnten wir [&hellip;]","og_url":"https:\/\/www.pfadilandshut.ch\/wordpress\/?p=916","og_site_name":"Pfadilandshut.ch","article_published_time":"2017-05-10T20:07:41+00:00","article_modified_time":"2017-05-10T20:08:55+00:00","og_image":[{"url":"http:\/\/www.pfadilandshut.ch\/wordpress\/wp-content\/uploads\/2017\/05\/IMG-20170510-WA0007-300x225.jpg"}],"author":"Leiter","twitter_card":"summary_large_image","twitter_misc":{"Verfasst von":"Leiter"},"schema":{"@context":"https:\/\/schema.org","@graph":[{"@type":"WebPage","@id":"https:\/\/www.pfadilandshut.ch\/wordpress\/?p=916","url":"https:\/\/www.pfadilandshut.ch\/wordpress\/?p=916","name":"Abteilungstag - Pfadilandshut.ch","isPartOf":{"@id":"https:\/\/www.pfadilandshut.ch\/wordpress\/#website"},"primaryImageOfPage":{"@id":"https:\/\/www.pfadilandshut.ch\/wordpress\/?p=916#primaryimage"},"image":{"@id":"https:\/\/www.pfadilandshut.ch\/wordpress\/?p=916#primaryimage"},"thumbnailUrl":"http:\/\/www.pfadilandshut.ch\/wordpress\/wp-content\/uploads\/2017\/05\/IMG-20170510-WA0007-300x225.jpg","datePublished":"2017-05-10T20:07:41+00:00","dateModified":"2017-05-10T20:08:55+00:00","author":{"@id":"https:\/\/www.pfadilandshut.ch\/wordpress\/#\/schema\/person\/73a04e42fdd26bf56614c5e4a983e2e4"},"breadcrumb":{"@id":"https:\/\/www.pfadilandshut.ch\/wordpress\/?p=916#breadcrumb"},"inLanguage":"de","potentialAction":[{"@type":"ReadAction","target":["https:\/\/www.pfadilandshut.ch\/wordpress\/?p=916"]}]},{"@type":"ImageObject","inLanguage":"de","@id":"https:\/\/www.pfadilandshut.ch\/wordpress\/?p=916#primaryimage","url":"http:\/\/www.pfadilandshut.ch\/wordpress\/wp-content\/uploads\/2017\/05\/IMG-20170510-WA0007-300x225.jpg","contentUrl":"http:\/\/www.pfadilandshut.ch\/wordpress\/wp-content\/uploads\/2017\/05\/IMG-20170510-WA0007-300x225.jpg"},{"@type":"BreadcrumbList","@id":"https:\/\/www.pfadilandshut.ch\/wordpress\/?p=916#breadcrumb","itemListElement":[{"@type":"ListItem","position":1,"name":"Startseite","item":"https:\/\/www.pfadilandshut.ch\/wordpress\/"},{"@type":"ListItem","position":2,"name":"Abteilungstag"}]},{"@type":"WebSite","@id":"https:\/\/www.pfadilandshut.ch\/wordpress\/#website","url":"https:\/\/www.pfadilandshut.ch\/wordpress\/","name":"Pfadilandshut.ch","description":"Pfadi Abteilung aus B\u00e4tterkinden BE","potentialAction":[{"@type":"SearchAction","target":{"@type":"EntryPoint","urlTemplate":"https:\/\/www.pfadilandshut.ch\/wordpress\/?s={search_term_string}"},"query-input":"required name=search_term_string"}],"inLanguage":"de"},{"@type":"Person","@id":"https:\/\/www.pfadilandshut.ch\/wordpress\/#\/schema\/person\/73a04e42fdd26bf56614c5e4a983e2e4","name":"Leiter","image":{"@type":"ImageObject","inLanguage":"de","@id":"https:\/\/www.pfadilandshut.ch\/wordpress\/#\/schema\/person\/image\/","url":"https:\/\/secure.gravatar.com\/avatar\/a499af3e0a67c3e44221bee8544bf8b0?s=96&d=mm&r=g","contentUrl":"https:\/\/secure.gravatar.com\/avatar\/a499af3e0a67c3e44221bee8544bf8b0?s=96&d=mm&r=g","caption":"Leiter"},"sameAs":["http:\/\/www.pfadilandshut.ch"],"url":"https:\/\/www.pfadilandshut.ch\/wordpress\/?author=5"}]}},"_links":{"self":[{"href":"https:\/\/www.pfadilandshut.ch\/wordpress\/index.php?rest_route=\/wp\/v2\/posts\/916"}],"collection":[{"href":"https:\/\/www.pfadilandshut.ch\/wordpress\/index.php?rest_route=\/wp\/v2\/posts"}],"about":[{"href":"https:\/\/www.pfadilandshut.ch\/wordpress\/index.php?rest_route=\/wp\/v2\/types\/post"}],"author":[{"embeddable":true,"href":"https:\/\/www.pfadilandshut.ch\/wordpress\/index.php?rest_route=\/wp\/v2\/users\/5"}],"replies":[{"embeddable":true,"href":"https:\/\/www.pfadilandshut.ch\/wordpress\/index.php?rest_route=%2Fwp%2Fv2%2Fcomments&post=916"}],"version-history":[{"count":4,"href":"https:\/\/www.pfadilandshut.ch\/wordpress\/index.php?rest_route=\/wp\/v2\/posts\/916\/revisions"}],"predecessor-version":[{"id":923,"href":"https:\/\/www.pfadilandshut.ch\/wordpress\/index.php?rest_route=\/wp\/v2\/posts\/916\/revisions\/923"}],"wp:attachment":[{"href":"https:\/\/www.pfadilandshut.ch\/wordpress\/index.php?rest_route=%2Fwp%2Fv2%2Fmedia&parent=916"}],"wp:term":[{"taxonomy":"category","embeddable":true,"href":"https:\/\/www.pfadilandshut.ch\/wordpress\/index.php?rest_route=%2Fwp%2Fv2%2Fcategories&post=916"},{"taxonomy":"post_tag","embeddable":true,"href":"https:\/\/www.pfadilandshut.ch\/wordpress\/index.php?rest_route=%2Fwp%2Fv2%2Ftags&post=916"}],"curies":[{"name":"wp","href":"https:\/\/api.w.org\/{rel}","templated":true}]}}